{"id":9037,"date":"2009-02-17T18:37:00","date_gmt":"2009-02-17T18:37:00","guid":{"rendered":"http:\/\/www.lospoliticosveracruz.com.mx\/?p=9037"},"modified":"2014-10-08T19:27:53","modified_gmt":"2014-10-08T19:27:53","slug":"tribunal-superior-de-justicia-capacita-a-sus-jueces","status":"publish","type":"post","link":"https:\/\/lospoliticosveracruz.com.mx\/?p=9037","title":{"rendered":"Tribunal Superior de Justicia capacita a sus jueces"},"content":{"rendered":"<p><a href=\"http:\/\/www.lospoliticosveracruz.com.mx\/wp-content\/uploads\/2009\/02\/Pepe_Villegas_y_Lic._Ariel_A._Robinson_Manzanilla..jpg\"><img decoding=\"async\" style=\"display:block; margin:0px auto 10px; text-align:center;cursor:pointer; cursor:hand;width: 320px; height: 289px;\" src=\"http:\/\/www.lospoliticosveracruz.com.mx\/wp-content\/uploads\/2009\/02\/Pepe_Villegas_y_Lic._Ariel_A._Robinson_Manzanilla.-300x270.jpg\" border=\"0\" alt=\"\"id=\"BLOGGER_PHOTO_ID_5303838343529420898\" \/><\/a><\/p>\n<blockquote><p>* Enrique Mu\u00f1oz y su tropa vial\u2026<br \/>* \u201cEl gobierno federal, de la incapacidad a la insensibilidad\u201d: Carvallo<br \/>* \u201cNo existe da\u00f1o patrimonial en SECOM\u201d: Theurel<br \/>* DIF municipal de Xico entreg\u00f3 muletas<br \/>* M\u00e1s de 1 mill\u00f3n de pesos cobr\u00f3 Vicente Hern\u00e1ndez al IVEA.<\/p><\/blockquote>\n<p><strong>Jos\u00e9 Villegas L\u00f3pez<\/strong><br \/><em>Expresi\u00f3n Personal<\/em><\/p>\n<p>Siendo una prioridad para el Presidente del Tribunal Superior de Justicia en Veracruz, Reynaldo Madruga Picazzo la capacitaci\u00f3n y mejor preparaci\u00f3n para sus jueces en todo el estado de Veracruz, los ha enviado a tomar un curso a la ciudad de Jojutla, Morelos; lugar donde se concentrar\u00e1n para la capacitaci\u00f3n que redundar\u00e1 en beneficios en los veracruzanos as\u00ed como en la capacitaci\u00f3n y actualizaci\u00f3n de sus conocimientos profesionales.<br \/>En este tenor platicamos con el Presidente del Colegio de Jueces del Estado de Veracruz AC Ariel A. Robinson Manzanilla quien nos coment\u00f3 al respecto:<br \/>\u201cNo malentendamos que la circunstancia de que los cursos sean de 9 de la ma\u00f1ana a 6 de la tarde, es debido a lo extenso del tema que es de actualidad acorde a la Reforma del Art. 20 Constitucional para el establecimiento de los Juicios Orales del estado de Veracruz\u201d<br \/>Nos comenta el tambi\u00e9n Juez del Juzgado Primero de Primera Instancia con sede en Pacho Viejo, que el curso es otorgado con los gastos pagados y que el Lic. Reynaldo Madruga Picazzo dispuso de un autob\u00fas para el traslado de los 45 abogados que asistir\u00e1n al Curso denominado:\u201dSistema Acusatorio Rompiendo con el Paradigma de la Justicia Inquisitoria\u201d mismo que inici\u00f3 el domingo 15  y culmina el d\u00eda viernes 20 del presente mes.<br \/>Como dato anecdotario nos informa que en La Rep\u00fablica de Chile que tiene 17 millones de habitantes, cost\u00f3 establecer el Sistema de Juicios Orales la suma de 700 millones de d\u00f3lares y en M\u00e9xico con 100 millones de habitantes necesitar\u00eda la no despreciable suma de m\u00e1s de 4200 millones de d\u00f3lares.<br \/>Es por eso la preocupaci\u00f3n del titular del Tribunal Superior de Justicia de abastecer de capacitaci\u00f3n y actualizaci\u00f3n de conocimientos en la materia legal y principalmente en lo que se avecina de trabajo para los jueces, es una inversi\u00f3n que vale la pena y los participantes en los cursos deben de aprovechar la oportunidad, porque lo bien aprendido\u2026nunca se olvida.<\/p>\n<p><strong>ENRIQUE MU\u00d1OZ<\/strong><br \/>Encabeza Delegado de Tr\u00e1nsito apoyo en el traslado de la gente a sus centros de labores con motivo del Paro Nacional que hicieron transportistas del pasaje urbano y suburbano; de  nueva cuenta la solidaridad de los elementos de Tr\u00e1nsito del Estado de la Delegaci\u00f3n de Fort\u00edn de las Flores, dieron muestra de humanismo y cooperaron con el traslado de la gente que requiri\u00f3 de sus servicios, cumpliendo con la instrucci\u00f3n del Lic. Fidel Herrera Beltr\u00e1n de ayudar a quien tiene la necesidad de acudir a sus centros de trabajo.<br \/>El Delegado Enrique Mu\u00f1oz S\u00e1nchez, personalmente encabez\u00f3 la brigada que comenz\u00f3 desde temprana hora en el centro de la ciudad y viceversa, sin duda que los elementos viales son reconocidos por la ciudadan\u00eda, por su valor humanista y solidario, la gente con palabras de agradecimiento expresaron que \u201cDios se los pague, por su buena disposici\u00f3n en ayudar a los que no queremos faltar a nuestro trabajo, porque muchas de las veces los patrones no ven la situaci\u00f3n y nos descuentan el d\u00eda sin tener toda la culpa, Ahora Gracias a ellos (Los elementos de Tr\u00e1nsito) Podremos llegar sin dificultad\u201d dijo la se\u00f1ora Luisa M\u00e9ndez L\u00f3pez, obrera de conocida empresa.<\/p>\n<p><strong>CARVALLO DELF\u00cdN<\/strong><br \/>\u201cEl gobierno federal ha pasado de la incapacidad a la insensibilidad, a pesar del llamado desde el Congreso de la Uni\u00f3n para que volteara a ver a este sector, estamos en un d\u00eda hist\u00f3rico donde M\u00e9xico ser\u00e1 noticia en todo el mundo debido a este paro nacional\u201d, resalt\u00f3. Carvallo Delf\u00edn destac\u00f3 que el partido tricolor de Veracruz est\u00e1 con la gente y entiende su problem\u00e1tica, por lo que dio a conocer que alrededor de 350 taxistas priistas, cenopistas y emetistas, se solidarizaron de forma sensible con la poblaci\u00f3n en apoyo con su traslado; en  otro tema, critic\u00f3 que el PAN,  no conforme con la p\u00e9sima actuaci\u00f3n de su gobierno, en el que predomina la cerraz\u00f3n y el reactivismo pol\u00edtico, est\u00e9 solicitando un pr\u00e9stamo de 400 millones de pesos, \u201clo que es una completa burla para los mexicanos, hoy sin empleo, sin seguridad y sin transporte\u201d. Carvallo Delf\u00edn reiter\u00f3 que \u201cel PRI de Veracruz est\u00e1 haciendo lo suyo, seguiremos haciendo los se\u00f1alamientos, los exhortos, dialogando con los sectores para exigir a la Federaci\u00f3n soluciones emergentes\u201d.<\/p>\n<p><strong>\u201cNO EXISTE DA\u00d1O PATRIMONIAL\u201d: THEUREL<\/strong><br \/>Marcos C. Theurel  Cotero,  expres\u00f3 el d\u00eda de la sesi\u00f3n extraordinaria del Congreso del Estado donde se galardon\u00f3 al chileno Jos\u00e9 Lu\u00eds Inzulsa, Secretario General de la (OEA), y se distingui\u00f3 como invitado  de honor en el  estado de Veracruz. Ah\u00ed  el Secretario de Comunicaciones asegur\u00f3 que dentro de la (SECOM), no existen ning\u00fan da\u00f1o patrimonial, \u201cC\u00f3mo todos saben, los resultados que entreg\u00f3 recientemente el \u00d3rgano de Fiscalizaci\u00f3n Superior (ORFIS) a la Legislatura Loca, donde se\u00f1ala presunto da\u00f1o patrimonial no solo en la (SECOM),sino en la tambi\u00e9n en (SEDESMA) y algunas otras dependencias que est\u00e1n sometidas a la revisi\u00f3n de su cuenta publica del 2007, eso  no quiere decir que ya exista dicho da\u00f1o, se esta analizando,  existen algunos municipios donde hay el mismo se\u00f1alamiento y no por eso hay da\u00f1o al erario p\u00fablico\u201d, dijo entre otras cosas: \u201cyo les puedo asegurar que dentro de la (SECOM), no existe dicho da\u00f1o hemos revisado minuciosamente la cuenta publica y no se ha encontrado ninguna anomal\u00eda\u201d.<\/p>\n<p><strong>EL DIF MUNICIPAL DE XICO<\/strong><br \/>El pasado viernes 13 de febrero, la presidenta del DIF municipal de Xico, la maestra Sara Elena Ortiz de Soto, hizo entrega de un  par de muletas al se\u00f1or Melit\u00f3n Lozada Vald\u00e9s, quien tiene su domicilio en la calle 5 de mayo n\u00famero 109, quien en d\u00edas pasados sufri\u00f3 un accidente en su trabajo fractur\u00e1ndose ambos pies, por lo que esta persona no pod\u00eda caminar, y se val\u00eda \u00fanicamente por un  palo me madera que al usarlo le ocasionaba molestias y dolor, sin embargo con el apoyo que le brind\u00f3 el DIF municipal, don Melit\u00f3n podr\u00e1 andar con mucha m\u00e1s facilidad y sin lastimar aun m\u00e1s sus huesos. Tanto \u00e9l como su esposa agradecieron el apoyo que se les brind\u00f3 y la rapidez con que les resolvieron el problema. Por su parte la maestra Sara Elena mencion\u00f3 que ella, junto con su equipo continuara gestionando apoyos para que cuando alg\u00fan xique\u00f1o requiera de apoyo pueda brind\u00e1rsele con facilidad. <\/p>\n<p><strong>EL MILL\u00d3N DE VICENTE HERN\u00c1NDEZ<\/strong><br \/>S\u00ed, estimado lector nos informan que el conferencista preferido de \u00c1lvaro C\u00e1ndido Capetillo Hern\u00e1ndez, Director del Instituto Veracruzano de Educaci\u00f3n para los Adultos, ha cobrado aproximadamente por dictar sus Conferencias \u201cEmocionales\u201d la nada despreciable suma de m\u00e1s de Un Mill\u00f3n de Pesos; Esto sin contar con los gastos que ocupan en tambi\u00e9n pagar a otro genio de la \u201cLavada de cerebro\u201d a la gente que llevan a sus reuniones: Jorge Clavijo quien imparte sus pl\u00e1ticas referentes a la capacitaci\u00f3n laboral o trabajo de grupo, seguramente a todos los que han sido beneficiados con esas charlas ahora son unas eminencias en la ense\u00f1anza y la capacitaci\u00f3n adulta&#8230;Otra queja que nos hicieron llegar es que al titular del instituto le ha dado por realizar sus reuniones con los Coordinadores de Zona por cualquier motivo, a todos los hace trasladarse hasta el Hotel Louis  ubicado en la zona conurbada Veracruz-Boca del R\u00edo, lugar donde es su centro de operaciones, sin pensar en los riesgos que implica el camino desde la zona mas alejada del estado, como son las Choapas, Tuxpan, Coatzacoalcos y todas las dem\u00e1s Coordinaciones, por si eso fuera poco, \u00a1Sin vi\u00e1ticos y en pasajes! Ya que muchas de las veces los veh\u00edculos asignados se encuentran en deplorables condiciones, por la falta del recurso que es aplicado en otras cuestiones, menos en el mantenimiento vehicular, significando un riesgo en su seguridad laboral, decidiendo mejor ir al llamado de su Director en autob\u00fas, \u00bfY si mejor se traslada la Direcci\u00f3n General del IVEA al Puerto de Veracruz? Digo\u2026Los que viven all\u00e1 se lo agradecer\u00e1n se\u00f1or Gobernador.<br \/>Comentarios y sugerencias: expresionpersonal@hotmail.com<\/p>\n<p>Celular: 044228134140.<\/p>\n","protected":false},"excerpt":{"rendered":"<p>* Enrique Mu\u00f1oz y su tropa vial\u2026* \u201cEl gobierno federal, de la incapacidad a la insensibilidad\u201d: Carvallo* \u201cNo existe da\u00f1o patrimonial en SECOM\u201d: Theurel* DIF municipal de Xico entreg\u00f3 muletas* M\u00e1s de 1 mill\u00f3n de pesos cobr\u00f3 Vicente Hern\u00e1ndez al IVEA. Jos\u00e9 Villegas L\u00f3pezExpresi\u00f3n Personal Siendo una prioridad para el Presidente del Tribunal Superior de [&hellip;]<\/p>\n","protected":false},"author":1,"featured_media":0,"comment_status":"open","ping_status":"open","sticky":false,"template":"","format":"standard","meta":{"_jetpack_newsletter_access":"","_jetpack_dont_email_post_to_subs":false,"_jetpack_newsletter_tier_id":0,"_jetpack_memberships_contains_paywalled_content":false,"_jetpack_memberships_contains_paid_content":false,"footnotes":""},"categories":[1],"tags":[],"class_list":["post-9037","post","type-post","status-publish","format-standard","hentry","category-sin-categoria"],"jetpack_featured_media_url":"","jetpack_sharing_enabled":true,"jetpack_shortlink":"https:\/\/wp.me\/p4Qcd3-2lL","_links":{"self":[{"href":"https:\/\/lospoliticosveracruz.com.mx\/index.php?rest_route=\/wp\/v2\/posts\/9037","targetHints":{"allow":["GET"]}}],"collection":[{"href":"https:\/\/lospoliticosveracruz.com.mx\/index.php?rest_route=\/wp\/v2\/posts"}],"about":[{"href":"https:\/\/lospoliticosveracruz.com.mx\/index.php?rest_route=\/wp\/v2\/types\/post"}],"author":[{"embeddable":true,"href":"https:\/\/lospoliticosveracruz.com.mx\/index.php?rest_route=\/wp\/v2\/users\/1"}],"replies":[{"embeddable":true,"href":"https:\/\/lospoliticosveracruz.com.mx\/index.php?rest_route=%2Fwp%2Fv2%2Fcomments&post=9037"}],"version-history":[{"count":0,"href":"https:\/\/lospoliticosveracruz.com.mx\/index.php?rest_route=\/wp\/v2\/posts\/9037\/revisions"}],"wp:attachment":[{"href":"https:\/\/lospoliticosveracruz.com.mx\/index.php?rest_route=%2Fwp%2Fv2%2Fmedia&parent=9037"}],"wp:term":[{"taxonomy":"category","embeddable":true,"href":"https:\/\/lospoliticosveracruz.com.mx\/index.php?rest_route=%2Fwp%2Fv2%2Fcategories&post=9037"},{"taxonomy":"post_tag","embeddable":true,"href":"https:\/\/lospoliticosveracruz.com.mx\/index.php?rest_route=%2Fwp%2Fv2%2Ftags&post=9037"}],"curies":[{"name":"wp","href":"https:\/\/api.w.org\/{rel}","templated":true}]}}