{"id":9040,"date":"2009-02-16T19:24:00","date_gmt":"2009-02-16T19:24:00","guid":{"rendered":"http:\/\/www.lospoliticosveracruz.com.mx\/?p=9040"},"modified":"2014-10-08T19:27:53","modified_gmt":"2014-10-08T19:27:53","slug":"cordoba-crecera-en-la-crisis","status":"publish","type":"post","link":"https:\/\/lospoliticosveracruz.com.mx\/?p=9040","title":{"rendered":"C\u00f3rdoba crecer\u00e1 en la crisis"},"content":{"rendered":"<p><strong>Javier Duarte de Ochoa<\/strong><\/p>\n<p>Para enfrentar la actual crisis econ\u00f3mica es necesario generar una propuesta integral. <br \/>Ante el dif\u00edcil panorama que se nos presenta, no debemos ver la crisis con incredulidad sino con realismo, para entender todos los frentes y poder mitigar esta crisis desde todos los \u00e1ngulos. <br \/>En este sentido, para la campa\u00f1a por la diputaci\u00f3n por el Distrito XVI, hemos dise\u00f1ado una serie de propuestas que incluyen una visi\u00f3n global de las circunstancias para que \u00e9sta no se convierta en un riesgo a la estabilidad pol\u00edtica y social del pa\u00eds. <br \/>La propuesta que promuevo plantea estrategias que, por un lado, reactiven la econom\u00eda y e impulsen las cadenas productivas. <br \/>Por el otro, se contempla el establecimiento de pol\u00edticas sociales que ayuden a los sectores m\u00e1s marginados, con miras a que las ayudas gubernamentales funjan como medidas paliativas ante la crisis. <br \/>No s\u00f3lo se trata de dise\u00f1ar pol\u00edticas econ\u00f3micas. Debemos cuidar que el umbral de pobreza no se incremente y que las desigualdades sociales no se agudicen.<br \/>Durante estos \u00faltimos a\u00f1os, hemos recorrido el Estado para entender las necesidades m\u00e1s urgentes de los veracruzanos. <br \/>Recientemente, hemos empezado una larga ruta por el distrito de C\u00f3rdoba para recorrer casa por casa y escuchar de viva voz las demandas de la poblaci\u00f3n. <br \/>Nuestra intenci\u00f3n es llevar a la c\u00e1mara de diputados una propuesta integral que est\u00e9 compuesta por una verdadera sensibilidad social. <br \/>Queremos construir una plataforma pol\u00edtica que verdaderamente represente los intereses genuinos de la sociedad, donde todos los sectores tengan un espacio, y generemos propuestas que ayuden al conjunto de la poblaci\u00f3n con una s\u00f3lida visi\u00f3n de Estado. <br \/>En este tenor, nuestra propuesta incluye las siguientes l\u00edneas de acci\u00f3n.<br \/>La manera m\u00e1s efectiva para enfrentar la crisis es con la constante generaci\u00f3n y protecci\u00f3n de empleos. Este rubro es la columna vertebral de esta propuesta. Con ayudas gubernamentales se buscar\u00e1 ampliar las oportunidades de trabajo para todos. <br \/>En particular, queremos establecer que estas oportunidades sean las mismas para el conjunto de la sociedad para que tanto los j\u00f3venes como las mujeres puedan tener las mismas oportunidades de encontrar un trabajo.<br \/>El apoyo econ\u00f3mico del gobierno debe establecerse como el motor del crecimiento y de la reactivaci\u00f3n de la econom\u00eda. Por eso, impulsaremos desde la C\u00e1mara de Diputados pol\u00edticas que incrementen los niveles de inversi\u00f3n gubernamental con el fin de crear infraestructura productiva, ofrecer insumos y brindar apoyo a los emprendedores, en especial a las PYMES. <br \/>Al respecto, incluimos la propuesta de establecer un r\u00e9gimen temporal de excepci\u00f3n para agilizar el ejercicio presupuestal, facilitar la llegada de las inversiones estatales, y lograr que las ayudas lleguen a tiempo. <br \/>Se trata de agilizar y flexibilizar la compleja labor gubernamental. Sin embargo, esto no quiere decir que se descuidar\u00e1n la transparencia y rendici\u00f3n de cuentas. <br \/>En esta era de incertidumbre, tenemos que mantener reglas claras y con apego a las instituciones para brindar un escenario de estabilidad y certidumbre. <br \/>Asimismo, buscando la reactivaci\u00f3n de las cadenas productivas, es imperativo  atacar desde la ra\u00edz y brindar apoyos a aquellos productos que son indispensables para la operaci\u00f3n de la industria nacional. <br \/>As\u00ed, proponemos reducir los precios de la gasolina y de la luz. En especial, es necesario reducir el precio del diesel ya que este es un insumo fundamental en todas las etapas de la industria nacional. <br \/>Por dar un ejemplo, el diesel es una parte fundamental en actividades productivas indispensables para el desarrollo del pa\u00eds como la pesca y el transporte de productos, mercanc\u00edas y personas. <br \/>Para el caso espec\u00edfico de Veracruz, lucharemos para que la Federaci\u00f3n tenga un trato justo con nuestro Estado. <br \/>La entidad es uno de los principales productores de energ\u00e9ticos por lo que aportamos grandes recursos al pa\u00eds. Este esfuerzo no se ve recompensado y desde hace algunos a\u00f1os estamos pagando un precio excesivamente alto en el consumo de luz. <br \/>La tarifa de alto consumo, que padece el Estado de Veracruz, no est\u00e1 justificada en este periodo, por lo que es innecesaria y se deber\u00e1 corregir. <br \/>El conjunto de estas pol\u00edticas deben estar acompa\u00f1adas por una atenci\u00f3n integral al combate contra la pobreza. <br \/>La justicia social seguir\u00e1 rigiendo la esencia de nuestra plataforma por lo que se dise\u00f1aran pol\u00edticas sociales que brinden apoyos a los sectores m\u00e1s marginados y vulnerables. <br \/>En los \u00faltimos a\u00f1os hemos logrado un avance en materia de reducci\u00f3n de la pobreza, por lo que ser\u00eda catastr\u00f3fico retroceder en este rubro. <br \/>Haremos todo lo posible para evitar este escenario. As\u00ed, se dise\u00f1ar\u00e1n pol\u00edticas de ayuda gubernamental que se establezcan como un verdadero salvaguarda social.<br \/>Como candidato a diputado por el Partido Revolucionario Institucional, la sociedad puede estar segura de que tengo la experiencia, el conocimiento y el car\u00e1cter para producir con fuerza y energ\u00eda las pol\u00edticas necesarias que conduzcan a Veracruz y a M\u00e9xico por el camino seguro del crecimiento, la igualdad social y la estabilidad. <br \/>Este es el camino de la fidelidad.<\/p>\n<p>jduarte@duarte2009.com<\/p>\n","protected":false},"excerpt":{"rendered":"<p>Javier Duarte de Ochoa Para enfrentar la actual crisis econ\u00f3mica es necesario generar una propuesta integral. Ante el dif\u00edcil panorama que se nos presenta, no debemos ver la crisis con incredulidad sino con realismo, para entender todos los frentes y poder mitigar esta crisis desde todos los \u00e1ngulos. En este sentido, para la campa\u00f1a por [&hellip;]<\/p>\n","protected":false},"author":1,"featured_media":0,"comment_status":"open","ping_status":"open","sticky":false,"template":"","format":"standard","meta":{"_jetpack_newsletter_access":"","_jetpack_dont_email_post_to_subs":false,"_jetpack_newsletter_tier_id":0,"_jetpack_memberships_contains_paywalled_content":false,"_jetpack_memberships_contains_paid_content":false,"footnotes":""},"categories":[1],"tags":[],"class_list":["post-9040","post","type-post","status-publish","format-standard","hentry","category-sin-categoria"],"jetpack_featured_media_url":"","jetpack_sharing_enabled":true,"jetpack_shortlink":"https:\/\/wp.me\/p4Qcd3-2lO","_links":{"self":[{"href":"https:\/\/lospoliticosveracruz.com.mx\/index.php?rest_route=\/wp\/v2\/posts\/9040","targetHints":{"allow":["GET"]}}],"collection":[{"href":"https:\/\/lospoliticosveracruz.com.mx\/index.php?rest_route=\/wp\/v2\/posts"}],"about":[{"href":"https:\/\/lospoliticosveracruz.com.mx\/index.php?rest_route=\/wp\/v2\/types\/post"}],"author":[{"embeddable":true,"href":"https:\/\/lospoliticosveracruz.com.mx\/index.php?rest_route=\/wp\/v2\/users\/1"}],"replies":[{"embeddable":true,"href":"https:\/\/lospoliticosveracruz.com.mx\/index.php?rest_route=%2Fwp%2Fv2%2Fcomments&post=9040"}],"version-history":[{"count":0,"href":"https:\/\/lospoliticosveracruz.com.mx\/index.php?rest_route=\/wp\/v2\/posts\/9040\/revisions"}],"wp:attachment":[{"href":"https:\/\/lospoliticosveracruz.com.mx\/index.php?rest_route=%2Fwp%2Fv2%2Fmedia&parent=9040"}],"wp:term":[{"taxonomy":"category","embeddable":true,"href":"https:\/\/lospoliticosveracruz.com.mx\/index.php?rest_route=%2Fwp%2Fv2%2Fcategories&post=9040"},{"taxonomy":"post_tag","embeddable":true,"href":"https:\/\/lospoliticosveracruz.com.mx\/index.php?rest_route=%2Fwp%2Fv2%2Ftags&post=9040"}],"curies":[{"name":"wp","href":"https:\/\/api.w.org\/{rel}","templated":true}]}}