{"id":9041,"date":"2009-02-16T19:20:00","date_gmt":"2009-02-16T19:20:00","guid":{"rendered":"http:\/\/www.lospoliticosveracruz.com.mx\/?p=9041"},"modified":"2014-10-08T19:27:53","modified_gmt":"2014-10-08T19:27:53","slug":"sin-rival-al-frente","status":"publish","type":"post","link":"https:\/\/lospoliticosveracruz.com.mx\/?p=9041","title":{"rendered":"Sin rival al frente"},"content":{"rendered":"<p><strong>Jos\u00e9 Emilio Lobato Corrigeux<\/strong><br \/><em>Comentario Abierto<\/em><\/p>\n<p>El observar en los tiempos actuales como se lleva a cabo la competencia pol\u00edtica, nos remite a los tiempos originarios de nuestro sistema pol\u00edtico mexicano de donde emerge el sistema electoral; su an\u00e1lisis nos ense\u00f1a que en un principio se tuvo como idea principal que los distintos grupos herederos de la revoluci\u00f3n mexicana que luchaban por seguir siendo parte del poder canalizaran sus aspiraciones mediante la participaci\u00f3n institucional dentro de un partido pol\u00edtico.<br \/>Eran los tiempos en que el General Plutarco El\u00edas Calles al formar un partido pol\u00edtico desde el poder (el Partido Nacional Revolucionario), jam\u00e1s imagin\u00f3 su trascendencia ni que creaba en los inicios del siglo XX , un sistema pol\u00edtico en el que las transformaciones sociales de nuestro pa\u00eds se dar\u00edan dentro de un proceso pac\u00edfico e institucional.<br \/>Era necesario que todos los actores sociales formaran parte de la participaci\u00f3n en las decisiones del proyecto nacional y por eso se instituy\u00f3 dicha participaci\u00f3n a trav\u00e9s de una suerte de clasificaci\u00f3n donde se crearon los sectores popular, campesino, obrero y militar, \u00e9ste \u00faltimo fue disuelto y se propuso que los militares de la revoluci\u00f3n ventilaran sus aspiraciones pol\u00edticas en cualquiera de los otros sectores pues entr\u00e1bamos entonces en la era de los gobiernos civiles.<br \/>Conforme pas\u00f3 el tiempo se reconoci\u00f3 el derecho de las mujeres al voto (en tiempos del Presidente Ruiz Cort\u00ednez) y como resultado del movimiento estudiantil de 1968, el r\u00e9gimen revolucionario a trav\u00e9s de una reforma constitucional concedi\u00f3 la mayor\u00eda de edad a los j\u00f3venes que tuvieran 18 a\u00f1os, de tal forma que, mujeres y j\u00f3venes ten\u00edan el derecho a votar y a ser votados, eran los tiempos de Luis Echeverr\u00eda \u00c1lvarez.<br \/>Antes, se consideraron otros elementos que fueran perfeccionando nuestra vida democr\u00e1tica, el r\u00e9gimen de gobierno era pr\u00e1cticamente unitario, pues un solo partido pol\u00edtico manten\u00eda la hegemon\u00eda y cualquier voz disonante era pr\u00e1cticamente acallada, fue entonces que en tiempos del presidente Adolfo L\u00f3pez Mateos se abri\u00f3 la posibilidad legal de que todas aquellas voces y corrientes que pensaran diferente al gobierno, lo hicieran formando partidos pol\u00edticos que podr\u00edan ser representados en el Congreso Federal de acuerdo a su porcentaje de participaci\u00f3n en el recuento de las elecciones federales (inicialmente el 2.5% y posteriormente el 1.5%)<br \/>As\u00ed se mantuvo esta tendencia hasta que con la reforma pol\u00edtica del Presidente Jos\u00e9 L\u00f3pez Portillo en 1977, se modific\u00f3 la versi\u00f3n de diputados de partido y se cre\u00f3 la figura de diputados de mayor\u00eda relativa que son los diputados que obtienen una curul mediante el voto logrado en un distrito determinado y los de representaci\u00f3n proporcional, que son aquellos que se determinan del promedio de votos obtenidos en una regi\u00f3n compuesta por varios distritos electorales.<br \/>Esta modalidad se ampli\u00f3 al Senado de la Sep\u00fablica y tambi\u00e9n en los ayuntamientos de tal forma que en los municipios coexisten ediles de diferentes partidos pol\u00edticos que son los que deciden los asuntos municipales a trav\u00e9s de las sesiones de cabildo, lo que impide que los partidos mayoritarios decidan por s\u00ed solos y se cometan abusos de poder.<br \/>De tal forma que se observa que los avances electorales tienen como prop\u00f3sito fundamental al participaci\u00f3n de todos los ciudadanos y todos los componentes ideol\u00f3gicos que han permitido el tr\u00e1nsito del poder en un clima de paz social, sin embargo algo ha fallado y hoy que los partidos pol\u00edticos tienen como responsabilidad competir mediante la presentaci\u00f3n de una plataforma electoral b\u00e1sica que es la propuesta de gobierno que hacen a la naci\u00f3n, tambi\u00e9n se ha considerado que, para ser candidato de cualquier partido pol\u00edtico a cargos de elecci\u00f3n popular, se necesita que los aspirantes compitan en un proceso interno que legitime su candidatura.<br \/>\u00bfDe que han servido estos avances?, de poco,  lamentablemente observamos como los grupos representativos de las fuerzas pol\u00edticas que compiten en los procesos internos a trav\u00e9s de un aspirante adolecen de un discurso para el debate que brinde confiabilidad primero a sus militantes y simpatizantes y posteriormente en la candidatura, a los ciudadanos, pues hemos podido observar la forma en que quisieran no tener adversarios pol\u00edticos, en muchos de los casos le apuestan a su desaparici\u00f3n.<br \/>Se ven empobrecidos al se\u00f1alar en sus adversarios manejos program\u00e1ticos de recursos gubernamentales para lograr tendencias electorales favorables y por otro lado quienes utilizan los recursos p\u00fablicos para verse favorecidos tambi\u00e9n muestran su incapacidad para convencer con ideas, lo mas triste es que dentro de estas dos pr\u00e1cticas se vive la coyuntura de que grandes sectores sociales en medio de las carencias y la ignorancia, se ven en la triste condici\u00f3n de comprometer su futuro al otorgar el voto por recibir una despensa o el cheque de alg\u00fan programa de gobierno, a sabiendas que cada a\u00f1o electoral seguir\u00e1n recibiendo este beneficio.<br \/>Ah\u00ed est\u00e1n realmente los principales enemigos de M\u00e9xico, la pobreza, la ignorancia y la marginaci\u00f3n y sobre todo los incompetentes, los que quisieran aniquilara a su competidor pol\u00edtico porque no tienen o no saben qu\u00e9 ofrecer al electorado, m\u00e1s que la descalificaci\u00f3n, el escarnio, y el esc\u00e1ndalo, as\u00ed quieren ser representantes populares, sin rival al frente.<br \/>Usted tiene la mejor opini\u00f3n<\/p>\n<p><em>Lo-corrijihotmail.com<\/em><\/p>\n","protected":false},"excerpt":{"rendered":"<p>Jos\u00e9 Emilio Lobato CorrigeuxComentario Abierto El observar en los tiempos actuales como se lleva a cabo la competencia pol\u00edtica, nos remite a los tiempos originarios de nuestro sistema pol\u00edtico mexicano de donde emerge el sistema electoral; su an\u00e1lisis nos ense\u00f1a que en un principio se tuvo como idea principal que los distintos grupos herederos de [&hellip;]<\/p>\n","protected":false},"author":1,"featured_media":0,"comment_status":"open","ping_status":"open","sticky":false,"template":"","format":"standard","meta":{"_jetpack_newsletter_access":"","_jetpack_dont_email_post_to_subs":false,"_jetpack_newsletter_tier_id":0,"_jetpack_memberships_contains_paywalled_content":false,"_jetpack_memberships_contains_paid_content":false,"footnotes":""},"categories":[1],"tags":[],"class_list":["post-9041","post","type-post","status-publish","format-standard","hentry","category-sin-categoria"],"jetpack_featured_media_url":"","jetpack_sharing_enabled":true,"jetpack_shortlink":"https:\/\/wp.me\/p4Qcd3-2lP","_links":{"self":[{"href":"https:\/\/lospoliticosveracruz.com.mx\/index.php?rest_route=\/wp\/v2\/posts\/9041","targetHints":{"allow":["GET"]}}],"collection":[{"href":"https:\/\/lospoliticosveracruz.com.mx\/index.php?rest_route=\/wp\/v2\/posts"}],"about":[{"href":"https:\/\/lospoliticosveracruz.com.mx\/index.php?rest_route=\/wp\/v2\/types\/post"}],"author":[{"embeddable":true,"href":"https:\/\/lospoliticosveracruz.com.mx\/index.php?rest_route=\/wp\/v2\/users\/1"}],"replies":[{"embeddable":true,"href":"https:\/\/lospoliticosveracruz.com.mx\/index.php?rest_route=%2Fwp%2Fv2%2Fcomments&post=9041"}],"version-history":[{"count":0,"href":"https:\/\/lospoliticosveracruz.com.mx\/index.php?rest_route=\/wp\/v2\/posts\/9041\/revisions"}],"wp:attachment":[{"href":"https:\/\/lospoliticosveracruz.com.mx\/index.php?rest_route=%2Fwp%2Fv2%2Fmedia&parent=9041"}],"wp:term":[{"taxonomy":"category","embeddable":true,"href":"https:\/\/lospoliticosveracruz.com.mx\/index.php?rest_route=%2Fwp%2Fv2%2Fcategories&post=9041"},{"taxonomy":"post_tag","embeddable":true,"href":"https:\/\/lospoliticosveracruz.com.mx\/index.php?rest_route=%2Fwp%2Fv2%2Ftags&post=9041"}],"curies":[{"name":"wp","href":"https:\/\/api.w.org\/{rel}","templated":true}]}}