{"id":9042,"date":"2009-02-16T19:19:00","date_gmt":"2009-02-16T19:19:00","guid":{"rendered":"http:\/\/www.lospoliticosveracruz.com.mx\/?p=9042"},"modified":"2014-10-08T19:27:53","modified_gmt":"2014-10-08T19:27:53","slug":"los-que-traicionaron-al-prd-veracruz-cesar-ulises-garcia-vazquez-y-rogelio-franco-castan","status":"publish","type":"post","link":"https:\/\/lospoliticosveracruz.com.mx\/?p=9042","title":{"rendered":"Los que traicionaron al PRD Veracruz: Cesar Ulises Garc\u00eda V\u00e1zquez y Rogelio Franco Cast\u00e1n"},"content":{"rendered":"<p><strong>Ra\u00fal Abraham L\u00f3pez Mart\u00ednez *<\/strong><br \/><em>Coyuntura Pol\u00edtica XXI<\/em><\/p>\n<p>Con l\u00e1grimas en los ojos, C\u00e9sar Ulises Garc\u00eda V\u00e1zquez presidente espurio del PRD en Veracruz y su respectivo secretario general, Juan Carlos Krausse, recibieron la noticia de que el Tribunal Electoral del Poder Judicial de la Federaci\u00f3n (TRIFE) resolvi\u00f3 anular la cochina elecci\u00f3n que los llevo a detentar el control del PRD por unos cuantos meses.<br \/>\u00a1L\u00e1stima Margarito! Esta vez les toco perder en un \u00f3rgano de impartici\u00f3n de justicia electoral, en la que las redes de corrupci\u00f3n, de C\u00e9sar Garc\u00eda V\u00e1zquez y Rogelio Franco Cast\u00e1n no lograron hacer de las suyas. <br \/>De nada les sirvi\u00f3 a Garc\u00eda V\u00e1zquez y a Franco Cast\u00e1n, su operativo digno de delincuentes electorales, relleno de urnas, robo de papeler\u00eda, uso de violencia f\u00edsica y psicol\u00f3gica, manejo faccioso de los \u00f3rganos internos del PRD y el saqueo econ\u00f3mico del partido, para intentar imponer de presidente estatal a C\u00e9sar Ulises Garc\u00eda V\u00e1zquez.<br \/>Ahora, por una resoluci\u00f3n jur\u00eddica-electoral, el PRD est\u00e1 obligado a realizar una elecci\u00f3n extraordinaria para elegir a sus respectivo Presidente y Secretario General en la entidad.<br \/>Situaci\u00f3n que abre un nuevo escenario para el PRD veracruzano en los que destacan los siguientes rasgos. <br \/>En primer t\u00e9rmino, esta resoluci\u00f3n asesta un duro golpe a los que han traicionado el origen y los principios del PRD, afectando directamente a la red de corrupci\u00f3n pol\u00edtica que han logrado consolidar al interior del PRD la dupla C\u00e9sar Ulises Garc\u00eda V\u00e1zquez y Rogelio Franco Cast\u00e1n. Esta compleja red de corrupci\u00f3n, lejos de lograr sus prop\u00f3sitos de apoderarse del control del Sol Azteca a como de lugar, ahora tienen que abandonar las oficinas del PRD estatal baja la mira cr\u00edtica de la opini\u00f3n p\u00fablica.<br \/>En segundo lugar, la obligada elecci\u00f3n extraordinaria, representa una interesante posibilidad de recomponer al PRD veracruzano. De contar con una elecci\u00f3n interna que permita procesar la voluntad democr\u00e1tica de sus afiliados y por ende proyectar un PRD leg\u00edtimamente constituido para encabezar un proyecto democr\u00e1tico de sociedad.<br \/>Sin embargo, esto s\u00f3lo se va a poder lograr en la medida que se constituya un amplio bloque pol\u00edtico, que agrupe a los aspirantes a dirigir el Sol Azteca que han coincidido en torno a los se\u00f1alamientos de corrupci\u00f3n en contra de C\u00e9sar Ulises Garc\u00eda V\u00e1zquez. Esta m\u00e1s que demostrado, que la divisi\u00f3n de las fuerzas internas democr\u00e1ticas se convierte en terreno f\u00e9rtil para el accionar de pr\u00e1cticas pol\u00edticas corruptas. <br \/>En este aspecto, Uriel Flores Aguayo, ha hecho la propuesta de hacer un \u201cPacto de Unidad\u201d,  que de pauta para reposicionar al Sol Azteca en Veracruz.<br \/>En tercer lugar, me parece que no hay que conformarse solamente con el resolutivo del TRIFE, hay que pedir igualmente el castigo a los delincuentes electorales, quienes encabezados por Garc\u00eda V\u00e1zquez y Franco Cast\u00e1n, han sumido en esta crisis pol\u00edtica al PRD. Estos son los verdaderos traidores del PRD, un carnicero que proviene de Coatzintla, y un exporro vinculado con grupos juveniles del PRI de la Facultad de Derecho de la UV, que en 1998 ingreso al PRD haciendo carrera pol\u00edtica siempre actuando de secretario particular de un distinguido dirigente del Sol Azteca.<br \/>Finalmente, se ratifica la cualidad din\u00e1mica que conforma el \u00e1mbito de la pol\u00edtica, de un momento a otro las situaciones de poder pueden variar por completo. Hace unos meses C\u00e9sar Ulises Garc\u00eda V\u00e1zquez se pon\u00eda tremendas borracheras  para festejar que se \u201cching\u00f3 a todos\u201d, ahora con las l\u00e1grimas encima, tiene que dejar las oficinas que de manera arbitraria llego a ocupar. <\/p>\n<p>Director de la revista digital Voz Universitaria www.vozuniversitaria.org.mx<\/p>\n<p>raul@vozuniversitaria.org.mx<\/p>\n","protected":false},"excerpt":{"rendered":"<p>Ra\u00fal Abraham L\u00f3pez Mart\u00ednez *Coyuntura Pol\u00edtica XXI Con l\u00e1grimas en los ojos, C\u00e9sar Ulises Garc\u00eda V\u00e1zquez presidente espurio del PRD en Veracruz y su respectivo secretario general, Juan Carlos Krausse, recibieron la noticia de que el Tribunal Electoral del Poder Judicial de la Federaci\u00f3n (TRIFE) resolvi\u00f3 anular la cochina elecci\u00f3n que los llevo a detentar [&hellip;]<\/p>\n","protected":false},"author":1,"featured_media":0,"comment_status":"open","ping_status":"open","sticky":false,"template":"","format":"standard","meta":{"_jetpack_newsletter_access":"","_jetpack_dont_email_post_to_subs":false,"_jetpack_newsletter_tier_id":0,"_jetpack_memberships_contains_paywalled_content":false,"_jetpack_memberships_contains_paid_content":false,"footnotes":""},"categories":[1],"tags":[],"class_list":["post-9042","post","type-post","status-publish","format-standard","hentry","category-sin-categoria"],"jetpack_featured_media_url":"","jetpack_sharing_enabled":true,"jetpack_shortlink":"https:\/\/wp.me\/p4Qcd3-2lQ","_links":{"self":[{"href":"https:\/\/lospoliticosveracruz.com.mx\/index.php?rest_route=\/wp\/v2\/posts\/9042","targetHints":{"allow":["GET"]}}],"collection":[{"href":"https:\/\/lospoliticosveracruz.com.mx\/index.php?rest_route=\/wp\/v2\/posts"}],"about":[{"href":"https:\/\/lospoliticosveracruz.com.mx\/index.php?rest_route=\/wp\/v2\/types\/post"}],"author":[{"embeddable":true,"href":"https:\/\/lospoliticosveracruz.com.mx\/index.php?rest_route=\/wp\/v2\/users\/1"}],"replies":[{"embeddable":true,"href":"https:\/\/lospoliticosveracruz.com.mx\/index.php?rest_route=%2Fwp%2Fv2%2Fcomments&post=9042"}],"version-history":[{"count":0,"href":"https:\/\/lospoliticosveracruz.com.mx\/index.php?rest_route=\/wp\/v2\/posts\/9042\/revisions"}],"wp:attachment":[{"href":"https:\/\/lospoliticosveracruz.com.mx\/index.php?rest_route=%2Fwp%2Fv2%2Fmedia&parent=9042"}],"wp:term":[{"taxonomy":"category","embeddable":true,"href":"https:\/\/lospoliticosveracruz.com.mx\/index.php?rest_route=%2Fwp%2Fv2%2Fcategories&post=9042"},{"taxonomy":"post_tag","embeddable":true,"href":"https:\/\/lospoliticosveracruz.com.mx\/index.php?rest_route=%2Fwp%2Fv2%2Ftags&post=9042"}],"curies":[{"name":"wp","href":"https:\/\/api.w.org\/{rel}","templated":true}]}}