{"id":9043,"date":"2009-02-16T01:47:00","date_gmt":"2009-02-16T01:47:00","guid":{"rendered":"http:\/\/www.lospoliticosveracruz.com.mx\/?p=9043"},"modified":"2014-10-08T19:27:53","modified_gmt":"2014-10-08T19:27:53","slug":"el-paro-aplicarle-la-de-jalisco","status":"publish","type":"post","link":"https:\/\/lospoliticosveracruz.com.mx\/?p=9043","title":{"rendered":"El Paro: \u00a1Aplicarle la de Jalisco!"},"content":{"rendered":"<p><strong>Salvador Mu\u00f1oz<\/strong><br \/><em>Los Pol\u00edticos<\/em><\/p>\n<p>Un d\u00eda de caos. Y uno se pregunta: \u00bfEl usuario qu\u00e9 culpa tiene?<br \/>El paro nacional de transporte urbano afecta a casi cuatro millones de veracruzanos, si no es que a m\u00e1s.<br \/>Vi\u00e9ndolo desde el lado econ\u00f3mico, uno entiende el reclamo de los transportistas: \u00a1Est\u00e1 caro el diesel!<br \/>Vi\u00e9ndolo desde el lado pol\u00edtico, es un asunto totalmente federal y entonces se lava, hasta cierto punto, el gobierno del estado las manos porque la anterior ocasi\u00f3n a los usuarios del servicio urbano les hizo \u201cel paro\u201d (como dicen los chavos) prestando patrullas para transporte.<br \/>Sin embargo, a m\u00ed me hace bulla una palabra: \u201cServicio\u201d.<br \/>En un asunto de f\u00edsica-pol\u00edtica elemental, cuando a un sujeto se le da la concesi\u00f3n para dar servicio como transporte urbano, en consecuencia \u00e9ste tiene que prestar el servicio.<br \/>Desconozco, hablo con puros \u201csupositorios\u201d, si al darle la concesi\u00f3n, establezca que pueden hacer un paro de la prestaci\u00f3n del servicio porque consideren que el precio del diesel est\u00e9 a su juicio muy caro.<br \/>Bajo esta falacia que utilizan los transportistas, no extra\u00f1e entonces, que en breve alguien diga:<br \/>* \u201cVoy a dejar de pagar agua, porque cada vez me llega m\u00e1s caro el recibo\u201d<br \/>* \u201cVoy a dejar de pagar la luz, porque cada mes me sube\u201d\u2026<br \/>* \u201cVoy a dejar de pagar tel\u00e9fono porque el recibo lleg\u00f3 muy alto\u201d.<br \/>* \u201cNo voy a comprar comida, porque est\u00e1 muy cara\u201d.<br \/>\u00bfSuena est\u00fapido? \u00a1Claro! Por dos sencillas razones.<br \/>Si dejamos de pagar los tres primeros puntos es posible que nuestro municipio nos exija (lamentablemente no nos lo puede cortar, digo, el servicio del agua) el pago por el servicio junto con recargos y multas. La CFE no se anda con rodeos al igual que Telmex. No pagas, \u00a1te cortan el servicio!<br \/>Y la segunda, no dejamos de comer porque los comestibles est\u00e9n cada d\u00eda m\u00e1s caros.<br \/>Entonces, \u00bfqu\u00e9 poder tienen los transportistas del Servicio Urbano para que por sus cojones dejen de prestar el servicio el cual el Gobierno estatal concede?<br \/>\u00bfExigen pero qu\u00e9 nos dan?<br \/>Primero: una gran contaminaci\u00f3n ambiental y auditiva. Dir\u00e1 misa Tr\u00e1nsito y Sedesma, pero pareciera que la revisi\u00f3n vehicular nunca la hacen y si no, c\u00f3mo se explica uno las nubes de humo que en cada arranc\u00f3n nos ofrecen los camioneros.<br \/>\u00bfY qu\u00e9 me dice de la chunchaca que se revientan los choferes a todo volumen? Y para que vaya contento el pasajero, instalan enormes bocinas a lo largo del cami\u00f3n.<br \/>Segundo: nos dan la oportunidad de pensar \u00bfqu\u00e9 tan bueno ser\u00eda contratar un Seguro de Vida si todos los d\u00edas tomo cami\u00f3n? En serio que es una aventura diaria subir a un \u201curbano\u201d esperando a ver a qu\u00e9 hora demonios chocamos.<br \/>Tercero: \u00bfCu\u00e1ntos accidentes (alcances, choques, lesionados, muertos) origina al a\u00f1o, por semestre, por mes y d\u00eda el famoso Servicio Urbano? Orden de trabajo para reporteros del Puerto, Xalapa y Poza Rica.<br \/>Quien se ha visto involucrado en un percance automovil\u00edstico con un chofer de este \u201cservicio\u201d sabe de las fatalidades que conlleva cruzarse en su camino: Nunca aceptan su culpa, llaman al abogado de la cooperativa, los representantes legales de autobuses tardan horas en llegar al punto a lo mejor para desesperar al afectado; obstruyen la liberaci\u00f3n de los recursos para pagar los da\u00f1os o de plano, la negativa a pagarlos \u201cy h\u00e1ganle como quiera\u201d, eso, si tienen suerte, si no la tiene como yo, simplemente se \u201cpelan\u201d y te dejan tirado. Si no me creen, pregunten a las Aseguradoras cu\u00e1ntos problemas se tienen con el Servicio Urbano.<br \/>Cuarto: La manera en que son capaces de retar al volumen y al espacio. Meten en un cami\u00f3n con una capacidad para sesenta personas sentadas \u00a1j\u00farelo que a cien! Humores  y olores hacen in\u00fatil que uno se eche colonia o perfume.<br \/>Y Quinta: Al menos en Xalapa, cada dos cuadras \u00a1hay paradas! Se paran a cada rato un sinn\u00famero de rutas en un parada de cami\u00f3n. Los que somos d\u00e9biles visuales sufrimos porque adem\u00e1s de que traen letreros peque\u00f1os se pueden pasar de largo al no haber lugar donde estacionarse\u2026 he contado en una parada \u00a1hasta cinco camiones!<br \/>Un par\u00e9ntesis:<br \/>(Hace unos d\u00edas escuch\u00e9 a unos taxistas disfrutando las ganancias que van a tener este lunes con el paro: \u201cEntre seis y diez pesos por persona y si es posible, meter seis \u00a1Tr\u00e1nsito no te va a decir nada!\u201d \u00a1Qu\u00e9 poca madre!<br \/>El PAN de Xalapa comenta que dar\u00e1 servicio gratis, sin politizar. Dice Juan Hern\u00e1ndez Santes, presidente del CDM que en apoyo a los ciudadanos que se ver\u00e1n afectados en la ciudad capital por  el paro nacional de transportistas, \u201cnos solidarizamos con los xalape\u00f1os y desde temprana hora del lunes habr\u00e1n unidades con la leyenda de SERVICIO GRATIS en color azul, con la intenci\u00f3n de ayudar\u201d.<br \/>Las rutas ser\u00e1n con un punto referente: el centro, y son las siguientes: Colonia Olmeca, Colonia Xolostla, Xalapa 2000, 20 de Noviembre, Tronconal, Colonia Ebano, Colonia Revoluci\u00f3n.<br \/>\u00a1Gracias, Juan!<br \/>Y ahora, a alguien se le ocurre una credencial de estudiante universal: \u00a1Qu\u00e9 estupidez! Tan sencillo que es identificar a un estudiante: Trae uniforme, \u00fatiles escolares; si es var\u00f3n, apesta a madres, trae barros y espinillas en la cara y de seguro aud\u00edfonos. Si es ni\u00f1a, puede que venga con dos o tres ni\u00f1as, habla hasta por los codos y trae una bolsita rid\u00edcula donde trae cigarros, cosm\u00e9ticos y cosas propias de su edad \u00a1ah! Y si viene sola, \u00a1aud\u00edfonos!<br \/>De verdad, se\u00f1ores, 20 pesos para una credencial parecen nada pero a muchos de nuestros veracruzanos les cuesta un huevo esos 20 pesos)<br \/>Propongo cinco cosas para evitar estos pinches paros que nos rompen la madre a los usuarios del transporte:<br \/>1) Ret\u00edrenle la concesi\u00f3n a quien no d\u00e9 el Servicio.<br \/>2) Que se exija un ISO-9000 para cada Cooperativa u organizaci\u00f3n de Servicio Urbano y si al a\u00f1o no se cumple, quitarle la concesi\u00f3n.<br \/>3) Que alguien de Tr\u00e1nsito o Sedesma detenga las unidades de humo que circulan por la ciudad.<br \/>4) Que se revise los permisos de los conductores de manera diaria\u2026 \u00bfo c\u00f3mo es posible que sean j\u00f3venes entre 17 y 23 a\u00f1os los que han cortado la vida de transe\u00fantes? \u00bfQui\u00e9n les dio la licencia?<br \/>5) Aplicarles la de Jalisco a los Transportistas.<br \/>\u00bfNo sabe cu\u00e1l es la de Jalisco? Le cuento: El gobernador intent\u00f3 hacer un reemplacamiento y los ciudadanos, en un grito un\u00e1nime, manifestaron su rechazo con un simple: \u201cNo al reemplacamiento. Que lo pague su puta madre\u201d<br \/>Aqu\u00ed pudiera ser: \u201cNo al Paro. El diesel que lo pague su puta madre\u201d.<br \/>\u00a1He dicho!<br \/>Mientras, \u00a1a caminar al trabajo! Hijos de su\u2026  <\/p>\n<p>e-mail: dor00@hotmail.com<\/p>\n","protected":false},"excerpt":{"rendered":"<p>Salvador Mu\u00f1ozLos Pol\u00edticos Un d\u00eda de caos. Y uno se pregunta: \u00bfEl usuario qu\u00e9 culpa tiene?El paro nacional de transporte urbano afecta a casi cuatro millones de veracruzanos, si no es que a m\u00e1s.Vi\u00e9ndolo desde el lado econ\u00f3mico, uno entiende el reclamo de los transportistas: \u00a1Est\u00e1 caro el diesel!Vi\u00e9ndolo desde el lado pol\u00edtico, es un [&hellip;]<\/p>\n","protected":false},"author":1,"featured_media":0,"comment_status":"open","ping_status":"open","sticky":false,"template":"","format":"standard","meta":{"_jetpack_newsletter_access":"","_jetpack_dont_email_post_to_subs":false,"_jetpack_newsletter_tier_id":0,"_jetpack_memberships_contains_paywalled_content":false,"_jetpack_memberships_contains_paid_content":false,"footnotes":""},"categories":[1],"tags":[],"class_list":["post-9043","post","type-post","status-publish","format-standard","hentry","category-sin-categoria"],"jetpack_featured_media_url":"","jetpack_sharing_enabled":true,"jetpack_shortlink":"https:\/\/wp.me\/p4Qcd3-2lR","_links":{"self":[{"href":"https:\/\/lospoliticosveracruz.com.mx\/index.php?rest_route=\/wp\/v2\/posts\/9043","targetHints":{"allow":["GET"]}}],"collection":[{"href":"https:\/\/lospoliticosveracruz.com.mx\/index.php?rest_route=\/wp\/v2\/posts"}],"about":[{"href":"https:\/\/lospoliticosveracruz.com.mx\/index.php?rest_route=\/wp\/v2\/types\/post"}],"author":[{"embeddable":true,"href":"https:\/\/lospoliticosveracruz.com.mx\/index.php?rest_route=\/wp\/v2\/users\/1"}],"replies":[{"embeddable":true,"href":"https:\/\/lospoliticosveracruz.com.mx\/index.php?rest_route=%2Fwp%2Fv2%2Fcomments&post=9043"}],"version-history":[{"count":0,"href":"https:\/\/lospoliticosveracruz.com.mx\/index.php?rest_route=\/wp\/v2\/posts\/9043\/revisions"}],"wp:attachment":[{"href":"https:\/\/lospoliticosveracruz.com.mx\/index.php?rest_route=%2Fwp%2Fv2%2Fmedia&parent=9043"}],"wp:term":[{"taxonomy":"category","embeddable":true,"href":"https:\/\/lospoliticosveracruz.com.mx\/index.php?rest_route=%2Fwp%2Fv2%2Fcategories&post=9043"},{"taxonomy":"post_tag","embeddable":true,"href":"https:\/\/lospoliticosveracruz.com.mx\/index.php?rest_route=%2Fwp%2Fv2%2Ftags&post=9043"}],"curies":[{"name":"wp","href":"https:\/\/api.w.org\/{rel}","templated":true}]}}