{"id":9044,"date":"2009-02-14T01:04:00","date_gmt":"2009-02-14T01:04:00","guid":{"rendered":"http:\/\/www.lospoliticosveracruz.com.mx\/?p=9044"},"modified":"2014-10-08T19:27:53","modified_gmt":"2014-10-08T19:27:53","slug":"hagamos-un-acto-de-amor","status":"publish","type":"post","link":"https:\/\/lospoliticosveracruz.com.mx\/?p=9044","title":{"rendered":"\u00a1Hagamos un acto de amor!"},"content":{"rendered":"<p><strong>Salvador Mu\u00f1oz<\/strong><br \/><em>Los Pol\u00edticos<\/em><\/p>\n<p>Al principio, esta columna se llam\u00f3 \u201c\u00bfC\u00f3mo festejan el amor los pol\u00edticos?\u201d pero decid\u00ed de \u00faltima hora cambiarla, en espera de un milagro de amor\u2026 cheque:<\/p>\n<p>\u00bfCu\u00e1ntas cosas no se han escrito sobre el amor?<br \/>Tratados, teor\u00edas, canciones, poemas, cartas\u2026<br \/>Ahora, \u00bfcu\u00e1ntas cosas no se hacen por amor?<br \/>Pues van desde las m\u00e1s cursis hasta las m\u00e1s locas.<br \/>La \u00faltima locura que he hecho por amor sin lugar a dudas es pedirle matrimonio a la mujer m\u00e1s bella del mundo, equivocarme de dedo al ponerle el anillo pero lo peor, que ella adivinara la sorpresa que le ten\u00eda\u2026 \u00a1soy muy obvio!<br \/>\u00bfQui\u00e9n no ha llorado por amor? \u00bfQui\u00e9n no ha rabiado? \u00bfInsultado? \u00bfDeprimido? \u00bfTomado? \u00bfcantado? \u00bfllevado serenata? \u00bfCu\u00e1ntos no han querido morir y cu\u00e1ntos han muerto por amor?<br \/>Son cantidad de cosas que uno hace por amor\u2026<br \/>\u00a1Y hay de amores a amores!<br \/>* \u00bfQui\u00e9n no sabe de los amores inseparables? S\u00ed, de esas parejas que cuando se pelean es necesario m\u00e1s de cuatro personas para separarlos\u2026<br \/>* Ahora que si tiene problemas para expresarse, aprenda a decir palabras con amor:<br \/>AMOR-tiguador.<br \/>AMOR-tajar.<br \/>AMOR-didas.<br \/>AMOR-ir.<br \/>* Recuerde: El amor es como un pinche resfriado; lo puede pescar en la calle, en la oficina, en el restaurante, en cualquier lado \u00a1pero lo cura en la cama!<br \/>* Algunas frases famosas:<br \/>-El amor es ciego: Steve Wonder o Jos\u00e9 Feliciano.<br \/>-No desayuno por ti, no como por ti, no ceno por ti\u2026 Anah\u00ed, la ex RBD\u2026<br \/>&#8211; Lo bueno de los a\u00f1os es que curan heridas, lo malo de los besos es que crean adicci\u00f3n: Arredondo o Joaqu\u00edn Sabina\u2026 no recuerdo.<br \/>-S\u00f3lo los ojos conservan su juventud: Ra\u00fal Pazzi Sequera.<br \/>&#8211; Quisiera ser mariposa con alitas de algod\u00f3n, para entrar en tu pecho y robarte el coraz\u00f3n: Nemesio Dom\u00ednguez.<\/p>\n<p>Muy aparte del amor entre pareja que se celebra este d\u00eda, est\u00e1 el amor paterno, al gu\u00eda espiritual y pol\u00edtico como puede ser Fidel Herrera para unos, o Yayo Guti\u00e9rrez para m\u00ed.<br \/>Tambi\u00e9n est\u00e1 el amor por la camiseta\u2026 Ah\u00ed veo a j\u00f3venes como Manolo del Castillo y Vicente Ben\u00edtez, leales al amigo Javier Duarte de Ochoa.<br \/>Por cierto, puedo decir que tengo la fortuna de conocer, no al precandidato ni al ex titular de Finanzas, sino a un joven muy especial, lleno de alegr\u00eda y buen humor que se nota a leguas que vive al m\u00e1ximo cada d\u00eda\u2026 en fin\u2026 digo, es el d\u00eda de la Amistad tambi\u00e9n.<br \/>* Por cierto, Javier Duarte de Ochoa tendr\u00e1 mucha actividad este 14 de febrero en dos festivales sobre el d\u00eda del amor acompa\u00f1ado de la se\u00f1ora Karime Mac\u00edas\u2026 eso s\u00ed, asegura que estar\u00e1n como \u201cchanchamitos\u201d (\u00bfhabr\u00e9 escuchado bien? \u00bfse escribir\u00e1 as\u00ed?), que son unos dulces como palanquetas que \u00a1c\u00f3mo lidiaba para separarlos!, nos confiesa el buen Javier\u2026 un pol\u00edtico enamorado de su precampa\u00f1a, de su esposa, de la vida y de sus hijos.<br \/>Hay que comentar que sus actividades las tendr\u00e1 por la tarde y noche en C\u00f3rdoba y Fort\u00edn aunque har\u00e1 recorridos por varios lugares en la ma\u00f1ana\u2026 \u00a1s\u00ed! Con su esposa.<br \/>* Por cierto, ya que menciono la hermosa regi\u00f3n de C\u00f3rdoba, alguien que anda trabajando por all\u00e1 es el famoso amigo Rafael Ochoa Mart\u00ednez, para los cuates: \u00a1El loco Ochoa!<br \/>Es delegado especial en los distritos de Orizaba y C\u00f3rdoba.<br \/>Este s\u00e1bado, el Loco se dar\u00e1 un rato libre para organizar una cena jarocha con un grupo de amigos para festejar el d\u00eda del amor \u00a1claro! En compa\u00f1\u00eda de su querida esposa, do\u00f1a Mirna Reyes\u2026 promete el Loco que ser\u00e1 una cena con desmadre jarocho\u2026 \u00a1no creo que pueda!<br \/>Insisto: Tambi\u00e9n se festeja la amistad\u2026<br \/>* Ac\u00e1 entre nos, espero que la se\u00f1ora Tony no lea esto temprano, pero otro amigo, Mario Gonz\u00e1lez Figueroa, diputado por Acayucan, \u00a1va a echar gallo! Y claro, con la canci\u00f3n sin nombre que le compuso a su amada Tony cuando, en \u00e9pocas de estudiante, le dedic\u00f3 cuando tuvo que dejar la hermosa Acayucan para irse a estudiar, si no mal recuerdo, a Guadalajara. La letra de la canci\u00f3n habla de esos lazos que a\u00fan en la distancia es dif\u00edcil de romper\u2026 \u00a1Ya debiera ponerle \u201cTony\u201d a la canci\u00f3n! La serenata est\u00e1 comprometida, porque Mario es todo un bohemio que gusta de rascarle a la guitarra. Y es cierto, \u00a1todo un compositor!<br \/>Por cierto, hace unos d\u00edas, llev\u00f3 a ni\u00f1os de congregaciones y comunidades del distrito, cerca de ocho mil juguetes\u2026 \u00a1eso es tener coraz\u00f3n!<br \/>* Yuleni S\u00e1nchez de Lagos est\u00e1 invitada a una cena rom\u00e1ntica pero m\u00e1s all\u00e1 del festejo hay una palabra empe\u00f1ada: el diputado Erick Lagos asegura que esta vez estar\u00e1 puntual en la cita.<br \/>Por cierto, este 2009, para ser exactos, el diez de agosto, ya cumple diez a\u00f1os de feliz matrimonio el buen Erick y su querida esposa Yuleni.<br \/>* El coordinador de Gesti\u00f3n Institucional, Juan de Dios S\u00e1nchez Abreu, dice que festejar\u00e1 por partida doble, aunque considero que triple\u2026 mire:<br \/>Primero, tiene que trabajar, pues su labor al lado del Gobernador, se le exige \u00a1y lo hace con amor! asegura. Pero por la tarde la pasar\u00e1 en familia \u00a1y viene el festejo doble! Y es que adem\u00e1s de festejar el d\u00eda del Amor, al d\u00eda siguiente cumple a\u00f1os do\u00f1a Maru Jerezano\u2026 se\u00f1ora: \u00a1Exija doble regalo! \u00a1Feliz cumplea\u00f1os!<br \/>* Al otro buen amigo, Jorge Carvallo Delf\u00edn, lo agarr\u00e9 justo cuando iba a comprar el regalo de la se\u00f1ora\u2026 all\u00ed me coment\u00f3 que el 14 de febrero lo va a pasar en el sur en pura gira: A las nueve de la ma\u00f1ana toma protesta a 190 seccionales de Coatza; a las once estar\u00e1 en Nanchital; a las 13 horas en Agua Dulce (al\u00e9jate de pol\u00edticos sospechosos), regresa m\u00e1s tarde a Coatza para estar en la CNOP y en la noche estar\u00e1 con dirigentes empresariales.<br \/>\u2013Entonces \u00bfc\u00f3mo vas a festejar el 14 con tu esposa?<br \/>\u2013\u00a1Lo festejar\u00e9 hoy en la noche! (viernes 13).<br \/>\u00a1Orale! \u00a1Son\u00f3 demasiado romantic\u00f3n!<br \/>* El amigo Pepe Yunes respondi\u00f3, a la pregunta de c\u00f3mo festejar\u00e1 el 14: \u201c\u00a1honrando a la militancia!\u201d Va a tener muchas actividades pol\u00edticas pero espera por la noche estar al lado de su querida familia para pasar un buen rato, \u00a1claro! El amor y la amistad no es de un d\u00eda, \u00a1sino de todos los d\u00edas!<br \/>* Ya para concluir, est\u00e1 mi tocayo Manzur, quien lleva fuerte campa\u00f1a en su precandidatura \u00a1y sigue siendo un hitazo \u201cSuper Chava\u201d! \u00a1m\u00e1s de cinco mil visitas en youtube\u2026 pero en el lado rom\u00e1ntico \u00a1\u00e9ste s\u00ed se vol\u00f3 la barda!<br \/>A la pregunta de qu\u00e9 va a hacer el 14 de febrero, presto y \u00e1gil respondi\u00f3: \u201c\u00a1Festejar a mi mujer!\u201d<br \/>Como buen jarocho, folcl\u00f3rico, como dice \u00e9l, tendr\u00e1 una cena rom\u00e1ntica con do\u00f1a Luchy \u00a1en la playa! teniendo a las palmeras de testigos y s\u00f3lo iluminados por la luna llena\u2026 as\u00ed lo dijo.<br \/>* Yo, quiero una cena francesa\u2026 un buen vino y una buena mesa\u2026 brindar toda la noche, con una princesa\u2026 empezar con luna llena y acabar en menguante\u2026 y que de enamorado esposo acabe en voraz amante\u2026 mi 14 de febrero para ti, \u00a1Brenda!<br \/>Ya para concluir con tanta miel y la presi\u00f3n arterial sist\u00f3lica, este comentario de la econom\u00eda del amor:<br \/>De acuerdo a un estudio denominado \u201cEl costo del amor en M\u00e9xico\u201d, al a\u00f1o los mexicanos gastamos buscando la media naranja 223 mil 293 millones de pesos\u2026 es decir, 10 mil 633 pesos por calientes, digo, por cabeza: \u00a1m\u00e1s que el presupuesto destinado a Pemex!<br \/>La noticia no es esa, sino \u00a1cu\u00e1nto nos gastamos despu\u00e9s de que encontramos a nuestra media naranja y se convierte en nuestra esposa!<br \/>\u00bfDije para acabar? \u00a1Hagamos un acto de amor.<br \/>Guadalupe y Zulema Sarah\u00ed Carmona Mart\u00ednez son dos hermanitas que sufren de una enfermedad llamada \u201cPiel de mariposa\u201d (Epidermolisis bullosa cong\u00e9nita). Ahondar en qu\u00e9 consiste es demasiado pero imaginen un ala de mariposa qu\u00e9 tan delicada puede ser.<br \/>Lupita y Anah\u00ed, de siete y once a\u00f1os respectivamente, son nativas de Mazatepec, congregaci\u00f3n de Acajete y s\u00f3lo piden un poco de ayuda: Necesitan gasas de 10&#215;10 y vendas del n\u00famero 7\u2026 Creemos firmemente que el diputado por ese distrito, el alcalde de Acajete, el DIF estatal y todos, podemos hacer algo por ellas\u2026 si quiere m\u00e1s informaci\u00f3n, marque al siguiente n\u00famero: 5960708. Mientras les dejo este poema que me pas\u00f3 Brenda de la Internet:<\/p>\n<p><strong>DESDE MI PIEL DE CRISTAL<\/strong><br \/><em>No me abraces, si no quieres que sangre\u2026<br \/>No me insistas, si ves que no como\u2026<br \/>No me apures, si ves que no camino\u2026<br \/>S\u00f3lo m\u00edrame, m\u00edrame al fondo de mis ojos\u2026<br \/>All\u00ed podr\u00e1s saber todo mi dolor, toda mi angustia, toda mi espera,<br \/>Podr\u00e1s saber todo lo que soy, lo que fui, lo que puedo y quiero llegar a ser\u2026<br \/>Solo ay\u00fadame a transitar la vida, con mis fr\u00e1giles alas\u2026<br \/>Podr\u00e9 volar a otros mundos\u2026<br \/>Podr\u00e9 so\u00f1ar con un ma\u00f1ana\u2026<br \/>Podr\u00e9 olvidar el ayer\u2026<br \/>Y vivir el hoy como si fuera mi \u00faltimo d\u00eda\u2026<br \/>Y mi fragilidad hacer mi esp\u00edritu indoblegable\u2026<br \/>Y mis ayes de dolor convertirse en dulce melod\u00eda a tus o\u00eddos\u2026<br \/>Y mis manos lastimadas transformarse en un manto de seda sobre tu piel\u2026<br \/>Y hasta mis pies lacerados transitar caminos de espinas\u2026 para llegar a verte.<br \/>Y elevarnos juntos al misterio de la vida y la muerte\u2026<br \/>All\u00ed donde el amor no tiene fronteras\u2026<br \/>Donde existir no duele\u2026 y s\u00e9, existe de veras\u2026<br \/>Donde perpetuar\u00e9 por siempre en tu coraz\u00f3n y tu piel\u2026 <br \/>Desde mi fr\u00e1gil Piel de Cristal.<\/em><\/p>\n","protected":false},"excerpt":{"rendered":"<p>Salvador Mu\u00f1ozLos Pol\u00edticos Al principio, esta columna se llam\u00f3 \u201c\u00bfC\u00f3mo festejan el amor los pol\u00edticos?\u201d pero decid\u00ed de \u00faltima hora cambiarla, en espera de un milagro de amor\u2026 cheque: \u00bfCu\u00e1ntas cosas no se han escrito sobre el amor?Tratados, teor\u00edas, canciones, poemas, cartas\u2026Ahora, \u00bfcu\u00e1ntas cosas no se hacen por amor?Pues van desde las m\u00e1s cursis hasta [&hellip;]<\/p>\n","protected":false},"author":1,"featured_media":0,"comment_status":"open","ping_status":"open","sticky":false,"template":"","format":"standard","meta":{"_jetpack_newsletter_access":"","_jetpack_dont_email_post_to_subs":false,"_jetpack_newsletter_tier_id":0,"_jetpack_memberships_contains_paywalled_content":false,"_jetpack_memberships_contains_paid_content":false,"footnotes":""},"categories":[1],"tags":[],"class_list":["post-9044","post","type-post","status-publish","format-standard","hentry","category-sin-categoria"],"jetpack_featured_media_url":"","jetpack_sharing_enabled":true,"jetpack_shortlink":"https:\/\/wp.me\/p4Qcd3-2lS","_links":{"self":[{"href":"https:\/\/lospoliticosveracruz.com.mx\/index.php?rest_route=\/wp\/v2\/posts\/9044","targetHints":{"allow":["GET"]}}],"collection":[{"href":"https:\/\/lospoliticosveracruz.com.mx\/index.php?rest_route=\/wp\/v2\/posts"}],"about":[{"href":"https:\/\/lospoliticosveracruz.com.mx\/index.php?rest_route=\/wp\/v2\/types\/post"}],"author":[{"embeddable":true,"href":"https:\/\/lospoliticosveracruz.com.mx\/index.php?rest_route=\/wp\/v2\/users\/1"}],"replies":[{"embeddable":true,"href":"https:\/\/lospoliticosveracruz.com.mx\/index.php?rest_route=%2Fwp%2Fv2%2Fcomments&post=9044"}],"version-history":[{"count":0,"href":"https:\/\/lospoliticosveracruz.com.mx\/index.php?rest_route=\/wp\/v2\/posts\/9044\/revisions"}],"wp:attachment":[{"href":"https:\/\/lospoliticosveracruz.com.mx\/index.php?rest_route=%2Fwp%2Fv2%2Fmedia&parent=9044"}],"wp:term":[{"taxonomy":"category","embeddable":true,"href":"https:\/\/lospoliticosveracruz.com.mx\/index.php?rest_route=%2Fwp%2Fv2%2Fcategories&post=9044"},{"taxonomy":"post_tag","embeddable":true,"href":"https:\/\/lospoliticosveracruz.com.mx\/index.php?rest_route=%2Fwp%2Fv2%2Ftags&post=9044"}],"curies":[{"name":"wp","href":"https:\/\/api.w.org\/{rel}","templated":true}]}}