{"id":9046,"date":"2009-02-13T21:27:00","date_gmt":"2009-02-13T21:27:00","guid":{"rendered":"http:\/\/www.lospoliticosveracruz.com.mx\/?p=9046"},"modified":"2014-10-08T19:27:53","modified_gmt":"2014-10-08T19:27:53","slug":"funciona-la-internacionalizacion-de-la-educacion-superior","status":"publish","type":"post","link":"https:\/\/lospoliticosveracruz.com.mx\/?p=9046","title":{"rendered":"\u00bfFunciona la internacionalizaci\u00f3n de la Educaci\u00f3n Superior?"},"content":{"rendered":"<p><strong>Janet Dom\u00ednguez Montero<\/strong><br \/><em>Lo tienes que saber<\/em><\/p>\n<p>En d\u00edas pasados recordaba la gran aportaci\u00f3n de la doctora Sara Julia, quien en una conferencia hac\u00eda la siguiente acotaci\u00f3n: \u00abEl quehacer de las instituciones educativas, no debe limitarse a la posibilidad de crear programas virtuales, con la finalidad de internacionalizar y enriquecer el proceso de ense\u00f1anza \u2013 aprendizaje\u00bb.<br \/>Sin duda alguna, es un reto que de lograrlo podr\u00edamos adquirir mejoras y mejores resultados en el plano de la educaci\u00f3n; si bien es cierto, no s\u00f3lo se requiere del recurso humano sino del econ\u00f3mico, pero que valdr\u00eda la pena implementar para buscar esas fronteras que abren la puerta a una visi\u00f3n m\u00e1s compleja y vers\u00e1til.<br \/>La elaboraci\u00f3n de programas acad\u00e9micos conjuntos con otras universidades enriquecen la perspectiva de la educaci\u00f3n, adem\u00e1s de que existe la posibilidad de intercambiar diversos aprendizajes, se recrea la cultura y las oportunidades de trabajo.<br \/>M\u00e1s all\u00e1 de ser un proyecto futurista, deber\u00eda ser una herramienta que adem\u00e1s de brindar asesor\u00edas virtuales, permitan al usuario tener las herramientas necesarias para desarrollar sus habilidades, capacidades y conocimientos; esta alternativa, tampoco resulta ser la mejor opci\u00f3n, pero s\u00ed una de las m\u00e1s explotadas y generadoras experiencias del \u00e1mbito educativo.<br \/>Los j\u00f3venes estudiantes sobrepasan las fronteras de la tecnolog\u00eda y como instituciones no podemos quedarnos al margen de lo poco o mucho que tenemos de informaci\u00f3n; debemos pensar que la educaci\u00f3n cada vez m\u00e1s se sumerge en los procesos tecnol\u00f3gicos, que de no poseer los elementos necesarios, nos quedaremos atrapados en lo inusual, lo intrascendental y poco funcional.<br \/>Es necesario, para quienes se interesan en esta alternativa, dise\u00f1ar un plan estrat\u00e9gico en el que se definan objetivos y estrategias que deber\u00e1n ser utilizadas para darle seguimiento; es buscar una visi\u00f3n internacional, globalizada con pol\u00edticas que definan a la instituci\u00f3n.<br \/>Cuando se habla de proyectos, como educaci\u00f3n virtual, se debe pensar en buscar y explotar las \u00e1reas fuertes por las que atraviesa el pa\u00eds; de esta manera se crear\u00e1 fortalezas para el plan estrat\u00e9gico; las fortalezas deben estar bien definidas, porque de ellas depender\u00e1 la necesidad de implementar proyectos en l\u00ednea.<br \/>Las instituciones deben pensar que son universidades, empresas y medios en v\u00edas del desarrollo del pa\u00eds, por lo que deben reflexionar, no s\u00f3lo como instituci\u00f3n educativa, sino como la empresa que es y debe ser; as\u00ed como el medio por el cu\u00e1l los j\u00f3venes se preparan para desarrollar sus potencialidades.<br \/>Sin embargo, no debe dejarse a un lado el sentido de vocaci\u00f3n acorde a la tradici\u00f3n de las universidades, dado que estamos dentro de un pa\u00eds en proceso de desarrollo tecnol\u00f3gico, y a veces podemos olvidar nuestras ra\u00edces y costumbres.<br \/>La educaci\u00f3n virtual no debe ser un medio que desfavorezca las costumbres del pa\u00eds, es simplemente una puerta m\u00e1s al conocimiento de la interculturalidad, un vistazo a lo desconocido, pero que de entrar a este medio, tener bien claro el prop\u00f3sito de vincular y compartir espacios de vocaci\u00f3n y servicio.<br \/>Abrir las puertas a otros mundos tiene sus ventajas y desventajas, pero se debe tener cuidado de no perder el sentido del proyecto, sobre todo de que quienes funcionan como gestores, tengan la responsabilidad del reto que implica este proyecto.<br \/>Seg\u00fan lo escuchado en la conferencia, me es muy grata la participaci\u00f3n de la ponente, qui\u00e9n anima en no tener miedo al mundo de la globalizaci\u00f3n; sin embargo, se debe tener en consideraci\u00f3n, que existen riegos cuando al adentrase en el proceso de programas virtuales, se puede caer en des\u00f3rdenes y vicios no controlados.<\/p>\n<blockquote><p>\u00abSue\u00f1a lo que quieras so\u00f1ar, s\u00e9 lo que quieras ser, ve a donde quieras ir, porque s\u00f3lo tienes una vida y una oportunidad para hacerlo\u00bb. An\u00f3nimo.<\/p><\/blockquote>\n","protected":false},"excerpt":{"rendered":"<p>Janet Dom\u00ednguez MonteroLo tienes que saber En d\u00edas pasados recordaba la gran aportaci\u00f3n de la doctora Sara Julia, quien en una conferencia hac\u00eda la siguiente acotaci\u00f3n: \u00abEl quehacer de las instituciones educativas, no debe limitarse a la posibilidad de crear programas virtuales, con la finalidad de internacionalizar y enriquecer el proceso de ense\u00f1anza \u2013 aprendizaje\u00bb.Sin [&hellip;]<\/p>\n","protected":false},"author":1,"featured_media":0,"comment_status":"open","ping_status":"open","sticky":false,"template":"","format":"standard","meta":{"_jetpack_newsletter_access":"","_jetpack_dont_email_post_to_subs":false,"_jetpack_newsletter_tier_id":0,"_jetpack_memberships_contains_paywalled_content":false,"_jetpack_memberships_contains_paid_content":false,"footnotes":""},"categories":[1],"tags":[],"class_list":["post-9046","post","type-post","status-publish","format-standard","hentry","category-sin-categoria"],"jetpack_featured_media_url":"","jetpack_sharing_enabled":true,"jetpack_shortlink":"https:\/\/wp.me\/p4Qcd3-2lU","_links":{"self":[{"href":"https:\/\/lospoliticosveracruz.com.mx\/index.php?rest_route=\/wp\/v2\/posts\/9046","targetHints":{"allow":["GET"]}}],"collection":[{"href":"https:\/\/lospoliticosveracruz.com.mx\/index.php?rest_route=\/wp\/v2\/posts"}],"about":[{"href":"https:\/\/lospoliticosveracruz.com.mx\/index.php?rest_route=\/wp\/v2\/types\/post"}],"author":[{"embeddable":true,"href":"https:\/\/lospoliticosveracruz.com.mx\/index.php?rest_route=\/wp\/v2\/users\/1"}],"replies":[{"embeddable":true,"href":"https:\/\/lospoliticosveracruz.com.mx\/index.php?rest_route=%2Fwp%2Fv2%2Fcomments&post=9046"}],"version-history":[{"count":0,"href":"https:\/\/lospoliticosveracruz.com.mx\/index.php?rest_route=\/wp\/v2\/posts\/9046\/revisions"}],"wp:attachment":[{"href":"https:\/\/lospoliticosveracruz.com.mx\/index.php?rest_route=%2Fwp%2Fv2%2Fmedia&parent=9046"}],"wp:term":[{"taxonomy":"category","embeddable":true,"href":"https:\/\/lospoliticosveracruz.com.mx\/index.php?rest_route=%2Fwp%2Fv2%2Fcategories&post=9046"},{"taxonomy":"post_tag","embeddable":true,"href":"https:\/\/lospoliticosveracruz.com.mx\/index.php?rest_route=%2Fwp%2Fv2%2Ftags&post=9046"}],"curies":[{"name":"wp","href":"https:\/\/api.w.org\/{rel}","templated":true}]}}