{"id":9050,"date":"2009-02-12T01:44:00","date_gmt":"2009-02-12T01:44:00","guid":{"rendered":"http:\/\/www.lospoliticosveracruz.com.mx\/?p=9050"},"modified":"2014-10-08T19:27:54","modified_gmt":"2014-10-08T19:27:54","slug":"protesta-en-chones","status":"publish","type":"post","link":"https:\/\/lospoliticosveracruz.com.mx\/?p=9050","title":{"rendered":"\u00a1Protesta en chones!"},"content":{"rendered":"<p><strong>Salvador Mu\u00f1oz<\/strong><br \/><em>Los Pol\u00edticos<\/em><\/p>\n<p>Faltando poco para el 14 de febrero, hay noticias que sacuden: Rihana \u201cmadreada\u201d por su novio; el supuesto romance de Carlos Slim Hel\u00fa con la reina de Jordania; c\u00f3mo no recordar el caso de Christian Castro quien adem\u00e1s de acomodarle sus guamazos a su hoy ex, tambi\u00e9n dicen que le toc\u00f3 a la se\u00f1ora Ver\u00f3nica.<br \/>Sin embargo, me llam\u00f3 la atenci\u00f3n el caso de una agrupaci\u00f3n de La India que est\u00e1 juntando \u201cchones\u201d rosados para mandarlos a otra agrupaci\u00f3n que las agredi\u00f3 por el simple hecho de haber acudido a un bar a echarse unas \u201ccopiosas\u201d.<br \/>La agrupaci\u00f3n es Consortium of Pub-going, Loose and Forward Women (Mujeres Liberadas y Atrevidas que van a Bares) y est\u00e1 en Facebook con m\u00e1s de cinco mil participantes.<br \/>Ser\u00e1 este 14 de febrero cuando hagan entrega de los calzones recopilados.<br \/>\u00bfPor qu\u00e9 un calz\u00f3n, pantaleta, chon, tanga o como guste llamarle?<br \/>A lo mejor porque es m\u00e1s bonito que te avienten un calz\u00f3n que un zapato\u2026 \u00bfno Bush?<br \/>Esta prenda, en el uso femenino, puede tener un contexto sensual para algunos m\u00e1s que el de simple \u201cropa interior\u201d para otros.<br \/>Verle los chones a las ni\u00f1as era una odisea para unos ni\u00f1os aunque parece que la moda de hoy es tomarles fotos bajo la falda con el celular.<br \/>Qued\u00f3 en desuso el espejito\u2026 conste, que es lo que me han contado\u2026<br \/>Pero \u00bfqui\u00e9n no sufri\u00f3 la tortura del calz\u00f3n chino? \u00bfLo recuerdan?<br \/>La tanga tiene su chiste\u2026 si no se ve el hilito, no tiene chiste. No s\u00e9 si sea lo mismo que los conocidos \u201cHilo dental\u201d.<br \/>Hay de gustos a gustos. Si una pantaleta o calz\u00f3n se transparenta, para algunos puede ser sexy y para otros (me apunto) puede ser de mal gusto.<br \/>\u00bfQui\u00e9n no recuerda los calzones de Trevi con carita de gato que rif\u00f3? Bueno\u2026 los noventeros nos acordamos de ello.<br \/>Son m\u00e1s famosos los \u201cretratos\u201d de las estrellas de \u201cJoliv\u00fa\u201d cuando las retratan los paparazzis bajando de sus carros\u2026 \u00bfrecuerdan a Britney Spears?<br \/>Incluso hay frases como \u00e9sta: La inteligencia como la pantaleta; hay que tenerla pero no ense\u00f1arla.<br \/>Aunque a m\u00ed me gusta m\u00e1s: Si se juntan las aguas de los r\u00edos, por qu\u00e9 no han de juntarse tus chones con los m\u00edos.<br \/>Hay expresiones como: \u00a1Se aprieta su calz\u00f3n! Y no es m\u00e1s que el indicio de que el sujeto que la expresa ha recibido un desplante.<br \/>\u201cA calz\u00f3n quitado\u201d, uno de los libros famosos de Irma Serrano.<br \/>\u00bfHan o\u00eddo hablar del t\u00e9 de calz\u00f3n? Es como el toloache, similar al que cuentan dio Martita a Chente.<br \/>Tambi\u00e9n se utiliza en albures cuando indican que te bajan el calz\u00f3n, es sin\u00f3nimo de que ya te&#8230; Incluso, por miedo, se nos caen los calzones.<br \/>Y hay quienes utilizan esta frase: Raz\u00f3n, coraz\u00f3n o calz\u00f3n\u2026 para definir nuestras acciones y por cu\u00e1l nos movemos.<br \/>En fin\u2026 protestar contra la violencia enviando chones a nuestros agresores es una forma bella de manifestarse este 14 de febrero.<br \/>Pero cheque qu\u00e9 chones le podr\u00edan regalar este 14 de febrero a algunos pol\u00edticos:<br \/>* A T\u00edo Fide, por supuesto, un \u201cchonino\u201d rojo.<br \/>* A Gladys Merl\u00edn, alcaldesa de Cosoleacaque, un Boxer\u2026 por aquello de los Rotwailler.<br \/>* A Ranulfo M\u00e1rquez y Ben\u00edtez Lucho, \u00a1un par de cal-zoncillos!<br \/>* Ra\u00fal Pazzi Sequera: No pod\u00edan faltarle sus cal-sones huastecos.<br \/>* A Marlon Ram\u00edrez no le caer\u00edan mal unos chones de manta\u2026 de protesta.<br \/>* Ya para finalizar, para los dirigentes partidistas (PAN, PRI, PRD y dem\u00e1s) les encantar\u00eda un calz\u00f3n holgado\u2026 \u00a1Para una buena \u201celecci\u00f3n\u201d!<\/p>\n<p><strong>* El cemental del fidelismo *<\/strong><br \/>No, no es un gal\u00e1n ni mucho menos mujeriego. Nos referimos al subsecretario de Infraestructura Regional de la Sedesma, Alberto Silva Ramos, quien de tanto \u201cpisar\u201d (es decir: Hacer tanto piso fiel) ya lo adoran a cada municipio, pueblito o comunidad que va. Nada m\u00e1s por poner un ejemplo, en el distrito de Misantla, ya se comprometi\u00f3 a gestionar seis mil 500 pisos fieles as\u00ed como 100 toneladas de cemento para banquetas y guarniciones en esas comunidades\u2026 \u00bfa poco no es entonces todo un \u201ccemental\u201d? Eso s\u00ed, \u00a1ya quisiera el Bet\u00edn que hubiera un error de dedo!<\/p>\n<p><strong>* \u00a1Habla! *<\/strong><br \/>\u00bfY qu\u00e9 creen? el diputado local por C\u00f3rdoba, Mart\u00edn Becerra Gonz\u00e1lez, sabe hablar, bueno, al menos as\u00ed lo demuestra el bolet\u00edn enviado: exhort\u00f3 a todos los sectores sociales, pol\u00edticos y econ\u00f3micos del estado a sumarse en torno al Gobernador Fidel Herrera, quien, dijo, tiene una claridad absoluta sobre los riesgos, pero sobre todo de las oportunidades que puede representar la crisis aplicando pol\u00edticas y programas claros, eficaces y asertivos. El legislador local subray\u00f3 la importancia de la unidad  y solidaridad de todos los veracruzanos en torno al gobierno y las propuestas del mandatario estatal \u201cporque s\u00f3lo unidos podremos salir adelantes\u201d.<br \/>Se\u00f1al\u00f3, que en un momento de crisis econ\u00f3mica como la que el pa\u00eds enfrenta y afrontar\u00e1 en los pr\u00f3ximos meses, lo que requiere son legisladores  preparados y comprometidos con las causas sociales, con un perfil profesional, con la voluntad, la juventud y la fuerza necesaria para empujar las mejores causas a favor de los mexicanos y los veracruzanos \u201cy nadie puede negar, que  nuestros candidatos, y Javier Duarte es una clara muestra de ello, son los que tienen claridad sobre las necesidades de M\u00e9xico y de Veracruz\u201d.<\/p>\n<p><strong>\u00a1Gente trabajadora!<\/strong><br \/>El subsecretario de Promoci\u00f3n y Desarrollo Empresarial de la Sedecop, Arturo Castagn\u00e9 Couturier, recibi\u00f3 en su despacho a su paisano y presidente municipal de San Rafael, Samuel Thomas Vi\u00f1as. En reuni\u00f3n con ediles de ese ayuntamiento, se acord\u00f3 entre otras acciones, promover el desarrollo empresarial en este bello municipio veracruzano, atendiendo la encomienda que le hiciera en mandatario estatal Fidel Herrera Beltr\u00e1n de atraer empresarios y con ello crear empleos y fuentes de trabajo.<\/p>\n","protected":false},"excerpt":{"rendered":"<p>Salvador Mu\u00f1ozLos Pol\u00edticos Faltando poco para el 14 de febrero, hay noticias que sacuden: Rihana \u201cmadreada\u201d por su novio; el supuesto romance de Carlos Slim Hel\u00fa con la reina de Jordania; c\u00f3mo no recordar el caso de Christian Castro quien adem\u00e1s de acomodarle sus guamazos a su hoy ex, tambi\u00e9n dicen que le toc\u00f3 a [&hellip;]<\/p>\n","protected":false},"author":1,"featured_media":0,"comment_status":"open","ping_status":"open","sticky":false,"template":"","format":"standard","meta":{"_jetpack_newsletter_access":"","_jetpack_dont_email_post_to_subs":false,"_jetpack_newsletter_tier_id":0,"_jetpack_memberships_contains_paywalled_content":false,"_jetpack_memberships_contains_paid_content":false,"footnotes":""},"categories":[1],"tags":[],"class_list":["post-9050","post","type-post","status-publish","format-standard","hentry","category-sin-categoria"],"jetpack_featured_media_url":"","jetpack_sharing_enabled":true,"jetpack_shortlink":"https:\/\/wp.me\/p4Qcd3-2lY","_links":{"self":[{"href":"https:\/\/lospoliticosveracruz.com.mx\/index.php?rest_route=\/wp\/v2\/posts\/9050","targetHints":{"allow":["GET"]}}],"collection":[{"href":"https:\/\/lospoliticosveracruz.com.mx\/index.php?rest_route=\/wp\/v2\/posts"}],"about":[{"href":"https:\/\/lospoliticosveracruz.com.mx\/index.php?rest_route=\/wp\/v2\/types\/post"}],"author":[{"embeddable":true,"href":"https:\/\/lospoliticosveracruz.com.mx\/index.php?rest_route=\/wp\/v2\/users\/1"}],"replies":[{"embeddable":true,"href":"https:\/\/lospoliticosveracruz.com.mx\/index.php?rest_route=%2Fwp%2Fv2%2Fcomments&post=9050"}],"version-history":[{"count":0,"href":"https:\/\/lospoliticosveracruz.com.mx\/index.php?rest_route=\/wp\/v2\/posts\/9050\/revisions"}],"wp:attachment":[{"href":"https:\/\/lospoliticosveracruz.com.mx\/index.php?rest_route=%2Fwp%2Fv2%2Fmedia&parent=9050"}],"wp:term":[{"taxonomy":"category","embeddable":true,"href":"https:\/\/lospoliticosveracruz.com.mx\/index.php?rest_route=%2Fwp%2Fv2%2Fcategories&post=9050"},{"taxonomy":"post_tag","embeddable":true,"href":"https:\/\/lospoliticosveracruz.com.mx\/index.php?rest_route=%2Fwp%2Fv2%2Ftags&post=9050"}],"curies":[{"name":"wp","href":"https:\/\/api.w.org\/{rel}","templated":true}]}}