{"id":9051,"date":"2009-02-11T03:10:00","date_gmt":"2009-02-11T03:10:00","guid":{"rendered":"http:\/\/www.lospoliticosveracruz.com.mx\/?p=9051"},"modified":"2014-10-08T19:27:54","modified_gmt":"2014-10-08T19:27:54","slug":"slim-y-la-crisis-consejos-para-no-chillar","status":"publish","type":"post","link":"https:\/\/lospoliticosveracruz.com.mx\/?p=9051","title":{"rendered":"Slim y la crisis: \u00a1Consejos para no chillar!"},"content":{"rendered":"<p><strong>Salvador Mu\u00f1oz<\/strong><br \/><em>Los Pol\u00edticos<\/em><\/p>\n<p>Un agorero del desastre. Jinete del Apocalipsis. \u00a1Vaya! Hasta parec\u00eda priista criticando al Gobierno federal. El hombre m\u00e1s millonario de M\u00e9xico advirti\u00f3 que al pa\u00eds se lo va a llevar patas de catre, casi.<br \/>Desplome del Producto Interno Bruto as\u00ed como niveles de desempleo jam\u00e1s vistos fueron las predicciones que lanz\u00f3 el moderno Nostradamus\u2026 que m\u00e1s bien parec\u00eda: \u201cNostrabamus\u201d.<br \/>A ciencia cierta los millones de mexicas y centroamericanos donde el se\u00f1or Slim tiene sus negocios nos preguntamos qu\u00e9 tanto le afectar\u00e1 una crisis como la que se vive actualmente.<br \/>Por ejemplo, pagar tel\u00e9fono, gas, luz y agua se ha convertido en un verdadero martirio para la gente que viven con un sueldo modesto\u2026<br \/>\u00bfO usted se imagina a Slim mordi\u00e9ndose las u\u00f1as pensando c\u00f3mo pagar su agua, luz o gas?<br \/>Para m\u00ed, fue un amarr\u00f3n de dedo del se\u00f1or Telmex para que si es necesario, despida a algunos empleados si la situaci\u00f3n se pone dura y simplemente diga: \u201cSe los advert\u00ed\u2026 no chillen\u201d y sea ejemplo para que otros grandes emporios privados hagan uso de la guada\u00f1a.<br \/>Claro\u2026 Slim Hel\u00fa de inmediato repercuti\u00f3 en los Medios de Informaci\u00f3n. Pesan las palabras del hombre m\u00e1s rico de M\u00e9xico. Lo peor, son desalentadoras a un gobierno que, v\u00eda Televisa, nos pone comerciales donde la crisis se puede resolver en el seno de la familia con optimismo, con una sonrisa, con los hijos, padre y madre juntos, o con estrellas de la far\u00e1ndula que nos dicen que nos levantemos todos los d\u00edas a rompernos la madre en el trabajo, \u00a1total! Ya estamos acostumbrados a la crisis y \u00e9sta no nos va a doblar\u2026 \u00a1ojal\u00e1 y no nos rompa!<br \/>Se entiende y comprende los se\u00f1alamientos del secretario del Trabajo, Javier Lozano, hasta cierto punto. Es verdad, su papel es decir que si no estamos bien, tampoco estamos como lo pinta Slim.<br \/>Javier Lozano dijo que Carlos Slim dio recetas, pero no dice qu\u00e9 va a hacer para afrontar la crisis.<br \/>\u00a1Claro que Slim rechaza la inversi\u00f3n extranjera! Significa competencia y a mayor competencia, se abarata el servicio\u2026 \u00a1eso no le conviene!<br \/>Ahora, m\u00e1s que fortalecer a las empresas, se debiera fortalecer al empleado, al trabajador, al obrero, \u00a1pero al que s\u00ed trabaja!<br \/>\u00bfSabe m\u00e1s o menos cu\u00e1nto gana un reportero? \u00bfSabe cu\u00e1nto gana el empleado de la tienda cerca de su casa? \u00bfSabe cu\u00e1nto gana un bur\u00f3crata? \u00bfUna cajera? \u00bfUn dise\u00f1ador? \u00bfUn formador? \u00bfUn taxista? \u00bfLa marchante de las tortillas? \u00bfLa chacha de la se\u00f1ora Popof? \u00bfEl chofer del funcionario?<br \/>Le juro que hay a quienes pagan 500 pesos y a otros no pasa de 2 mil 500 quincenales.<br \/>Pero, \u00bfsabe cu\u00e1ntos sindicalizados hay en M\u00e9xico que llegan a desayunar a su oficina, a leer peri\u00f3dicos, a pintarse las u\u00f1as, a platicar con su comadre a la que tienen menos de doce horas de no haber visto, y gozan de prestaciones que el de confianza, de contrato o subempleado no tiene?<br \/>L\u00e1stima que no se pueda despedir a esas lacras, habr\u00eda m\u00e1s trabajo para gente que s\u00ed quiere laborar\u2026 \u00a1ojo! No todos los sindicalizados son as\u00ed, pero algunos\u2026<br \/>As\u00ed las cosas, dif\u00edcilmente Carlos Slim puede equivocarse. A lo mejor no se cierren negocios pero seguir\u00e1n subiendo los precios de los productos b\u00e1sicos y con un salario tan pobre con el que sobrevive el mexicano, cr\u00e9anlo que posiblemente acabemos llorando como advierte el empresario.<br \/>As\u00ed que, ai le van unos consejos para sobrevivir a la crisis:<br \/>Primero: Tenga a la mano unos \u201cKleenex\u201d para secarse las l\u00e1grimas.<br \/>2: P\u00eddale a su patr\u00f3n que haga simulacros de despido, parecidos a los de temblor o incendios, para que se vaya acostumbrando para cuando le digan: \u201cEst\u00e1s despedido\u201d.<br \/>3: Si tiene cuenta en un Banco, busque en el parque con qu\u00e9 Banca cuenta para sentarse a cavilar sus deudas.<br \/>4: Genere su propio espacio en casa, porque de seguro tendr\u00e1 que acomodar a alg\u00fan pariente que perdi\u00f3 la suya.<br \/>5: Si viaja, h\u00e1galo siempre en primera clase\u2026 seguro se encontrar\u00eda a sus acreedores en segunda clase.<br \/>6: Aprenda a conjugar a qu\u00e9 personas realmente les va a afectar la crisis: Yo, t\u00fa, \u00e9l, nosotros, ellos\u2026<br \/>7: Involucre a toda su familia con juegos, como la Pirinola, en esta crisis: \u00a1Todos ponen! \u00a1Todos pierden!<br \/>8: Aprenda a orar a Slim: Le ped\u00ed a Dios una flor, y me dio un jard\u00edn; le ped\u00ed a Dios calor, y me dio el Sol; le ped\u00ed a Dios dinero para pagar mis deudas, Slim \u00a1de ti depende que siga creyendo!<br \/>9: Aprenda matem\u00e1ticas en la crisis: \u00bfCu\u00e1nto es 2&#215;1? \u00a1Oferta!<br \/>10: Si est\u00e1 desesperado y quiere delinquir falsificando billetes, no agregue un cero al de a 100 pesos, porque lo van a entambar.<br \/>11: Aseg\u00farese de no prestar ni un centavo \u00a1lo pueden acusar de usurero!<br \/>12: Lo bueno de todo esto es que en la crisis, todos vamos a dormir como aut\u00e9ntico beb\u00e9: \u00a1Vamos a despertar cada hora llorando!<\/p>\n<p>Ahora que recuerden que en temporada de crisis vivimos al por mayor el consumismo:<br \/>Consu-mismo coche <br \/>Consu-mismo sueldo <br \/>Consu-mismo techo <br \/>Consu-mismo traje<br \/>Consu-mismo par de zapatos <br \/>y si Dios quiere y Slim lo avala: Consu-mismo trabajo.<\/p>\n<p>Ya para cerrar, si ninguno de los doce puntos le sirve o gusta para afrontar la crisis, \u00e9ste no puede fallarle:<br \/>Vaya al centro de tatuajes m\u00e1s cercano y pida que le tat\u00faen un peso en el pene y as\u00ed:<br \/>\u2022 Disfrutar\u00e1 moviendo su dinero<br \/>\u2022 Ver\u00e1 crecer su inversi\u00f3n.<br \/>\u2022 S\u00f3lo usted decide c\u00f3mo proteger su inversi\u00f3n, y\u2026<br \/>\u2022 D\u00f3nde meter su dinero.<br \/>\u2022 Decide tambi\u00e9n si lo mete todo o un poquito<br \/>\u2022 A diferencia de los bancos, lo puede sacar a la hora que usted quiera.<br \/>\u2022 Puede jugar con \u00e9l sin temor a perderlo.<br \/>\u2022 Y lo mejor, puede hacer a muchas personas felices\u2026 \u00a1cu\u00e1l crisis!<\/p>\n<p><strong>* Anuncian toma del Tecno *<\/strong><br \/>\u201cSe invita a todos los medios de comunicaci\u00f3n a la toma de instalaciones del Tecnol\u00f3gico de Perote como muestra de repudio hacia el director y la bola de corruptos que lo rodean, para el lunes 23 de febrero del 2009 a las 8:30 am. Esta toma de instalaciones se hace con el fin de que las autoridades destituyan al director y a su gente; si no lo hacen, no se permitir\u00e0 el acceso a personal administrativo ni docente a laborar hasta que se cumplan las demandas. Tengan en cuenta que es una toma pac\u00edfica y que esta medida se debe a que no se ha recibido respuesta alguna a nuestras quejas que llevan mas de un a\u00f1o\u201d: Convocan Alumnos, Personal Administrativo y docente que se encuentra en desacuerdo con la administracion del ingeniero Alfredo.<\/p>\n<p><strong>* Insulza Salinas, distinguido *<\/strong><br \/>En Sesi\u00f3n Solemne programada para este jueves 12 de febrero, la LXI Legislatura del Congreso del Estado nombrar\u00e1 \u201cVisitante Distinguido\u201d al Secretario General de la Organizaci\u00f3n de Estados Americanos (OEA), Dr. Jos\u00e9 Miguel Insulza Salinas, por su trayectoria en el servicio p\u00fablico. Previo a la Sesi\u00f3n , diputados integrantes de las distintas fuerzas pol\u00edticas representadas en la Legislatura Local , desayunar\u00e1n con el tambi\u00e9n abogado chileno, donde compartir\u00e1n opiniones, experiencias y puntos de vista sobre diversos temas.<\/p>\n<p><strong>BdeM, \u00a1estabilizador!: Bueno<\/strong><br \/>Con el objetivo de que el Banco de M\u00e9xico asuma entre sus funciones la promoci\u00f3n del crecimiento econ\u00f3mico y el empleo, y con ello la reactivaci\u00f3n de los sectores productivos sin distraerlo de su finalidad de mantener estable la inflaci\u00f3n, el senador panista Juan Bueno Torio present\u00f3 una iniciativa de reformas al art\u00edculo 28 constitucional y a la Ley del Banco de M\u00e9xico.<br \/>Con la reforma propuesta, el p\u00e1rrafo sexto del art\u00edculo 28 de la Constituci\u00f3n Pol\u00edtica quedar\u00eda como sigue: \u201cEl Estado tendr\u00e1 un banco central que ser\u00e1 aut\u00f3nomo en el ejercicio de sus funciones y en su administraci\u00f3n. Sus objetivos prioritarios ser\u00e1n procurar la estabilidad del poder adquisitivo de la moneda nacional y promover el crecimiento econ\u00f3mico y el empleo, fortaleciendo con ello la rector\u00eda del desarrollo nacional que corresponde al Estado. Ninguna autoridad podr\u00e1 ordenar al banco conceder financiamiento\u201d. <\/p>\n<p><strong>\u00a1Duro contra el tr\u00edo azul!<\/strong><br \/>Circula un bolet\u00edn de un grupo que rehace llamar \u201cPAN abierto a la sociedad\u201d donde califica a Julen Rementer\u00eda, Juan Bueno Torio y Gerardo Buganza, como quienes han obstaculizado el crecimiento del PAN, aferr\u00e1ndose desesperadamente a Paco Guti\u00e9rrez de Velasco como precandidato, a quien en Boca del R\u00edo conocen por las obras suntuosas que hizo con su primo Ram\u00f3n, pero no para beneficio de los boque\u00f1os. Para m\u00e1s detalles, pueden consultarlo en el blog http:\/\/lospoliticosveracruz.blogspot.com <\/p>\n<p>e-mail: dor00@hotmail.com<\/p>\n","protected":false},"excerpt":{"rendered":"<p>Salvador Mu\u00f1ozLos Pol\u00edticos Un agorero del desastre. Jinete del Apocalipsis. \u00a1Vaya! Hasta parec\u00eda priista criticando al Gobierno federal. El hombre m\u00e1s millonario de M\u00e9xico advirti\u00f3 que al pa\u00eds se lo va a llevar patas de catre, casi.Desplome del Producto Interno Bruto as\u00ed como niveles de desempleo jam\u00e1s vistos fueron las predicciones que lanz\u00f3 el moderno [&hellip;]<\/p>\n","protected":false},"author":1,"featured_media":0,"comment_status":"open","ping_status":"open","sticky":false,"template":"","format":"standard","meta":{"_jetpack_newsletter_access":"","_jetpack_dont_email_post_to_subs":false,"_jetpack_newsletter_tier_id":0,"_jetpack_memberships_contains_paywalled_content":false,"_jetpack_memberships_contains_paid_content":false,"footnotes":""},"categories":[1],"tags":[],"class_list":["post-9051","post","type-post","status-publish","format-standard","hentry","category-sin-categoria"],"jetpack_featured_media_url":"","jetpack_sharing_enabled":true,"jetpack_shortlink":"https:\/\/wp.me\/p4Qcd3-2lZ","_links":{"self":[{"href":"https:\/\/lospoliticosveracruz.com.mx\/index.php?rest_route=\/wp\/v2\/posts\/9051","targetHints":{"allow":["GET"]}}],"collection":[{"href":"https:\/\/lospoliticosveracruz.com.mx\/index.php?rest_route=\/wp\/v2\/posts"}],"about":[{"href":"https:\/\/lospoliticosveracruz.com.mx\/index.php?rest_route=\/wp\/v2\/types\/post"}],"author":[{"embeddable":true,"href":"https:\/\/lospoliticosveracruz.com.mx\/index.php?rest_route=\/wp\/v2\/users\/1"}],"replies":[{"embeddable":true,"href":"https:\/\/lospoliticosveracruz.com.mx\/index.php?rest_route=%2Fwp%2Fv2%2Fcomments&post=9051"}],"version-history":[{"count":0,"href":"https:\/\/lospoliticosveracruz.com.mx\/index.php?rest_route=\/wp\/v2\/posts\/9051\/revisions"}],"wp:attachment":[{"href":"https:\/\/lospoliticosveracruz.com.mx\/index.php?rest_route=%2Fwp%2Fv2%2Fmedia&parent=9051"}],"wp:term":[{"taxonomy":"category","embeddable":true,"href":"https:\/\/lospoliticosveracruz.com.mx\/index.php?rest_route=%2Fwp%2Fv2%2Fcategories&post=9051"},{"taxonomy":"post_tag","embeddable":true,"href":"https:\/\/lospoliticosveracruz.com.mx\/index.php?rest_route=%2Fwp%2Fv2%2Ftags&post=9051"}],"curies":[{"name":"wp","href":"https:\/\/api.w.org\/{rel}","templated":true}]}}