{"id":9052,"date":"2009-02-11T01:52:00","date_gmt":"2009-02-11T01:52:00","guid":{"rendered":"http:\/\/www.lospoliticosveracruz.com.mx\/?p=9052"},"modified":"2014-10-08T19:27:54","modified_gmt":"2014-10-08T19:27:54","slug":"la-verdad-oculta","status":"publish","type":"post","link":"https:\/\/lospoliticosveracruz.com.mx\/?p=9052","title":{"rendered":"La verdad oculta"},"content":{"rendered":"<p><strong>(Enviado en el anonimato)<\/strong><\/p>\n<p>Sabemos que probablemente muchos de ustedes han escuchado o le\u00eddo las absurdas y rid\u00edculas acusaciones que un grupo rezagado del PAN ha hecho circular en contra de funcionarios del Ayuntamiento de Boca del R\u00edo y del Director del Issste Miguel \u00c1ngel Yunes Linares.<br \/>Este grupo, comandado por Julen Rementer\u00eda, Juan Bueno Torio y Gerardo Buganza, no ha hecho sino obstaculizar el crecimiento del PAN, que ahora est\u00e1 en manos de un tr\u00edo de intransigentes que se aferran desesperadamente a Paco Guti\u00e9rrez de Velasco como precandidato, a quien en Boca del Rio conocemos por las obras suntuosas que hizo con su primo Ram\u00f3n, pero no para beneficio de los Boque\u00f1os. Hablemos claro: de no haber sido porque el PAN se abri\u00f3 a la sociedad en el 2007, hoy habr\u00edamos perdido la presidencia de Boca del R\u00edo. <br \/>Este tr\u00edo de personajes que se creen amos absolutos del PAN no se dan cuenta que lo \u00fanico que est\u00e1n causando con sus decisiones es menguar la oportunidad de triunfo del PAN llegando incluso a intentar aliarse con el PRI. O \u00bfdebemos olvidar la luna de miel de Guti\u00e9rrez de Velasco con Fidel Herrera Beltr\u00e1n? \u00bfO las reuniones de Julen Rementer\u00eda con Reynaldo Escobar en la ciudad de M\u00e9xico? \u00bfO la alianza de Juan Bueno con Manlio Fabio Beltrones, la expresi\u00f3n misma del PRI m\u00e1s oscuro? \u00bfOlvidamos la docilidad de Paco Guti\u00e9rrez cuando quer\u00eda venderse a la Fidelidad a  cambio de la Secretar\u00eda de Turismo? <br \/>\u00bfTan pobre es su habilidad pol\u00edtica? \u00bfTan cerrados y faltos de visi\u00f3n pueden ser para apoyar a alguien con un capital pol\u00edtico tan mermado? O es que no se acuerdan que Paco Guti\u00e9rrez de Velasco no hizo nada por Boca del R\u00edo, que el \u00fanico resultado de su gesti\u00f3n fue su propio enriquecimiento que ahora ostenta en el yate que cada domingo pasea descaradamente por la bah\u00eda de Boca del R\u00edo. \u00bfDe verdad creen que la gente no se da cuenta? \u00bfDe verdad creen que no se acuerdan?<br \/>Con este tipo de l\u00edderes el panorama para nuestro partido es claro: la derrota ante un candidato hechizo, como Salvador Manzur, pero que nos derrotar\u00e1 en una elecci\u00f3n de Estado, apadrinado por el alquimista de la Fidelidad. <br \/>Lo que el PAN necesita es renovarse y apoyar a precandidatos frescos con posibilidades reales de triunfo.<br \/>Es momento de cambiar la direcci\u00f3n, desprendernos del mal liderazgo que han dado al partido algunos de sus miembros, que creen que antig\u00fcedad es equivalente a eficiencia y popularidad.<br \/>El PAN a\u00fan puede lograr muchas cosas si decidimos renovarnos. Lleg\u00f3 el momento de decidir: una nueva era o la continuaci\u00f3n de la \u00e9poca de los nacidos para perder.<br \/>Vamos a olvidarnos del  fracaso con Buganza, del legado corrupto de los Guti\u00e9rrez de Velasco, de la intransigencia de Julen, vamos hacia un nuevo porvenir. El futuro del PAN est\u00e1 en nuestras manos, repitamos como en el 2007 el triunfo en Boca del R\u00edo, no nos dejemos hundir por la ola de fracasos en otros municipios.<br \/>Boca del R\u00edo a\u00fan tiene un porvenir, en tu decisi\u00f3n est\u00e1 su preservaci\u00f3n.<\/p>\n<p>TUS AMIGOS<br \/>PAN ABIERTO A LA SOCIEDAD<\/p>\n","protected":false},"excerpt":{"rendered":"<p>(Enviado en el anonimato) Sabemos que probablemente muchos de ustedes han escuchado o le\u00eddo las absurdas y rid\u00edculas acusaciones que un grupo rezagado del PAN ha hecho circular en contra de funcionarios del Ayuntamiento de Boca del R\u00edo y del Director del Issste Miguel \u00c1ngel Yunes Linares.Este grupo, comandado por Julen Rementer\u00eda, Juan Bueno Torio [&hellip;]<\/p>\n","protected":false},"author":1,"featured_media":0,"comment_status":"open","ping_status":"open","sticky":false,"template":"","format":"standard","meta":{"_jetpack_newsletter_access":"","_jetpack_dont_email_post_to_subs":false,"_jetpack_newsletter_tier_id":0,"_jetpack_memberships_contains_paywalled_content":false,"_jetpack_memberships_contains_paid_content":false,"footnotes":""},"categories":[1],"tags":[],"class_list":["post-9052","post","type-post","status-publish","format-standard","hentry","category-sin-categoria"],"jetpack_featured_media_url":"","jetpack_sharing_enabled":true,"jetpack_shortlink":"https:\/\/wp.me\/p4Qcd3-2m0","_links":{"self":[{"href":"https:\/\/lospoliticosveracruz.com.mx\/index.php?rest_route=\/wp\/v2\/posts\/9052","targetHints":{"allow":["GET"]}}],"collection":[{"href":"https:\/\/lospoliticosveracruz.com.mx\/index.php?rest_route=\/wp\/v2\/posts"}],"about":[{"href":"https:\/\/lospoliticosveracruz.com.mx\/index.php?rest_route=\/wp\/v2\/types\/post"}],"author":[{"embeddable":true,"href":"https:\/\/lospoliticosveracruz.com.mx\/index.php?rest_route=\/wp\/v2\/users\/1"}],"replies":[{"embeddable":true,"href":"https:\/\/lospoliticosveracruz.com.mx\/index.php?rest_route=%2Fwp%2Fv2%2Fcomments&post=9052"}],"version-history":[{"count":0,"href":"https:\/\/lospoliticosveracruz.com.mx\/index.php?rest_route=\/wp\/v2\/posts\/9052\/revisions"}],"wp:attachment":[{"href":"https:\/\/lospoliticosveracruz.com.mx\/index.php?rest_route=%2Fwp%2Fv2%2Fmedia&parent=9052"}],"wp:term":[{"taxonomy":"category","embeddable":true,"href":"https:\/\/lospoliticosveracruz.com.mx\/index.php?rest_route=%2Fwp%2Fv2%2Fcategories&post=9052"},{"taxonomy":"post_tag","embeddable":true,"href":"https:\/\/lospoliticosveracruz.com.mx\/index.php?rest_route=%2Fwp%2Fv2%2Ftags&post=9052"}],"curies":[{"name":"wp","href":"https:\/\/api.w.org\/{rel}","templated":true}]}}