{"id":9057,"date":"2009-02-09T17:22:00","date_gmt":"2009-02-09T17:22:00","guid":{"rendered":"http:\/\/www.lospoliticosveracruz.com.mx\/?p=9057"},"modified":"2014-10-08T19:27:55","modified_gmt":"2014-10-08T19:27:55","slug":"realmente-que-le-paso-a-tio-fide","status":"publish","type":"post","link":"https:\/\/lospoliticosveracruz.com.mx\/?p=9057","title":{"rendered":"\u00bfRealmente qu\u00e9 le pas\u00f3 a T\u00edo Fide?"},"content":{"rendered":"<p><strong>Apreciables medios de Comunicaci\u00f3n<\/strong><\/p>\n<p>Me atrevo a mandarles esta carta que no es de un an\u00f3nimo como ha sucedido recientemente y se lee d\u00eda a d\u00eda en los periodicos mas reconocidos de la zona conurbada y quiero expresar mi confusi\u00f3n y pido una aclaraci\u00f3n al respecto ya que al leer y escuchar en vrios medios de comunicaci\u00f3n que el gobernador del estado, al cual todos queremos y conocemos como el popular t\u00edo fide sufre de una lesi\u00f3n producto de un accidente cuando le hacia al pedro infante abordo de una moto all\u00e1 en la capital del estado.<br \/>Quiero comentarles que yo personalmente estuve en el evento del pasado viernes donde se inauguraba un puente en la zona norte del municipio de veracruz, lugar donde por cierto vivo y se me invit\u00f3 a asistir al evento de inauguraci\u00f3n por parte de personal de gobrnaci\u00f3n del ayuntamiento de veracruz, obra que nos beneficiar\u00e1 en mucho a los miles de ciudadanos que ya vivimos en esta zona norte de la ciudad.<br \/>Me extra\u00f1\u00f3 mucho ver que ya estando en el estrado donde se realizar\u00eda la inauguraci\u00f3n del puente, el alcalde de la ciudad acompa\u00f1ado del t\u00edo fide a un costado comenz\u00f3 a voltear insistentemente hacia el gobernador del estado, lo ve\u00eda mal, desencajado, con un mal gesto, mareado y siendo auxiliado por sus acompa\u00f1antes para que no se fuera a caer ya que estaba a punto del desmayo. <br \/>Al gobernador r\u00e1pidamente lo bajaron literalmente cargando de la tarima y sali\u00f3 en sus camionetas con rumbo veloz hacia conocido hospital de veracruz, donde hasta hoy las autoridades guardan un total hermetismo al respecto y se ha difundido por parte de los medios de comunicaci\u00f3n que fue a una rehabilitaci\u00f3n por una lesi\u00f3n sufrida en moto.<br \/>Los que lo apreciamos, votamos por \u00e9l exijimos se nos hable claro, ya que lo que yo v\u00ed en ese momento y lugar enfrente de \u00e9l fu\u00e9 una situaci\u00f3n completamente diferente a la que se ha publicado en los medios de comunicaci\u00f3n.<br \/>No queremos pensar mal y que nuestro gobernador se encuentre con un grave padecimiento y este se nos este ocultando. Exigo al igual que muchos ciudadanos que nos dimos cuenta de lo que le sucedi\u00f3 en realidad al gobernador que se nos hable claro y con la verdad que fu\u00e9 lo que le paso en realidad o que es lo que tiene nuestro T\u00edo Fide.<br \/>Muchas Gracias.<br \/><strong>Benjam\u00edn Flores Alcal\u00e1<\/strong><\/p>\n","protected":false},"excerpt":{"rendered":"<p>Apreciables medios de Comunicaci\u00f3n Me atrevo a mandarles esta carta que no es de un an\u00f3nimo como ha sucedido recientemente y se lee d\u00eda a d\u00eda en los periodicos mas reconocidos de la zona conurbada y quiero expresar mi confusi\u00f3n y pido una aclaraci\u00f3n al respecto ya que al leer y escuchar en vrios medios [&hellip;]<\/p>\n","protected":false},"author":1,"featured_media":0,"comment_status":"open","ping_status":"open","sticky":false,"template":"","format":"standard","meta":{"_jetpack_newsletter_access":"","_jetpack_dont_email_post_to_subs":false,"_jetpack_newsletter_tier_id":0,"_jetpack_memberships_contains_paywalled_content":false,"_jetpack_memberships_contains_paid_content":false,"footnotes":""},"categories":[1],"tags":[],"class_list":["post-9057","post","type-post","status-publish","format-standard","hentry","category-sin-categoria"],"jetpack_featured_media_url":"","jetpack_sharing_enabled":true,"jetpack_shortlink":"https:\/\/wp.me\/p4Qcd3-2m5","_links":{"self":[{"href":"https:\/\/lospoliticosveracruz.com.mx\/index.php?rest_route=\/wp\/v2\/posts\/9057","targetHints":{"allow":["GET"]}}],"collection":[{"href":"https:\/\/lospoliticosveracruz.com.mx\/index.php?rest_route=\/wp\/v2\/posts"}],"about":[{"href":"https:\/\/lospoliticosveracruz.com.mx\/index.php?rest_route=\/wp\/v2\/types\/post"}],"author":[{"embeddable":true,"href":"https:\/\/lospoliticosveracruz.com.mx\/index.php?rest_route=\/wp\/v2\/users\/1"}],"replies":[{"embeddable":true,"href":"https:\/\/lospoliticosveracruz.com.mx\/index.php?rest_route=%2Fwp%2Fv2%2Fcomments&post=9057"}],"version-history":[{"count":0,"href":"https:\/\/lospoliticosveracruz.com.mx\/index.php?rest_route=\/wp\/v2\/posts\/9057\/revisions"}],"wp:attachment":[{"href":"https:\/\/lospoliticosveracruz.com.mx\/index.php?rest_route=%2Fwp%2Fv2%2Fmedia&parent=9057"}],"wp:term":[{"taxonomy":"category","embeddable":true,"href":"https:\/\/lospoliticosveracruz.com.mx\/index.php?rest_route=%2Fwp%2Fv2%2Fcategories&post=9057"},{"taxonomy":"post_tag","embeddable":true,"href":"https:\/\/lospoliticosveracruz.com.mx\/index.php?rest_route=%2Fwp%2Fv2%2Ftags&post=9057"}],"curies":[{"name":"wp","href":"https:\/\/api.w.org\/{rel}","templated":true}]}}