{"id":9058,"date":"2009-02-09T17:07:00","date_gmt":"2009-02-09T17:07:00","guid":{"rendered":"http:\/\/www.lospoliticosveracruz.com.mx\/?p=9058"},"modified":"2014-10-08T19:27:56","modified_gmt":"2014-10-08T19:27:56","slug":"burradas-del-pan","status":"publish","type":"post","link":"https:\/\/lospoliticosveracruz.com.mx\/?p=9058","title":{"rendered":"Burradas del PAN"},"content":{"rendered":"<p><a href=\"http:\/\/www.lospoliticosveracruz.com.mx\/wp-content\/uploads\/2009\/02\/Gorbe-C3-B1a.jpg\"><img decoding=\"async\" style=\"float:right; margin:0 0 10px 10px;cursor:pointer; cursor:hand;width: 150px; height: 200px;\" src=\"http:\/\/www.lospoliticosveracruz.com.mx\/wp-content\/uploads\/2009\/02\/Gorbe-C3-B1a-225x300.jpg\" border=\"0\" alt=\"\"id=\"BLOGGER_PHOTO_ID_5300845735029442866\" \/><\/a><br \/><strong>Jos\u00e9 Villegas L\u00f3pez<\/strong><br \/><em>Expresi\u00f3n Personal<\/em><\/p>\n<p>Los panistas en C\u00f3rdoba andan presumiendo su ignorancia, miren que de acuerdo a la Ley de Divisiones Territoriales dice que en las elecciones para elegir diputados en los estados de la Republica Mexicana, en las lo que se refiere a la propaganda deben de poner cuando se refiere a un  Distrito Local va escrito con n\u00famero romano XVI y el Distrito Federal va con n\u00famero ar\u00e1bigo o sea 16.<br \/>El error garrafal del candidato Emilio Gorbe\u00f1a es que puso en su propaganda \u201cPrecandidato a diputado ferderal por el Distrito XVI\u201d As\u00ed con tremenda falta de ortograf\u00eda en la palabra: Ferderal,  incluyendo el n\u00famero romano, eso es solamente en cuestiones sencillas, \u00bfSe imaginan si es que llegaran al Congreso de la Uni\u00f3n? Los panistas tapizaron la ciudad de C\u00f3rdoba desde el s\u00e1bado en punto de las 23:45 comenzando en la Avenida 11, la escuela ESBAO entre otras calles del centro de la ciudad.<\/p>\n<p><strong>\u00a1Hugo Vega se come el tamal!<\/strong><br \/>Hugo Vega Morales ofreci\u00f3 el d\u00eda de ayer una \u201cTamaliza\u201d con motivo del D\u00eda de la Candelaria a los trabajadores de diversos medios de informaci\u00f3n, como un compromiso contra\u00eddo en la partida de Rosca de Reyes del pasado 6 de enero, en un evento llevado a cabo en el Sal\u00f3n Social de la CROC en la calle de Zaragoza el \u201cCompayito\u201d quien siempre se ha distinguido por su bondad y caballerosidad ante los reporteros, columnistas, fot\u00f3grafos, directores y camar\u00f3grafos que hacen que la sociedad veracruzana est\u00e9 bien informada, con un poder de convocatoria y reconocer con toda la admiraci\u00f3n: La llamada que personalmente hizo el \u00fanico funcionario fidelista que se ha sentado hasta ahora con la flota reporteril, con la firme intenci\u00f3n de invitar a este fest\u00edn, dijo el Coordinador de Asesores de la Secretar\u00eda de Gobierno:<br \/>\u201cAgradezco el aprecio, el cari\u00f1o y la estimaci\u00f3n de todos ustedes, no es lo que se puede o no dar, yo creo que lo que se puede dar en la vida y no nos cuesta nada es atenci\u00f3n y sobre todo estar y convivir con la gente, yo me siento muy orgulloso de ser amigo de ustedes y que ustedes sean mis amigos, porque definitivamente lo mas preciado que puede existir en la vida es estar rodeado siempre de esas amistades, yo me siento muy a gusto y cr\u00e9anmelo, cada vez que todos ustedes algunos juntos, otros por separado, pero cuando van a visitarme a la oficina, se los digo sinceramente se que es sin ning\u00fan inter\u00e9s, solamente con la intenci\u00f3n de refrendar la amistad con el amigo, principalmente tambi\u00e9n para buscar una fuente de informaci\u00f3n que ustedes requieren para sus importantes medios de informaci\u00f3n, les agradezco enormemente que esa relaci\u00f3n en la que yo como funcionario p\u00fablico donde fui puesto por mi amigo el Gobernador Fidel Herrera Beltr\u00e1n, d\u00e9jenme decirles que yo he estado mas del otro lado de la mesa que donde estoy ahorita\u201d (Funcionario de gobierno).<br \/>Resalt\u00f3 el amigo de los periodistas que:<br \/>\u201cEl haber estado del otro lado de la mesa (Sociedad civil) me ha ense\u00f1ado en la vida que la vida\u2026Y eso me lo ense\u00f1\u00f3 mi padre que en paz descanse: \u201cQue en la vida hay que ser atento, humilde y sobre todo tener siempre la disponibilidad de buscar como ayudar y apoyar a las personas que nos van a solicitar y a pedir ese apoyo\u201d; Entonces yo me siento muy orgulloso de ustedes, de saber que soy su amigo de todos y cada uno de ustedes y que gracias a Dios, ustedes me dispensan esa amistad, much\u00edsimas gracias a todos por ese aprecio y ese cari\u00f1o que me han manifestado, no ahorita con sus palabras, ni tampoco con sus notas period\u00edsticas, sino como personas, yo en ustedes valoro a la persona independientemente de que sean periodistas o no, para mi lo importante de ustedes es la persona y esa personalidad de cada uno de ustedes es para mi muy significativa y cuentan con toda mi admiraci\u00f3n, respeto y cari\u00f1o\u201d. Palabras que hicieron cimbrar de emoci\u00f3n el inmueble que estuvo lleno hasta su m\u00e1xima capacidad.<br \/>En un acto de humildad y sencillez, el funcionario fidelista recibi\u00f3 las muestras de apoyo de todos los ah\u00ed presentes, donde con \u201cVivas\u201d y \u201cPorras\u201d manifestaron su entusiasmo de tener la oportunidad de estar conviviendo con Hugo Vega Morales, un hombre que se ha forjado con la cultura del esfuerzo, con todos los valores morales, haciendo honor a su apellido materno, saludamos al amigo y  a un ser comprometido por servir fielmente a su amigo y compadre Fidel Herrera Beltr\u00e1n y a los que acuden con \u00e9l cuando requieren alguna orientaci\u00f3n o apoyo.<br \/>Algunos de los que estuvieron en el festejo:<br \/>Norma Itzel Landa Hern\u00e1ndez, Alejandra Rosas Borbonio, Rosalinda S\u00e1enz y Z\u00e1rate, Rosa Mar\u00eda Bravo, Leovigilda Ochoa, Andr\u00e9s Hondall \u00d1eco, Pedro Dom\u00ednguez Olmos, Francisco Urbina Soto, Quirino Moreno Quiza, Mario Javier S\u00e1nchez de la Torre, Jos\u00e9 Antonio Ortega Miranda, Celso, R. Gonz\u00e1lez, Miguel Landa Pe\u00f1a, Jos\u00e9 Luis L\u00f3pez P\u00e9rez, V\u00edctor G\u00e1ndara, Timoteo Solano Hern\u00e1ndez, Juan Olivares Ram\u00edrez, Carlos Lucio Acosta, Pablo Filiberto Hern\u00e1ndez V\u00e9lez, Claudia Guerrero Mart\u00ednez, Antonio Palacios Villa, Nicol\u00e1s Torres Lelemba, Juan Osorio (No el productor de Televisa), Enrique Pozos, Iv\u00e1n Tello G\u00f3mez, Hugo Figueroa, Alberto Huitr\u00f3n Rodr\u00edguez, recientemente nombrador Gerente de Grupo Acir-Xalapa, cont\u00f3 adem\u00e1s con la presencia del Presidente Nacional de la Fundaci\u00f3n Vida Digna, A.C. Alfonso Palomo Bueno entre muchos invitados m\u00e1s.<\/p>\n<p><strong>To\u00f1o G\u00f3mez, \u00a1el sensible!<\/strong><br \/>As\u00ed lo dijo el mismo Gobernador del Estado, Fidel Herrera Beltr\u00e1n en la Hacienda de la Ordu\u00f1a, ubicada en la poblaci\u00f3n del mismo nombre del municipio de Coatepec, a donde acudi\u00f3 a una comida que ofreci\u00f3 para el escritor Carlos Fuentes.<br \/>S\u00ed, To\u00f1o G\u00f3mez ha sido un joven valioso que cuenta con toda la confianza de su \u201cJefe\u201d se ha disciplinado en las tareas electorales siempre esperando los momentos adecuados, para el nativo de la ciudad de Teocelo no hay prisa, disfruta y aprende de su Maestro Fidel, quien ha reconocido la fidelidad de su colaborador en su entrega y profesionalismo, hoy lo coloca en un lugar privilegiado al frente del manejo de los recursos econ\u00f3micos en la Secretar\u00eda de Desarrollo Social y Medio Ambiente (Sedesma) La Direcci\u00f3n de Administraci\u00f3n que dej\u00f3 ac\u00e9fala Jos\u00e9 Luis Poceros Luna, en Paz Descanse.<br \/>Coment\u00e1bamos las palabras del Gobernador en referencia a To\u00f1o G\u00f3mez porque la gente le agradec\u00eda a Fidel Herrera Beltr\u00e1n por que ha sido benefactor en el Distrito de Coatepec y que siempre ha respondido a sus instrucciones apoyando en todo a su gente de la zona, contestando: \u201cS\u00ed, To\u00f1o G\u00f3mez es un hombre muy sensible\u201d palabras que llenaron de orgullo y alegr\u00eda al nuevo funcionario de la Sedesma.<\/p>\n<p><strong>Memo, 2 del IVT<\/strong><br \/>Guillermo Hern\u00e1ndez Mart\u00ednez, quien fung\u00eda como Coordinador Operativo de la Fundaci\u00f3n Fidel Herrera Beltr\u00e1n AC, fue nombrado como Subdirector del Instituto Veracruzano del Transporte, en sustituci\u00f3n del ahora Director Omar Rivera Meza; Memo realiz\u00f3 una estupenda tarea en el organismo altruista donde se dio atenci\u00f3n a m\u00e1s de 1500 personas durante el tiempo estuvo al frente, recordemos que el Presidente es Carlos Armando Biebrich G\u00e1ndara, quien cumple alguna comisi\u00f3n directa del Gobernador y es por eso que el Coordinador Estatal ha logrado a base de Jornadas Comunitarias Asistenciales, donde empresarios y gente que dedica su tiempo a servir a la sociedad mas necesitada se da cita en los regiones mas apartadas de los municipios para ofrecer sus servicios, logrando con ello una gran aceptaci\u00f3n de la gente, la Fundaci\u00f3n sigue siendo una instituci\u00f3n noble que se basa en las aportaciones de empresas y donativos.<\/p>\n<p><strong>Olga Alarc\u00f3n \u00bfSuplente de Ahued?<\/strong><br \/>Una mujer joven que ha trabajado en la base ciudadana, como es en las colonias de la periferia de la ciudad y con muchas ganas de apoyar en las tareas partidistas del PRI, es la inquieta dirigente de las mujeres pri\u00edstas de Xalapa, (OMMPRI) Olga Alarc\u00f3n Ric\u00e1rdez mantiene excelentes relaciones con los principales actores de la pol\u00edtica y lo que es mejor a\u00fan\u2026Con dirigentes de seccionales que son los que votan tambien, mismos que siempre han sido los que marcan las diferencias en las elecciones, Ricardo Ahued Bardahuil debe de mirar hacia ella, para que sea su suplente en la f\u00f3rmula rumbo a la diputaci\u00f3n federal, por m\u00e9ritos propios y avalando la equidad de g\u00e9nero, Olga ser\u00eda una excelente opci\u00f3n.<\/p>\n<p><strong>Respaldo a Maruely<\/strong><br \/>Las estructuras partidistas del PRI en los municipios de Atzalan y Misantla reafirmaron su convicci\u00f3n de trabajar coordinadamente para que la precandidata de su partido, Mariely Manterola S\u00e1inz se convierta en la Diputada Federal representando al distrito 07 con cabecera en Mart\u00ednez de la Torre. En reuniones separadas, los representantes de seccionales y sus estructuras sostuvieron encuentros de trabajo en las que conocieron los planteamientos de su precandidata a la Diputaci\u00f3n Federal, Mariely Manterola, con los que conseguir\u00e1n mejores apoyos para todos los sectores sociales de esta zona, ya que su partido, el PRI tiene un gran compromiso con la poblaci\u00f3n. Los representantes seccionales e integrantes del consejo pol\u00edtico han expresado que con Mariely Manterola hay todas las posibilidades para obtener el triunfo. En Atzalan, los representantes de seccionales de diferentes comunidades como Tierra Nueva, Pompeya, Plan de Arroyos y muchas otras comunidades pertenecientes a ese municipio, tanto de la parte alta, media y baja manifestaron que tienen toda su confianza depositada en Mariely Manterola, ya que como precandidata se convertir\u00e1 en la candidata oficial y posteriormente tendr\u00e1 todo a su favor para ser la Legisladora Federal, a la que respaldar\u00e1n para que pueda gestionar beneficios y apoyos a los municipios del distrito. <br \/> En Misantla la estructura de seccionales demostr\u00f3 su unidad y voluntad de iniciar sus trabajos de precampa\u00f1a, donde adem\u00e1s renovaron las estructuras de organizaciones adherentes del PRI como el Organismo de Mujeres, Frente Juvenil Revolucionario, M\u00e9xico Nuevo y el sector popular que representa la CNOP. <br \/> Comentarios y sugerencias: expresionpersonal@hotmail.com<br \/>Celular: 0442281341440.<\/p>\n","protected":false},"excerpt":{"rendered":"<p>Jos\u00e9 Villegas L\u00f3pezExpresi\u00f3n Personal Los panistas en C\u00f3rdoba andan presumiendo su ignorancia, miren que de acuerdo a la Ley de Divisiones Territoriales dice que en las elecciones para elegir diputados en los estados de la Republica Mexicana, en las lo que se refiere a la propaganda deben de poner cuando se refiere a un Distrito [&hellip;]<\/p>\n","protected":false},"author":1,"featured_media":0,"comment_status":"open","ping_status":"open","sticky":false,"template":"","format":"standard","meta":{"_jetpack_newsletter_access":"","_jetpack_dont_email_post_to_subs":false,"_jetpack_newsletter_tier_id":0,"_jetpack_memberships_contains_paywalled_content":false,"_jetpack_memberships_contains_paid_content":false,"footnotes":""},"categories":[1],"tags":[],"class_list":["post-9058","post","type-post","status-publish","format-standard","hentry","category-sin-categoria"],"jetpack_featured_media_url":"","jetpack_sharing_enabled":true,"jetpack_shortlink":"https:\/\/wp.me\/p4Qcd3-2m6","_links":{"self":[{"href":"https:\/\/lospoliticosveracruz.com.mx\/index.php?rest_route=\/wp\/v2\/posts\/9058","targetHints":{"allow":["GET"]}}],"collection":[{"href":"https:\/\/lospoliticosveracruz.com.mx\/index.php?rest_route=\/wp\/v2\/posts"}],"about":[{"href":"https:\/\/lospoliticosveracruz.com.mx\/index.php?rest_route=\/wp\/v2\/types\/post"}],"author":[{"embeddable":true,"href":"https:\/\/lospoliticosveracruz.com.mx\/index.php?rest_route=\/wp\/v2\/users\/1"}],"replies":[{"embeddable":true,"href":"https:\/\/lospoliticosveracruz.com.mx\/index.php?rest_route=%2Fwp%2Fv2%2Fcomments&post=9058"}],"version-history":[{"count":0,"href":"https:\/\/lospoliticosveracruz.com.mx\/index.php?rest_route=\/wp\/v2\/posts\/9058\/revisions"}],"wp:attachment":[{"href":"https:\/\/lospoliticosveracruz.com.mx\/index.php?rest_route=%2Fwp%2Fv2%2Fmedia&parent=9058"}],"wp:term":[{"taxonomy":"category","embeddable":true,"href":"https:\/\/lospoliticosveracruz.com.mx\/index.php?rest_route=%2Fwp%2Fv2%2Fcategories&post=9058"},{"taxonomy":"post_tag","embeddable":true,"href":"https:\/\/lospoliticosveracruz.com.mx\/index.php?rest_route=%2Fwp%2Fv2%2Ftags&post=9058"}],"curies":[{"name":"wp","href":"https:\/\/api.w.org\/{rel}","templated":true}]}}