{"id":9060,"date":"2009-02-09T16:40:00","date_gmt":"2009-02-09T16:40:00","guid":{"rendered":"http:\/\/www.lospoliticosveracruz.com.mx\/?p=9060"},"modified":"2014-10-08T19:27:56","modified_gmt":"2014-10-08T19:27:56","slug":"panistas-de-corazon","status":"publish","type":"post","link":"https:\/\/lospoliticosveracruz.com.mx\/?p=9060","title":{"rendered":"Panistas de coraz\u00f3n"},"content":{"rendered":"<p><strong>Compa\u00f1eros panistas<br \/>Sociedad veracruzana<\/strong><\/p>\n<p>El motivo de esta carta es para expresarles nuestra preocupaci\u00f3n y molestia  sobre la triste situaci\u00f3n que estamos viviendo en el Partido Acci\u00f3n Nacional.<br \/>Vemos como un intruso, un mercenario de la pol\u00edtica como lo es Miguel \u00c1ngel Yunes Linares ha desafiando la voluntad de los miembros del partido, imponiendo sus ambiciones particulares al bienestar com\u00fan y sobre todo al bienestar del Partido Acci\u00f3n Nacional.<br \/>Esto es algo que los verdaderos panistas no podemos permitir, que un traidor y un represor oportunista intente apropiarse del partido, convirtiendo el municipio de Boca del R\u00edo en una sucursal de candidaturas para su familia.<br \/>No conforme con esto, Yunes Linares ha orquestado con la ayuda de Paco Vicente, Director de Comunicaci\u00f3n de Boca del R\u00edo, una serie de ataques en contra de varias figuras de nuestro partido, entre los que se cuentan el haber mandando pintar la fachada de la sede del PAN municipal con leyendas en las que se acusa a Julen Rementer\u00eda de traidor, sin ning\u00fan tipo de fundamento.<br \/>Ante \u00e9sta triste y desagradable situaci\u00f3n para el partido les hacemos \u00e9sta pregunta \u00bfQui\u00e9n es el traidor? \u00bfQui\u00e9n impuso a Julio Salda\u00f1a como precandidato? \u00bfQui\u00e9n traicion\u00f3 la voluntad de los panistas al no apoyar a Paco Guti\u00e9rrez de Velasco? \u00bfQui\u00e9n impuso a su propio hijo como precandidato suplente? y sobre todo\u2026\u00bfQui\u00e9n es el expri\u00edsta que ha utilizado sin escr\u00fapulos al PAN, en favor de sus desmedidas ambiciones?.<br \/>Creemos que la respuesta a las preguntas es clara, y es por eso que los invitamos a demostrar de lo que estamos hechos los verdaderos panistas, los que siempre hemos estado aqu\u00ed. No permitamos que un expri\u00edsta sin valores nos haga flaquear, por lo contrario, recordemos que ya lo hemos derrotado antes y que tenemos la fuerza para hacerlo de nuevo, para repetir nuestro triunfo como lo hicimos en el 94 con Roberto Bueno y en el 97 con Angel Deschamps y Francisco \u00c1vila Camberos, cuando construimos un partido contra el que Yunes no pudo ni podr\u00e1.<br \/>Nosotros, los que s\u00ed queremos al PAN, debemos estar unidos para evitar que Miguel \u00c1ngel Yunes Linares contin\u00fae manipulando nuestro partido.<\/p>\n<p>Atentamente<br \/><strong>Movimiento Renovador del PAN<\/strong><\/p>\n","protected":false},"excerpt":{"rendered":"<p>Compa\u00f1eros panistasSociedad veracruzana El motivo de esta carta es para expresarles nuestra preocupaci\u00f3n y molestia sobre la triste situaci\u00f3n que estamos viviendo en el Partido Acci\u00f3n Nacional.Vemos como un intruso, un mercenario de la pol\u00edtica como lo es Miguel \u00c1ngel Yunes Linares ha desafiando la voluntad de los miembros del partido, imponiendo sus ambiciones particulares [&hellip;]<\/p>\n","protected":false},"author":1,"featured_media":0,"comment_status":"open","ping_status":"open","sticky":false,"template":"","format":"standard","meta":{"_jetpack_newsletter_access":"","_jetpack_dont_email_post_to_subs":false,"_jetpack_newsletter_tier_id":0,"_jetpack_memberships_contains_paywalled_content":false,"_jetpack_memberships_contains_paid_content":false,"footnotes":""},"categories":[1],"tags":[],"class_list":["post-9060","post","type-post","status-publish","format-standard","hentry","category-sin-categoria"],"jetpack_featured_media_url":"","jetpack_sharing_enabled":true,"jetpack_shortlink":"https:\/\/wp.me\/p4Qcd3-2m8","_links":{"self":[{"href":"https:\/\/lospoliticosveracruz.com.mx\/index.php?rest_route=\/wp\/v2\/posts\/9060","targetHints":{"allow":["GET"]}}],"collection":[{"href":"https:\/\/lospoliticosveracruz.com.mx\/index.php?rest_route=\/wp\/v2\/posts"}],"about":[{"href":"https:\/\/lospoliticosveracruz.com.mx\/index.php?rest_route=\/wp\/v2\/types\/post"}],"author":[{"embeddable":true,"href":"https:\/\/lospoliticosveracruz.com.mx\/index.php?rest_route=\/wp\/v2\/users\/1"}],"replies":[{"embeddable":true,"href":"https:\/\/lospoliticosveracruz.com.mx\/index.php?rest_route=%2Fwp%2Fv2%2Fcomments&post=9060"}],"version-history":[{"count":0,"href":"https:\/\/lospoliticosveracruz.com.mx\/index.php?rest_route=\/wp\/v2\/posts\/9060\/revisions"}],"wp:attachment":[{"href":"https:\/\/lospoliticosveracruz.com.mx\/index.php?rest_route=%2Fwp%2Fv2%2Fmedia&parent=9060"}],"wp:term":[{"taxonomy":"category","embeddable":true,"href":"https:\/\/lospoliticosveracruz.com.mx\/index.php?rest_route=%2Fwp%2Fv2%2Fcategories&post=9060"},{"taxonomy":"post_tag","embeddable":true,"href":"https:\/\/lospoliticosveracruz.com.mx\/index.php?rest_route=%2Fwp%2Fv2%2Ftags&post=9060"}],"curies":[{"name":"wp","href":"https:\/\/api.w.org\/{rel}","templated":true}]}}