{"id":9067,"date":"2009-02-04T19:18:00","date_gmt":"2009-02-04T19:18:00","guid":{"rendered":"http:\/\/www.lospoliticosveracruz.com.mx\/?p=9067"},"modified":"2014-10-08T19:27:56","modified_gmt":"2014-10-08T19:27:56","slug":"rogelio-ayala-palomino-por-el-pan-o-prd","status":"publish","type":"post","link":"https:\/\/lospoliticosveracruz.com.mx\/?p=9067","title":{"rendered":"Rogelio Ayala Palomino\u2026 \u00bfPor el PAN o PRD?"},"content":{"rendered":"<p><a href=\"http:\/\/www.lospoliticosveracruz.com.mx\/wp-content\/uploads\/2009\/02\/Rogelio_Ayala_Palomino.jpg\"><img decoding=\"async\" style=\"display:block; margin:0px auto 10px; text-align:center;cursor:pointer; cursor:hand;width: 152px; height: 200px;\" src=\"http:\/\/www.lospoliticosveracruz.com.mx\/wp-content\/uploads\/2009\/02\/Rogelio_Ayala_Palomino-227x300.jpg\" border=\"0\" alt=\"\"id=\"BLOGGER_PHOTO_ID_5299024453917228194\" \/><\/a><br \/><strong>Jos\u00e9 Villegas L\u00f3pez<\/strong><br \/><em>Expresi\u00f3n Personal<\/em><\/p>\n<p>El exalcalde de Yecuatla Rogelio Ayala Palomino no para de trabajar en la zona de la sierra de Misantla, como Chiconquiaco, Jilotepec, Acatl\u00e1n y Juchique de Ferrer en donde como siempre es bien recibido, se comenta que posiblemente vuelva a la jugada pol\u00edtica, pero ahora con el Partido Acci\u00f3n Nacional, en donde al parecer si valorar\u00e1n su capital pol\u00edtico y de ser como se comenta acompa\u00f1ante en la formula de la candidata (S\u00ed, porque ser\u00e1 mujer, Cinthia Lobato o Irma Chedraui) del PAN por Xalapa Rural, el Distrito se le complicar\u00e1 a Silvio Lagos a\u00fan mas; Sabemos de sus intenciones de Ayala por ser tomado en cuenta y tambi\u00e9n tiene una gran opci\u00f3n por el PRD como propietario, creemos que su inquietud y deseo de servir a sus paisanos puede mas que los colores de la bandera por la que vaya en busca de la candidatura a la Diputaci\u00f3n Federal \u00a1Bien por el chamaco de oro!<\/p>\n<p><strong>Duarte y sus tres nefastos<\/strong><br \/>Un gran trabajo de penetraci\u00f3n entre la militancia del Distrito XVI de C\u00f3rdoba es la que lleva a cabo el exsecretario de finanzas Javier Duarte de Ochoa, recorriendo comunidades y colonias ha sentido el calor que la gente le profesa a su persona, el candidato tricolor va viento en popa en su aspiraci\u00f3n de ocupar una curul en el Congreso de la Uni\u00f3n, el fin de semana estuvo en Amatl\u00e1n de los Reyes donde el g\u00e9nero femenino le ofrecieron incondicionalmente su voto, caminando recib\u00eda diversas peticiones de necesidades en sus comunidades ah\u00ed se ofreci\u00f3 a apoyar en gestionar el servicio de luz y agua en las instalaciones donde dan clases los miembros del grupo perif\u00e9rico,  siendo la ense\u00f1anza  de Educaci\u00f3n Especial que es el sal\u00f3n ejidal, recibiendo el agradecimiento de la se\u00f1ora Martha laura Mart\u00ednez Ortega, casa por casa fue sumando voluntades de campesinos, amas de casa, obreros, trabajadores del volante y de la ciudadan\u00eda en general, para poder llegar a ganar el d\u00eda 5 de julio, lamentablemente siempre hay \u201cTres pelos en el arroz\u201d y es que hay personas nefastas que le causan mucho da\u00f1o al candidato con sus prepotencias y sangronadas con el mismo pueblo, nos referimos al nefasto \u201cMayor\u201d Vicente Benitez, el nefasto \u201cFinolis\u201d Juan Manuel del Castillo y el nefasto \u201cPayaso\u201d Gabriel de Ante\u2026\u00a1Mucho cuidado Javier Duarte con sus muchachitos! Si los quiere mantener a su lado env\u00edelos a hacer labor de campo, que se llenen tantito de humildad y dejen de obstruir su labor proselitista.<\/p>\n<p><strong>Fidel Kuri<\/strong><br \/>De gran importancia fue la reuni\u00f3n que sostuvo el precandidato a la Diputaci\u00f3n Federal por el Partido Revolucionario Institucional (PRI), Fidel Kuri Grajales con l\u00edderes naturales del municipio, en donde trataron temas diversos y de importancia para el crecimiento de la zona. En este sentido, se dijo que gran parte de los ah\u00ed presentes hablaron de proyectos productivos y formas de impulsar al municipio, por lo que el precandidato analiz\u00f3 cada una de las proposiciones. Minutos m\u00e1s tarde y acompa\u00f1ado de simpatizantes ciudadanos, arrib\u00f3 a las instalaciones del Comit\u00e9 Directivo Municipal del Revolucionario Institucional (PRI), en donde Fidel Kuri inaugur\u00f3 las oficinas. En su intervenci\u00f3n ante los simpatizantes, el tambi\u00e9n empresario orizabe\u00f1o fue claro: \u201cyo no voy a tener casa de campa\u00f1a fija, pues soy un hombre de acciones, que me gusta estar visitando cada punto de mi distrito, por lo que, en caso de ganar la candidatura a la diputaci\u00f3n tomar\u00e9 los comit\u00e9s directivos del PRI como mi hogar, desde donde ver\u00e1 las necesidades de la gente y lanzar\u00e9 mis propuestas\u201d, se\u00f1al\u00f3. Finalmente, Kuri Grajales continuar\u00e1 su recorrido por los municipios del distrito XV con base en Orizaba, recogiendo las opiniones de la gente, en donde d\u00eda a d\u00eda le refrendan su apoyo.<\/p>\n<p>e-mail: expresionpersonal@hotmail.com<br \/>Celular. 0442281341440.<br \/>Para leer m\u00e1s, vaya a <a href=\"http:\/\/www.grupoacontecer.com\/\">http:\/\/www.grupoacontecer.com\/<\/a><\/p>\n","protected":false},"excerpt":{"rendered":"<p>Jos\u00e9 Villegas L\u00f3pezExpresi\u00f3n Personal El exalcalde de Yecuatla Rogelio Ayala Palomino no para de trabajar en la zona de la sierra de Misantla, como Chiconquiaco, Jilotepec, Acatl\u00e1n y Juchique de Ferrer en donde como siempre es bien recibido, se comenta que posiblemente vuelva a la jugada pol\u00edtica, pero ahora con el Partido Acci\u00f3n Nacional, en [&hellip;]<\/p>\n","protected":false},"author":1,"featured_media":0,"comment_status":"open","ping_status":"open","sticky":false,"template":"","format":"standard","meta":{"_jetpack_newsletter_access":"","_jetpack_dont_email_post_to_subs":false,"_jetpack_newsletter_tier_id":0,"_jetpack_memberships_contains_paywalled_content":false,"_jetpack_memberships_contains_paid_content":false,"footnotes":""},"categories":[1],"tags":[],"class_list":["post-9067","post","type-post","status-publish","format-standard","hentry","category-sin-categoria"],"jetpack_featured_media_url":"","jetpack_sharing_enabled":true,"jetpack_shortlink":"https:\/\/wp.me\/p4Qcd3-2mf","_links":{"self":[{"href":"https:\/\/lospoliticosveracruz.com.mx\/index.php?rest_route=\/wp\/v2\/posts\/9067","targetHints":{"allow":["GET"]}}],"collection":[{"href":"https:\/\/lospoliticosveracruz.com.mx\/index.php?rest_route=\/wp\/v2\/posts"}],"about":[{"href":"https:\/\/lospoliticosveracruz.com.mx\/index.php?rest_route=\/wp\/v2\/types\/post"}],"author":[{"embeddable":true,"href":"https:\/\/lospoliticosveracruz.com.mx\/index.php?rest_route=\/wp\/v2\/users\/1"}],"replies":[{"embeddable":true,"href":"https:\/\/lospoliticosveracruz.com.mx\/index.php?rest_route=%2Fwp%2Fv2%2Fcomments&post=9067"}],"version-history":[{"count":0,"href":"https:\/\/lospoliticosveracruz.com.mx\/index.php?rest_route=\/wp\/v2\/posts\/9067\/revisions"}],"wp:attachment":[{"href":"https:\/\/lospoliticosveracruz.com.mx\/index.php?rest_route=%2Fwp%2Fv2%2Fmedia&parent=9067"}],"wp:term":[{"taxonomy":"category","embeddable":true,"href":"https:\/\/lospoliticosveracruz.com.mx\/index.php?rest_route=%2Fwp%2Fv2%2Fcategories&post=9067"},{"taxonomy":"post_tag","embeddable":true,"href":"https:\/\/lospoliticosveracruz.com.mx\/index.php?rest_route=%2Fwp%2Fv2%2Ftags&post=9067"}],"curies":[{"name":"wp","href":"https:\/\/api.w.org\/{rel}","templated":true}]}}