{"id":90780,"date":"2022-06-03T11:31:31","date_gmt":"2022-06-03T16:31:31","guid":{"rendered":"https:\/\/lospoliticosveracruz.com.mx\/?p=90780"},"modified":"2022-06-03T11:31:57","modified_gmt":"2022-06-03T16:31:57","slug":"no-les-creen","status":"publish","type":"post","link":"https:\/\/lospoliticosveracruz.com.mx\/?p=90780","title":{"rendered":"No les creen!"},"content":{"rendered":"\n<p>Xalapa<br>La familia de Viridiana Moreno V\u00e1zquez, la joven desaparecida en Cardel desde el pasado 18 de mayo, solicitar\u00e1 la prueba de antropolog\u00eda forense, para comprobar que el cuerpo que recuper\u00f3 la Fiscal general del estado, corresponde a la de la v\u00edctima, adem\u00e1s de tener dudas sobre la responsabilidad de Greek \u00abN\u00bb en el feminicidio.<br>El abogado Tom\u00e1s Mundo Arriasa, representante legal de la familia, explic\u00f3 que se trata de corroborar datos y dem\u00e1s informaci\u00f3n.<br>Y se pregunt\u00f3 \u00abPor qu\u00e9 tanta secrec\u00eda?\u00bb.<br>En conferencia de prensa, revel\u00f3 que tras varios d\u00edas de solicitarlo \u00abahora s\u00ed le est\u00e1n dando acceso a la carpeta, acceso que le negaron durante toda la investigaci\u00f3n, argumentando la secrec\u00eda del caso\u00bb.<br>Acompa\u00f1ado de los padres de familia de Viridiana Moreno V\u00e1zquez, precis\u00f3 que tampoco se acudir\u00e1 a las audiencias \u00abporque no vamos a convalidar un proceso y si vamos, yo ser\u00e9 el representante legal y dir\u00e9 que no estoy de acuerdo\u00bb.<br>Adem\u00e1s, dijo tener dudas de que Greek \u00abN\u00bb sea responsable del feminicidio de Viridiana Moreno V\u00e1zquez.<br>\u00abSi no hay pruebas s\u00f3lidas, vamos a pedir la liberaci\u00f3n de esa persona, si ese se\u00f1or es responsable de otros delitos que pague, pero en este caso pretextando una forka de justicia acorde a los intereses de ellos\u00bb.<br>Greek \u201cN\u201d, quien es identificado como feminicida serial, est\u00e1 relacionado con al menos 7 asesinatos en cuatro estados , entre ellos el de Viridiana.<br>Greek \u201cN\u201d, presunto asesino de Viridiana Moreno V\u00e1squez, en Veracruz, ha sido identificado como un feminicida serial y estar\u00eda relacionado con al menos otros siete asesinatos en cuatro estados de la Rep\u00fablica, inform\u00f3 en la conferencia ma\u00f1anera del presidente Andr\u00e9s Manuel L\u00f3pez Obrador (AMLO), el subsecretario de Seguridad, Ricardo Mej\u00eda.<\/p>\n","protected":false},"excerpt":{"rendered":"<p>XalapaLa familia de Viridiana Moreno V\u00e1zquez, la joven desaparecida en Cardel desde el pasado 18 de mayo, solicitar\u00e1 la prueba de antropolog\u00eda forense, para comprobar que el cuerpo que recuper\u00f3 la Fiscal general del estado, corresponde a la de la v\u00edctima, adem\u00e1s de tener dudas sobre la responsabilidad de Greek \u00abN\u00bb en el feminicidio.El abogado [&hellip;]<\/p>\n","protected":false},"author":2,"featured_media":0,"comment_status":"closed","ping_status":"closed","sticky":false,"template":"","format":"standard","meta":{"_jetpack_newsletter_access":"","_jetpack_dont_email_post_to_subs":false,"_jetpack_newsletter_tier_id":0,"_jetpack_memberships_contains_paywalled_content":false,"_jetpack_memberships_contains_paid_content":false,"footnotes":""},"categories":[6446],"tags":[1563,4116,1026,195,15165],"class_list":["post-90780","post","type-post","status-publish","format-standard","hentry","category-la-nota","tag-cuitlahuac-garcia-jimenez","tag-fiscalia-general-del-estado","tag-morena","tag-veracruz","tag-veronica-hernandez-giadans"],"jetpack_featured_media_url":"","jetpack_sharing_enabled":true,"jetpack_shortlink":"https:\/\/wp.me\/p4Qcd3-nCc","_links":{"self":[{"href":"https:\/\/lospoliticosveracruz.com.mx\/index.php?rest_route=\/wp\/v2\/posts\/90780","targetHints":{"allow":["GET"]}}],"collection":[{"href":"https:\/\/lospoliticosveracruz.com.mx\/index.php?rest_route=\/wp\/v2\/posts"}],"about":[{"href":"https:\/\/lospoliticosveracruz.com.mx\/index.php?rest_route=\/wp\/v2\/types\/post"}],"author":[{"embeddable":true,"href":"https:\/\/lospoliticosveracruz.com.mx\/index.php?rest_route=\/wp\/v2\/users\/2"}],"replies":[{"embeddable":true,"href":"https:\/\/lospoliticosveracruz.com.mx\/index.php?rest_route=%2Fwp%2Fv2%2Fcomments&post=90780"}],"version-history":[{"count":1,"href":"https:\/\/lospoliticosveracruz.com.mx\/index.php?rest_route=\/wp\/v2\/posts\/90780\/revisions"}],"predecessor-version":[{"id":90782,"href":"https:\/\/lospoliticosveracruz.com.mx\/index.php?rest_route=\/wp\/v2\/posts\/90780\/revisions\/90782"}],"wp:attachment":[{"href":"https:\/\/lospoliticosveracruz.com.mx\/index.php?rest_route=%2Fwp%2Fv2%2Fmedia&parent=90780"}],"wp:term":[{"taxonomy":"category","embeddable":true,"href":"https:\/\/lospoliticosveracruz.com.mx\/index.php?rest_route=%2Fwp%2Fv2%2Fcategories&post=90780"},{"taxonomy":"post_tag","embeddable":true,"href":"https:\/\/lospoliticosveracruz.com.mx\/index.php?rest_route=%2Fwp%2Fv2%2Ftags&post=90780"}],"curies":[{"name":"wp","href":"https:\/\/api.w.org\/{rel}","templated":true}]}}