{"id":9116,"date":"2009-01-15T05:07:00","date_gmt":"2009-01-15T05:07:00","guid":{"rendered":"http:\/\/www.lospoliticosveracruz.com.mx\/?p=9116"},"modified":"2014-10-08T19:28:02","modified_gmt":"2014-10-08T19:28:02","slug":"el-padre-chucho","status":"publish","type":"post","link":"https:\/\/lospoliticosveracruz.com.mx\/?p=9116","title":{"rendered":"El Padre Chucho"},"content":{"rendered":"<p><strong>Salvador Mu\u00f1oz<\/strong><br \/><em>Los Pol\u00edticos<\/em><\/p>\n<p>El asunto del \u201cpadre Chucho\u201d es tan lamentable como si (de ser cierto) lo hubiera cometido cualquier persona, sea sacerdote, maestro, padre de familia o lo que sea\u2026<br \/>Es escandaloso porque nuestra sociedad ha elevado a los sacerdotes en calidad de \u201ccuasi Santos\u201d olvidando que son tan de carne y hueso como cualquier ser terrenal.<br \/>No abogo por el padrecito pero tampoco lo juzgo\u2026 no es mi tarea (juzgarlo) aunque lo pareciera por el hecho de escribir una columna donde expongo mi humilde opini\u00f3n.<br \/>Mi reconocimiento al joven Yunes M\u00e1rquez por pedir que las supuestas v\u00edctimas del padre no acudan al Ministerio P\u00fablico a declarar. Tiene raz\u00f3n\u2026 las autoridades ministeriales deben acudir a donde est\u00e1n los ni\u00f1os. \u00a1Felicidades alcalde!<br \/>Que si abri\u00f3 la boca\u2026 a veces es necesario y con ello hay riesgos\u2026 <br \/>Entiendo que el caso es extremadamente espinoso, escabroso y delicado. Por eso, bajo el riesgo de ser por en\u00e9sima ocasi\u00f3n excomulgado, hoy har\u00e9 una entrevista muy especial que si existen castos ojos que me lean, le pido con humildad que dejen de hacerlo porque puede ofenderlos las siguientes letras.<br \/>Mi entrevistado es el padre Quint\u00edn L\u00f3pez Cessa, vocero de la Arquidi\u00f3cesis de Xalapa, si su humor me lo permite y si Dios me lo perdona\u2026<br \/><strong>\u2013Padre, antes que nada gracias por atender mi ruego porque s\u00e9 que anda ocupadito\u2026<\/strong><br \/>\u2013Dime\u2026 \u00bfqu\u00e9 te aflige?<br \/><strong>\u2013Pues m\u00e1s bien qu\u00e9 me afloja, como el caso del padre Chucho\u2026<\/strong><br \/>\u2013Ahhh una oveja al parecer confundida\u2026<br \/><strong>\u2013\u00bfConfundida? \u00bfYa no descarriada?<\/strong><br \/>\u2013No, confundida, tergivers\u00f3 eso de \u201cdejad que los ni\u00f1os se acerquen a m\u00ed\u201d\u2026<br \/><strong>\u2013Entiendo\u2026 igual le ha de haber ocurrido con darle albergue a los peque\u00f1os\u2026<\/strong><br \/>\u2013\u00bfC\u00f3mo?<br \/><strong>\u2013S\u00ed, en lugar de dar albergue dio\u2026<\/strong><br \/>\u2013\u00a1Ya entend\u00ed hijo, ya entend\u00ed!<br \/><strong>\u2013\u00bfY qu\u00e9 me dice de la madrecita Marta?<\/strong><br \/>\u2013Me tiene sorprendido\u2026<br \/><strong>\u2013Por sus supuestos pecados\u2026<\/strong><br \/>\u2013No, por la figura que tiene\u2026 \u00a1mira que bajar cuatro kilos en una semana! \u00a1que pase la dieta!<br \/><strong>\u2013\u00bfDe qui\u00e9n habla, se\u00f1or?<\/strong><br \/>\u2013Pues de Martitha Montoya\u2026<br \/><strong>\u2013Dije \u201cmadrecita\u201d no \u201cmamacita\u201d\u2026<\/strong><br \/>\u2013Ahhh \u00bfentonces de qui\u00e9n me hablas?<br \/><strong>\u2013Pues de la madre Mar\u00eda Guadalupe Zaragoza Barajas\u2026<\/strong><br \/>\u2013Ahhh pues \u201cbaraj\u00e9amela\u201d m\u00e1s despacito\u2026 deja decirte dos cosas: Primero, esa santa mujer ya est\u00e1 en paz\u2026<br \/><strong>\u2013\u00bfC\u00f3mo? \u00bfLa atraparon?<\/strong><br \/>\u2013No, hijo, desde el 2000 ayuda a los querubines en el cielo\u2026<br \/><strong>\u2013\u00bfMe dice que hay una mujer que ocupa el nombre de la monja?<\/strong><br \/>\u2013S\u00ed\u2026<br \/><strong>\u2013Eso es\u2026<\/strong><br \/>\u2013\u00a1No tener madre! Ay Dios, mira lo que me hizo decir este hombre\u2026<br \/><strong>\u2013No, padre\u2026 eso es suplantaci\u00f3n de identidad\u2026 oiga, y qu\u00e9 dicen en la Casa Hogar Manuel P\u00edo L\u00f3pez\u2026<\/strong><br \/>\u2013Pues hay manifestaciones como el nombre de esa Casa Hogar\u2026<br \/><strong>\u2013Me explica\u2026<\/strong><br \/>\u2013S\u00ed, un sector dice que si el padre Chucho hizo lo que dicen que hizo, debi\u00f3 aplicar el primer nombre\u2026<br \/><strong>\u2013\u00bfManuel? Es decir, aplicar la mano\u2026<\/strong><br \/>\u2013No seas pecaminoso hijo, Manuel significa \u201cDios est\u00e1 con nosotros\u201d, en el momento de flaqueza, encomendarse al se\u00f1or\u2026 \u00a1mal pensado!<br \/><strong>\u2013Ya entend\u00ed\u2026 \u00bfy las otras manifestaciones?<\/strong><br \/>\u2013Que las v\u00edctimas van contra el s\u00edndrome del polluelo\u2026<br \/><strong>\u2013\u00bfC\u00f3mo?<\/strong><br \/>\u2013No est\u00e1n de acuerdo con eso de que \u201cNi P\u00edo dijeron\u201d\u2026<br \/><strong>\u2013\u00bfY L\u00f3pez?<\/strong><br \/>\u2013Pues L\u00f3pez-caron\u2026 aunque falta la supuesta madre Martha\u2026<br \/><strong>\u2013Entiendo\u2026 ya para ir finalizando la entrevista: \u00bfC\u00f3mo califica, si es cierto, la conducta del sacerdote y la supuesta monja?<\/strong><br \/>\u2013Pues para estar ad hoc con el tema religioso como \u201cMalos h\u00e1bitos\u201d\u2026<br \/><strong>\u2013\u00bfY qu\u00e9 espera de la Justicia de los hombres?<\/strong><br \/>\u2013Nada m\u00e1s te voy a decir que a Jes\u00fas igual lo juzgaron los hombres\u2026 \u00a1y soltaron a Barrab\u00e1s!<br \/><strong>\u2013\u00bfEntonces cree que sea m\u00e1s f\u00e1cil condenar a un sacerdote que a un pol\u00edtico?<\/strong><br \/>\u2013Eso t\u00fa lo dijiste\u2026<br \/><strong>\u2013Ya para terminar: \u00bfUsted es Quint\u00edn\u2026?<\/strong><br \/>\u2013\u00a1Hice votos de celibato!<br \/><strong>\u2013Le pregunto sus apellidos: Quint\u00edn\u2026<\/strong><br \/>\u2013\u00a1L\u00f3pez Cessa!<br \/><strong>\u2013Gracias y ya nada m\u00e1s queda decir que cojan confesado al padre Chucho si es culpable\u2026<\/strong><br \/>\u2013\u00a1Que agarren, hijo, que agarren!<\/p>\n<p><strong>* Diesel\u2026 \u00a1hasta el mi\u00e9rcoles! *<\/strong><\/p>\n<p>Ser\u00e1 hasta el pr\u00f3ximo mi\u00e9rcoles cuando el punto de acuerdo presentado por la fracci\u00f3n parlamentaria del PRI ante el Congreso de la Uni\u00f3n sobre el exhorto al presidente para que haya una reducci\u00f3n al diesel obtenga una respuesta.<br \/>El diputado federal Adolfo Mota Hern\u00e1ndez se entrevist\u00f3 con l\u00edderes transportistas y dijo que el motivo de estos encuentros es buscar una soluci\u00f3n encaminada a bajar las tarifas del di\u00e9sel, a trav\u00e9s del exhorto al gobierno federal que los diputados priistas presentaron ante la Comisi\u00f3n Pol\u00edtica Permanente en San L\u00e1zaro, para que instrumente un plan emergente con ese fin.<br \/>\u201cNos visitaron por intervenci\u00f3n del gobernador Fidel Herrera Beltr\u00e1n los l\u00edderes del transporte de Veracruz quienes en d\u00edas pasados en una manifestaci\u00f3n de horas, se pronunciaron para que todos los actores particip\u00e1ramos en esta intenci\u00f3n de bajar el precio del di\u00e9sel en su acepci\u00f3n m\u00e1s amplia\u201d inform\u00f3 el legislador Adolfo Mota.<br \/>\u201cEntendemos que las condiciones del plan anticrisis nos propone a todos participar de \u00e9l, esperamos que el dialogo nos lleve a localizar un precio justo en este insumo fundamental para el buen funcionamiento de la pesca, el campo, el transporte de carga, el autotransporte, as\u00ed como para todo el aparato productivo nacional\u201d.<br \/>Inform\u00f3 que el gobernador Herrera Beltr\u00e1n contin\u00faa muy al pendiente de los avances de esta iniciativa, adem\u00e1s del di\u00e1logo entre los l\u00edderes del transporte y las autoridades federales, sirviendo como gestor ante el reclamo de los usuarios de este producto.<br \/>Para finalizar coment\u00f3 que los transportistas continuar\u00e1n con el dialogo y esperan en un tiempo prudente se de una respuesta positiva por parte del Presidente de la Rep\u00fablica.<\/p>\n<p><strong>* Silva, \u00a1pisando! *<\/strong><\/p>\n<p>Pues mientras son peras o son manzanas (aunque en este caso ser\u00eda Dom\u00ednguez por Dom\u00ednguez, dicen las malas lenguas) Alberto Silva Ramos, subsecretario de Infraestructura Regional de la Ledesma, contin\u00faa chambeando como loco\u2026 Anda entregando cien pisos fieles a igual n\u00famero de familias en Zanaleta, la comunidad m\u00e1s pobre del municipio de Chacaltianguis y donde nunca antes hab\u00eda pisado (para estar ad hoc con el tema) ning\u00fan subsecretario. Asimismo estar\u00e1 recorriendo Tlacojalpan y Otatitlan entregando el mismo n\u00famero de apoyos.<\/p>\n","protected":false},"excerpt":{"rendered":"<p>Salvador Mu\u00f1ozLos Pol\u00edticos El asunto del \u201cpadre Chucho\u201d es tan lamentable como si (de ser cierto) lo hubiera cometido cualquier persona, sea sacerdote, maestro, padre de familia o lo que sea\u2026Es escandaloso porque nuestra sociedad ha elevado a los sacerdotes en calidad de \u201ccuasi Santos\u201d olvidando que son tan de carne y hueso como cualquier [&hellip;]<\/p>\n","protected":false},"author":1,"featured_media":0,"comment_status":"open","ping_status":"open","sticky":false,"template":"","format":"standard","meta":{"_jetpack_newsletter_access":"","_jetpack_dont_email_post_to_subs":false,"_jetpack_newsletter_tier_id":0,"_jetpack_memberships_contains_paywalled_content":false,"_jetpack_memberships_contains_paid_content":false,"footnotes":""},"categories":[1],"tags":[],"class_list":["post-9116","post","type-post","status-publish","format-standard","hentry","category-sin-categoria"],"jetpack_featured_media_url":"","jetpack_sharing_enabled":true,"jetpack_shortlink":"https:\/\/wp.me\/p4Qcd3-2n2","_links":{"self":[{"href":"https:\/\/lospoliticosveracruz.com.mx\/index.php?rest_route=\/wp\/v2\/posts\/9116","targetHints":{"allow":["GET"]}}],"collection":[{"href":"https:\/\/lospoliticosveracruz.com.mx\/index.php?rest_route=\/wp\/v2\/posts"}],"about":[{"href":"https:\/\/lospoliticosveracruz.com.mx\/index.php?rest_route=\/wp\/v2\/types\/post"}],"author":[{"embeddable":true,"href":"https:\/\/lospoliticosveracruz.com.mx\/index.php?rest_route=\/wp\/v2\/users\/1"}],"replies":[{"embeddable":true,"href":"https:\/\/lospoliticosveracruz.com.mx\/index.php?rest_route=%2Fwp%2Fv2%2Fcomments&post=9116"}],"version-history":[{"count":0,"href":"https:\/\/lospoliticosveracruz.com.mx\/index.php?rest_route=\/wp\/v2\/posts\/9116\/revisions"}],"wp:attachment":[{"href":"https:\/\/lospoliticosveracruz.com.mx\/index.php?rest_route=%2Fwp%2Fv2%2Fmedia&parent=9116"}],"wp:term":[{"taxonomy":"category","embeddable":true,"href":"https:\/\/lospoliticosveracruz.com.mx\/index.php?rest_route=%2Fwp%2Fv2%2Fcategories&post=9116"},{"taxonomy":"post_tag","embeddable":true,"href":"https:\/\/lospoliticosveracruz.com.mx\/index.php?rest_route=%2Fwp%2Fv2%2Ftags&post=9116"}],"curies":[{"name":"wp","href":"https:\/\/api.w.org\/{rel}","templated":true}]}}