{"id":9117,"date":"2009-01-15T00:57:00","date_gmt":"2009-01-15T00:57:00","guid":{"rendered":"http:\/\/www.lospoliticosveracruz.com.mx\/?p=9117"},"modified":"2014-10-08T19:28:02","modified_gmt":"2014-10-08T19:28:02","slug":"lideres-transportistas-no-tienen-madre","status":"publish","type":"post","link":"https:\/\/lospoliticosveracruz.com.mx\/?p=9117","title":{"rendered":"L\u00edderes transportistas \u00a1No tienen madre!"},"content":{"rendered":"<blockquote><p>*Misa donde se record\u00f3 a Vidal S\u00e1nchez<br \/>*Yunes Landa y su poder de convocatoria<\/p><\/blockquote>\n<p><strong>Inocencio  Vald\u00e9s V\u00e1zquez<\/strong><br \/><em>P\u00e1gina Tres<\/em><\/p>\n<p>El paro estatal del transporte urbano y suburbano, as\u00ed como de carga, realizado el pasado lunes por la Coalici\u00f3n de Transportistas del Estado, supuestamente para presionar al gobierno de Felipe Calder\u00f3n para que baje o congele el precio del di\u00e9sel, en nada afecto a \u00e9ste ni a su administraci\u00f3n, pero si provoc\u00f3 un severo caos en la entidad que da\u00f1\u00f3 gravemente a la poblaci\u00f3n veracruzana de menos recursos.<br \/>Los maestros, los estudiantes, los trabajadores de distintas ramas, los profesionistas y otros grupos de veracruzanos  que ese d\u00eda vivieron una amarga pesadilla, no tienen la culpa de los errores de los servidores p\u00fablicos y los nefastos dirigentes que s\u00f3lo quieren incrementar su riqueza y tener m\u00e1s canonj\u00edas presionando al gobierno.<br \/>El hecho de haber dejado sin el servicio urbano y suburbano a miles de veracruzanos fue una decisi\u00f3n insensible y traicionera pues no le peg\u00f3 al rico sino al pobre, que es el que termina \u201cpagando los platos rotos\u201d,por eso muy al estilo de Nels\u00f3n Vargas muchos dijeron que los transportistas \u00a1..no tienen madre..!<br \/>En rigor, qu\u00e9 culpa tiene la ciudadan\u00eda de que en su Plan Anticrisis, las autoridades federales no hayan incluido  bajar o parar los aumentos al di\u00e9sel que es utilizado por diversos sectores productivos y qu\u00e9 culpa tiene la poblaci\u00f3n de que los ricos transportistas no se llenen y cada vez quieran m\u00e1s ganancias y no quieran poner su aportaci\u00f3n, ante la crisis econ\u00f3mica que vive el pa\u00eds.<br \/>Qu\u00e9 culpa tienen los veracruzanos de que el gobierno federal lleve a cabo una pol\u00edtica econ\u00f3mica err\u00e1tica y negativa que es para beneficiar s\u00f3lo al gran capital y a los varones del billete grande.<br \/>Qu\u00e9 culpa tienen los sectores del Estado de que tengamos un presidente t\u00edtere sujeto a lo que digan los grupos del poder econ\u00f3mico a nivel internacional como por ejemplo el Fondo Monetario Internacional,que parece  quieren que nuestro pa\u00eds se hunda en la m\u00e1s profunda pobreza.<br \/>Qu\u00e9 culpa tiene Veracruz de que los l\u00edderes de los transportistas tengan intereses pol\u00edtico electorales como por ejemplo Carlos Fidel Demuner Pitol, quien desde hace tiempo quiere ser diputado local o federal  y posiciones y m\u00e1s concesiones para Mario Olvera de Gasper\u00edn, quienes se han convertido en el enemigo n\u00famero uno de los veracruzanos.<br \/>Por eso, se dice que el paro  estatal del transporte tuvo otros intereses no s\u00f3lo presionar al gobierno federal para que disminuya el precio del di\u00e9sel  y que se derogue el impuesto por los dep\u00f3sitos en  efectivo. <br \/>Ya no s\u00f3lo buscan incrementar en forma inadecuada las tarifas, ni respetar los acuerdos para aplicar los descuentos a estudiantes y a mayores de 60 a\u00f1os o mucho menos pagar las indemnizaciones a los familiares de las personas que matan sus arbitrarios choferes y viejas unidades, si no que ahora quieren tener como reh\u00e9n, para exigirle m\u00e1s prebendas, al gobierno estatal con ese tipo de paros alocados.<br \/>Qu\u00e9 bueno que las autoridades estatales ya les advirtieron que si hay otro paro estatal podr\u00edan requisar las unidades del servicio urbano y suburbano..<\/p>\n<p><strong>En Corto<\/strong><br \/>Veracruz es ya el estado l\u00edder en capacitaci\u00f3n magisterial en l\u00ednea de todo M\u00e9xico, gracias al apoyo que el gobierno de Fidel Herrera Beltr\u00e1n ha otorgado a la utilizaci\u00f3n de las tecnolog\u00edas de la informaci\u00f3n y al establecimiento de alianzas estrat\u00e9gicas con instituciones internacionales de primer nivel, dijo el Secretario de Educaci\u00f3n de Veracruz, V\u00edctor Arredondo \u00c1lvarez, al inaugurar el curso Ense\u00f1anza para la Comprensi\u00f3n que ofrece la Escuela de Graduados en Educaci\u00f3n de la Universidad de Harvard en coordinaci\u00f3n con la SEV , la Universidad Veracruzana y el Consorcio Clavijero, a docentes y directivos de educaci\u00f3n b\u00e1sica del estado\u2026En d\u00edas pasados se realiz\u00f3 en la iglesia de El Dique\u2014su barrio&#8211; una misa para recordar el primer aniversario del fallecimiento del destacado trabajador de la lente Vidal S\u00e1nchez, un entusiasta e incansable fotoreportero que se distingui\u00f3 por ser buen amigo y mejor padre. Desde este espacio le env\u00edamos un saludo al amigo Vidal, donde quiera que se encuentre. A sus hijas y dem\u00e1s familiares nuestra solidaridad por siempre.. ..El presidente de la Junta de Coordinaci\u00f3n Pol\u00edtica del Congreso local, H\u00e9ctor Yunes Landa, acompa\u00f1ado de su esposa la se\u00f1ora Ver\u00f3nica de la Medina de Yunes y de los alcaldes de Paso de Ovejas, Jos\u00e9 Lu\u00eds Palmeros Sarmiento; La Antigua , Aureliano Dom\u00ednguez Moreno, y \u00darsulo Galv\u00e1n, Jos\u00e9 Antonio Montero Dom\u00ednguez, supervis\u00f3 el inicio de los trabajos para la construcci\u00f3n del nuevo puente ubicado la comunidad El Fais\u00e1n, de Paso de Ovejas, con una longitud de 80 metros en el que se invertir\u00e1n unos 22 millones de pesos. La obra beneficiar\u00e1 a la ciudadan\u00eda de estos tres municipios y especialmente apoyar\u00e1 a la econom\u00eda local. Yunes Landa agradeci\u00f3 al gobernador Fidel Herrera Beltr\u00e1n  el gran apoyo otorgado a estos Ayuntamientos, fortaleciendo de esta forma los puentes de comunicaci\u00f3n con la gente. Por cierto, este s\u00e1bado en la reuni\u00f3n anual de Alianza Generacional, que se celebra en el Word Trade Center de Boca del R\u00edo, una vez m\u00e1s H\u00e9ctor demostrar\u00e1 el poder de convocatoria que tiene y porqu\u00e9 es una de las cartas fuertes para la sucesi\u00f3n del 2010, ya que adem\u00e1s de experiencia y trayectoria a nivel local y nacional es un pol\u00edtico con sensibilidad, que privilegia el di\u00e1logo y la concertaci\u00f3n.<\/p>\n<p>Visite: <a href=\"http:\/\/www.elmatutinovirtual.blogspot.com\/\">www.elmatutinovirtual.blogspot.com<\/a><br \/>E-mail:valdes6124@hotmail.com<\/p>\n","protected":false},"excerpt":{"rendered":"<p>*Misa donde se record\u00f3 a Vidal S\u00e1nchez*Yunes Landa y su poder de convocatoria Inocencio Vald\u00e9s V\u00e1zquezP\u00e1gina Tres El paro estatal del transporte urbano y suburbano, as\u00ed como de carga, realizado el pasado lunes por la Coalici\u00f3n de Transportistas del Estado, supuestamente para presionar al gobierno de Felipe Calder\u00f3n para que baje o congele el precio [&hellip;]<\/p>\n","protected":false},"author":1,"featured_media":0,"comment_status":"open","ping_status":"open","sticky":false,"template":"","format":"standard","meta":{"_jetpack_newsletter_access":"","_jetpack_dont_email_post_to_subs":false,"_jetpack_newsletter_tier_id":0,"_jetpack_memberships_contains_paywalled_content":false,"_jetpack_memberships_contains_paid_content":false,"footnotes":""},"categories":[1],"tags":[],"class_list":["post-9117","post","type-post","status-publish","format-standard","hentry","category-sin-categoria"],"jetpack_featured_media_url":"","jetpack_sharing_enabled":true,"jetpack_shortlink":"https:\/\/wp.me\/p4Qcd3-2n3","_links":{"self":[{"href":"https:\/\/lospoliticosveracruz.com.mx\/index.php?rest_route=\/wp\/v2\/posts\/9117","targetHints":{"allow":["GET"]}}],"collection":[{"href":"https:\/\/lospoliticosveracruz.com.mx\/index.php?rest_route=\/wp\/v2\/posts"}],"about":[{"href":"https:\/\/lospoliticosveracruz.com.mx\/index.php?rest_route=\/wp\/v2\/types\/post"}],"author":[{"embeddable":true,"href":"https:\/\/lospoliticosveracruz.com.mx\/index.php?rest_route=\/wp\/v2\/users\/1"}],"replies":[{"embeddable":true,"href":"https:\/\/lospoliticosveracruz.com.mx\/index.php?rest_route=%2Fwp%2Fv2%2Fcomments&post=9117"}],"version-history":[{"count":0,"href":"https:\/\/lospoliticosveracruz.com.mx\/index.php?rest_route=\/wp\/v2\/posts\/9117\/revisions"}],"wp:attachment":[{"href":"https:\/\/lospoliticosveracruz.com.mx\/index.php?rest_route=%2Fwp%2Fv2%2Fmedia&parent=9117"}],"wp:term":[{"taxonomy":"category","embeddable":true,"href":"https:\/\/lospoliticosveracruz.com.mx\/index.php?rest_route=%2Fwp%2Fv2%2Fcategories&post=9117"},{"taxonomy":"post_tag","embeddable":true,"href":"https:\/\/lospoliticosveracruz.com.mx\/index.php?rest_route=%2Fwp%2Fv2%2Ftags&post=9117"}],"curies":[{"name":"wp","href":"https:\/\/api.w.org\/{rel}","templated":true}]}}