{"id":9135,"date":"2009-01-06T04:27:00","date_gmt":"2009-01-06T04:27:00","guid":{"rendered":"http:\/\/www.lospoliticosveracruz.com.mx\/?p=9135"},"modified":"2014-10-08T19:28:08","modified_gmt":"2014-10-08T19:28:08","slug":"los-reyes-de-tio-fide","status":"publish","type":"post","link":"https:\/\/lospoliticosveracruz.com.mx\/?p=9135","title":{"rendered":"Los Reyes de T\u00edo Fide"},"content":{"rendered":"<p><strong>Salvador Mu\u00f1oz<\/strong><br \/><em>Los Pol\u00edticos<\/em><\/p>\n<p>Queridos lectores\u2026 escribo desde una cama del hospital v\u00edctima de una terrible orquitis.<br \/>No obstante el dolor que se apodera de m\u00ed, espero que el a\u00f1o viejo lo hayan pasado de maravilla y que los Santos Reyes les hayan tra\u00eddo los regalos so\u00f1ados.<br \/>Aunque para ello debieron haber escrito su cartita, como el gobernador, que aqu\u00ed mostramos:<br \/><strong>\u201cQuerido Gaspar, Melchor y Baltasar <\/strong>(tocayo de color)<br \/>Les pido para Veracruz y mi patria:<br \/>A).- Que se destierre la impunidad y la inseguridad. Acabar con los enemigos de la ley y de la tranquilidad de la Rep\u00fablica: cero tolerancia, cero secuestros, cero narcotr\u00e1fico.<br \/>B).- Empleos e inversiones, que los impactos de las crisis sean leves y que NO salgan de ella m\u00e1s pobres los pobres, ni m\u00e1s ricos los ricos, sino que podamos crecer y ser m\u00e1s felices todos.<br \/>C).- Desterrar, para siempre, la injusticia econ\u00f3mica. Resp\u00e1ldenme para atender a los vulnerables, luchar contra las enfermedades y que los Tiburones Rojos vuelvan a la primera divisi\u00f3n nacional. Yo trabajar\u00e9 por todo ello. Necesito su ayuda.<\/p>\n<p><strong>Fidel Herrera Beltr\u00e1n<\/strong>\u201d.<br \/>La carta fue publicada en \u201cReforma\u201d en su edici\u00f3n de ayer.<\/p>\n<p>Pero para saber qu\u00e9 tan bien se port\u00f3 el Gober Fidel Herrera, tratamos de entrevistarlo con todo nuestro dolor para ver si realmente le hab\u00edan tra\u00eddo alg\u00fan regalo pedido y si su tocayo se hab\u00eda portado a la altura.<br \/><strong>\u2013Oiga\u2026 \u00bfc\u00f3mo le fue con los Reyes?<\/strong><br \/>\u2013Mira, pues por el lado del PRI, espero que haga bien su trabajo; por el lado del Palacio de Gobierno, espero que ya haya metido de nuevo todas sus cosas y por el lado Judicial, hasta el momento, es el que menos lata da\u2026<br \/><strong>\u2013Oiga, hablo de los Reyes Magos\u2026<\/strong><br \/>\u2013Pues yo tambi\u00e9n\u2026<br \/><strong>\u2013Pero habla del PRI, que de Palacio y la Judicial\u2026<\/strong><br \/>\u2013\u00bfY qu\u00e9 pensabas? \u00a1Yo tambi\u00e9n tengo a mis reyes magos!<br \/><strong>\u2013\u00bfY qui\u00e9nes son?<\/strong><br \/>\u2013Mira: en los asuntos electorales, tengo a Rey David Rivera Barrios\u2026 en los asuntos pol\u00edticos a Rey Escobar P\u00e9rez y en lo Judicial, a Rey Madruga Picazzo\u2026<br \/><strong>\u2013Pero le insisto: Yo hablo de los Santos Reyes\u2026<\/strong><br \/>\u2013Bueno, ah\u00ed s\u00ed te concedo raz\u00f3n\u2026 \u00a1no son santos! \u00a1al contrario! \u00a1son unos demo\u00f1os!<br \/><strong>\u2013Ni tampoco son magos\u2026<\/strong><br \/>\u2013Pues a lo mejor Rey David, pero ah\u00ed se ver\u00e1 en las elecciones\u2026<br \/><strong>\u2013Pero ya hablando en serio, \u00bfa qu\u00e9 Rey se encomend\u00f3?<\/strong><br \/>\u2013Depende\u2026<br \/><strong>\u2013\u00bfDe qu\u00e9?<\/strong><br \/>\u2013Del tiempo\u2026 mira: Para estas elecciones, le voy a encomendar algunas cositas a Rey David\u2026 para calmar a \u201cPipo\u201d, le mando a Rey, su t\u00edo\u2026<br \/><strong>\u2013\u00bfY al Rey del Judicial?<\/strong><br \/>\u2013Te dije que depende del tiempo\u2026<br \/><strong>\u2013\u00bfEntonces ser\u00e1 para cuando usted salga?<\/strong><br \/>\u2013\u00a1Irrespetuoso! Y para taparte la boca te voy a adelantar lo que le voy a encomendar: Que apriete a todos los alcaldes que no hagan buen uso de los recursos de la bursatilizaci\u00f3n\u2026<br \/><strong>\u2013\u00a1Ah! Pero yo me refiero a los Reyes Magos: \u00a1Melchor, Gaspar y Baltazar!<\/strong><br \/>\u2013Ah, pues por ah\u00ed hubieras empezado\u2026 \u00bfqu\u00e9 quieres saber?<br \/><strong>\u2013Si le trajeron lo que les pidi\u00f3\u2026<\/strong><br \/>\u2013\u00a1Pues claro que no!<br \/><strong>\u2013\u00bfA poco se port\u00f3 mal?<\/strong><br \/>\u2013No, la carta que escrib\u00ed fue un acto de buenos deseos porque me la pidieron en \u201cReforma\u201d\u2026<br \/><strong>\u2013Por cierto, vio que no escribi\u00f3 carta Enrique Pe\u00f1a Nieto\u2026<\/strong><br \/>\u2013S\u00ed escribi\u00f3, pero la mand\u00f3 a Televisa\u2026<br \/><strong>\u2013Entiendo\u2026 oiga, y ac\u00e1, \u00bfc\u00f3mo se portaron los reyes con la polaca?<\/strong><br \/>\u2013Yo no me meto con la mujer de Villalpando\u2026 dijera Bora: \u00a1Yo respeto!<br \/><strong>\u2013Me refiero a la pol\u00edtica, a la grilla, \u00bfqu\u00e9 le trajeron a los pol\u00edticos?<\/strong><br \/>\u2013No me creas, pero a Leonila dicen que le trajeron una \u201cLagrimitas Lily Ledy\u201d\u2026<br \/><strong>\u2013\u00bfEn serio?<\/strong><br \/>\u2013A Jer\u00f3nimo Folgueras le trajeron un \u201cTurista\u201d\u2026<br \/><strong>\u2013Mire, \u00a1qu\u00e9 suerte!<\/strong><br \/>\u2013A Nemesio le van a dar un regalote, pero va a tardar un poquito, por eso le trajeron un oso Winnie Pooh \u00a1pero enorme!<br \/><strong>\u2013\u00bfLe gustan los osos?<\/strong><br \/>\u2013No cualquier oso\u2026 \u00a1nada m\u00e1s los poohtotes!<br \/><strong>\u2013\u00bfC\u00f3mo?<\/strong><br \/>\u2013S\u00ed, los Winnie Pooh gradototototes\u2026<br \/><strong>\u2013Ah\u2026 ya entend\u00ed\u2026 \u00bfy a Arredondo?<\/strong><br \/>\u2013Es un caso muy triste ese\u2026 \u00a1no le trajeron nada!<br \/><strong>\u2013\u00bfY eso? \u00bfse port\u00f3 mal?<\/strong><br \/>\u2013Creo que ped\u00eda mucho\u2026<br \/><strong>\u2013\u00bfPor qu\u00e9?<\/strong><br \/>\u2013Pues cada \u201cl\u00ednea\u201d que escrib\u00eda era mucha \u201caspiraci\u00f3n\u201d y en estos tiempos de crisis hay que ser moderado.<br \/><strong>\u2013Entiendo\u2026 <\/strong><br \/>\u2013Por cierto, \u00bfy a ti qu\u00e9 te trajeron los reyes?<br \/><strong>\u2013Ni me pregunte\u2026<\/strong><br \/>\u2013De seguro una bici porque vienes renqueando y te ca\u00edste\u2026<br \/><strong>\u2013No, se\u00f1or\u2026 no me trajeron una bici ni me ca\u00ed\u2026<\/strong><br \/>\u2013Entonces\u2026 \u00bfqu\u00e9 te trajeron y qu\u00e9 te pas\u00f3?<br \/><strong>\u2013Le cuento: Anoche, cuando me dorm\u00ed, un ruido me despert\u00f3\u2026 \u00a1Eran los Tres Reyes Magos! Y me dijeron:<\/strong><br \/>\u201cSalvador, p\u00e1rate, te vamos a dar tu regalo\u201d. Feliz, me par\u00e9 y en eso, su tocayo (de color) que grita:<br \/>\u201c\u00a1Satan\u00e1s!\u201d Y apareci\u00f3 el mism\u00edsimo Luzbel y sin decir agua va, \u00a1que me da una tremenda patada en medio de las piernas que me dej\u00f3 mudo durante varios minutos\u2026 cuando pude respirar, le pregunt\u00e9 a los reyes si me hab\u00eda portado muy mal en el a\u00f1o y me respondieron:<br \/>\u201cAunque te portaste mal, te quisimos dar el regalo que nos pediste en la carta que nos escribiste\u201d\u2026<br \/><strong>\u2013\u00bfPero pues qu\u00e9 ped\u00ed?<\/strong><br \/>\u2013Tu carta dec\u00eda: \u201cQueridos Santos Reyes, aunque s\u00e9 que me he portado mal, por mis huevos quiero que me den un pat\u00edn del diablo\u201d\u2026 \u00a1Y te cumplimos!<br \/>Moraleja:<br \/>Ten cuidado con lo que deseas\u2026 \u00a1se te puede cumplir!<\/p>\n","protected":false},"excerpt":{"rendered":"<p>Salvador Mu\u00f1ozLos Pol\u00edticos Queridos lectores\u2026 escribo desde una cama del hospital v\u00edctima de una terrible orquitis.No obstante el dolor que se apodera de m\u00ed, espero que el a\u00f1o viejo lo hayan pasado de maravilla y que los Santos Reyes les hayan tra\u00eddo los regalos so\u00f1ados.Aunque para ello debieron haber escrito su cartita, como el gobernador, [&hellip;]<\/p>\n","protected":false},"author":1,"featured_media":0,"comment_status":"open","ping_status":"open","sticky":false,"template":"","format":"standard","meta":{"_jetpack_newsletter_access":"","_jetpack_dont_email_post_to_subs":false,"_jetpack_newsletter_tier_id":0,"_jetpack_memberships_contains_paywalled_content":false,"_jetpack_memberships_contains_paid_content":false,"footnotes":""},"categories":[1],"tags":[],"class_list":["post-9135","post","type-post","status-publish","format-standard","hentry","category-sin-categoria"],"jetpack_featured_media_url":"","jetpack_sharing_enabled":true,"jetpack_shortlink":"https:\/\/wp.me\/p4Qcd3-2nl","_links":{"self":[{"href":"https:\/\/lospoliticosveracruz.com.mx\/index.php?rest_route=\/wp\/v2\/posts\/9135","targetHints":{"allow":["GET"]}}],"collection":[{"href":"https:\/\/lospoliticosveracruz.com.mx\/index.php?rest_route=\/wp\/v2\/posts"}],"about":[{"href":"https:\/\/lospoliticosveracruz.com.mx\/index.php?rest_route=\/wp\/v2\/types\/post"}],"author":[{"embeddable":true,"href":"https:\/\/lospoliticosveracruz.com.mx\/index.php?rest_route=\/wp\/v2\/users\/1"}],"replies":[{"embeddable":true,"href":"https:\/\/lospoliticosveracruz.com.mx\/index.php?rest_route=%2Fwp%2Fv2%2Fcomments&post=9135"}],"version-history":[{"count":0,"href":"https:\/\/lospoliticosveracruz.com.mx\/index.php?rest_route=\/wp\/v2\/posts\/9135\/revisions"}],"wp:attachment":[{"href":"https:\/\/lospoliticosveracruz.com.mx\/index.php?rest_route=%2Fwp%2Fv2%2Fmedia&parent=9135"}],"wp:term":[{"taxonomy":"category","embeddable":true,"href":"https:\/\/lospoliticosveracruz.com.mx\/index.php?rest_route=%2Fwp%2Fv2%2Fcategories&post=9135"},{"taxonomy":"post_tag","embeddable":true,"href":"https:\/\/lospoliticosveracruz.com.mx\/index.php?rest_route=%2Fwp%2Fv2%2Ftags&post=9135"}],"curies":[{"name":"wp","href":"https:\/\/api.w.org\/{rel}","templated":true}]}}