{"id":91379,"date":"2022-06-20T08:52:12","date_gmt":"2022-06-20T13:52:12","guid":{"rendered":"https:\/\/lospoliticosveracruz.com.mx\/?p=91379"},"modified":"2022-06-20T08:52:20","modified_gmt":"2022-06-20T13:52:20","slug":"del-rio-y-el-pleito-entre-cuitlahuac-y-monreal","status":"publish","type":"post","link":"https:\/\/lospoliticosveracruz.com.mx\/?p=91379","title":{"rendered":"Del R\u00edo y el pleito entre Cuitl\u00e1huac y Monreal"},"content":{"rendered":"\n<p><strong>Luis Alberto Romero<\/strong><\/p>\n\n\n\n<p><em>Hora cero<\/em><br><br><\/p>\n\n\n\n<p>Luego de que un juez federal ordenara la liberaci\u00f3n inmediata del ex diputado federal Jos\u00e9 Manuel del R\u00edo Virgen, preso en Pacho Viejo por su presunta implicaci\u00f3n en el homicidio del candidato de MC a la alcald\u00eda de Cazones de Herrera, el gobernador Cuitl\u00e1huac Garc\u00eda puso el grito en el cielo y a trav\u00e9s de sus redes sociales, lament\u00f3 que \u201cunos jueces federales insistan en torcer la ley a conveniencia del presunto homicida solo porque tiene un amigo pudiente\u201d.<\/p>\n\n\n\n<p>No lo llam\u00f3 por su nombre, pero es evidente que el ejecutivo estatal lanz\u00f3 su dardo contra el ex gobernador de Zacatecas y actual coordinador de los senadores de Morena, Ricardo Monreal, convertido aparentemente en persona no grata para el actual gobierno veracruzano.<\/p>\n\n\n\n<p>Al parecer, la Fiscal\u00eda de Veracruz no pudo demostrar la culpabilidad del acusado, quien el pasado viernes dej\u00f3 la c\u00e1rcel de Pacho Viejo, en medio de una manifestaci\u00f3n de familiares, amigos y simpatizantes del Movimiento Ciudadano \u2013su partido\u2013.<\/p>\n\n\n\n<p>Se trat\u00f3 de otro dur\u00edsimo rev\u00e9s para el Gobierno de Veracruz y en particular para la Fiscal\u00eda General del Estado, cuya titular, Ver\u00f3nica Hern\u00e1ndez, s\u00f3lo atin\u00f3 a declarar que Del R\u00edo no fue exonerado, que la investigaci\u00f3n sobre el homicidio de Remigio Tovar continuaba, y que la determinaci\u00f3n de los magistrados no fue un\u00e1nime \u2013como si ello cambiara en algo la orden que recibi\u00f3 el juez local que se vio obligado a liberar al secretario t\u00e9cnico de la JUCOPO en la C\u00e1mara Alta.<\/p>\n\n\n\n<p>Jos\u00e9 Manuel del R\u00edo, amigo personal del ex gobernador Dante Delgado y colaborador cercano del senador Monreal, fue detenido el 22 de diciembre de 2021; estuvo casi seis meses preso en el penal de Pacho Viejo; y termin\u00f3 por convertirse en uno de los referentes de la persecuci\u00f3n que habr\u00eda emprendido el actual gobierno estatal de Morena contra sus adversarios pol\u00edticos, algunos de los cuales militan en el mismo partido.<\/p>\n\n\n\n<p>El caso del ex alcalde de Tecolutla motiv\u00f3 una recomendaci\u00f3n de la CNDH a la Fiscal\u00eda General de Veracruz, por la presunta violaci\u00f3n a los derechos del secretario t\u00e9cnico de la Junta de Coordinaci\u00f3n Pol\u00edtica en el Senado, a quien la Comisi\u00f3n coloc\u00f3 en calidad de v\u00edctima.<\/p>\n\n\n\n<p>El asunto est\u00e1 a punto de tomar un nuevo giro, tras la liberaci\u00f3n del ex diputado federal, quien el pasado viernes declar\u00f3 que no es un hombre de venganzas ni de pleitos; aun as\u00ed, record\u00f3 que le robaron seis meses de su vida.<\/p>\n\n\n\n<p>Del R\u00edo Virgen, por cierto, dijo que de acuerdo con la informaci\u00f3n que pudo encontrar en la biblioteca del penal \u2013a la que pudo tener acceso\u2013, el 43 por ciento de las personas privadas de su libertad son inocentes. \u201cEs una vileza que usen chivos expiatorios para meterlos a la c\u00e1rcel\u201d.<\/p>\n\n\n\n<p>Al final, esta excarcelaci\u00f3n dej\u00f3 en evidencia el trabajo de la fiscal\u00eda veracruzana. Al \u00f3rgano de do\u00f1a Ver\u00f3nica Hern\u00e1ndez y al propio gobierno estatal les ser\u00e1 muy dif\u00edcil limpiar la imagen que les deja el caso, una imagen de incompetencia y de uso pol\u00edtico de la procuraci\u00f3n de la justicia.<\/p>\n\n\n\n<p>Por otro lado, el pleito entre el gobernador Cuitl\u00e1huac Garc\u00eda y el senador Ricardo Monreal parece lejos de resolverse, a juzgar por el intercambio de mensajes en redes sociales. Veremos, con el tiempo, c\u00f3mo terminan estas diferencias entre un hombre que goza de la protecci\u00f3n de Palacio Nacional \u2013y a quien le faltan dos a\u00f1os para dejar el gobierno estatal\u2013 y otro que cuenta con trayectoria y peso al interior de Morena, por coordinar la bancada en la C\u00e1mara Alta. @luisromero85<\/p>\n","protected":false},"excerpt":{"rendered":"<p>Luis Alberto Romero Hora cero Luego de que un juez federal ordenara la liberaci\u00f3n inmediata del ex diputado federal Jos\u00e9 Manuel del R\u00edo Virgen, preso en Pacho Viejo por su presunta implicaci\u00f3n en el homicidio del candidato de MC a la alcald\u00eda de Cazones de Herrera, el gobernador Cuitl\u00e1huac Garc\u00eda puso el grito en el [&hellip;]<\/p>\n","protected":false},"author":2,"featured_media":0,"comment_status":"closed","ping_status":"closed","sticky":false,"template":"","format":"standard","meta":{"_jetpack_newsletter_access":"","_jetpack_dont_email_post_to_subs":false,"_jetpack_newsletter_tier_id":0,"_jetpack_memberships_contains_paywalled_content":false,"_jetpack_memberships_contains_paid_content":false,"footnotes":""},"categories":[70],"tags":[1563,13379,7909,1026,2327,10353,195,15165],"class_list":["post-91379","post","type-post","status-publish","format-standard","hentry","category-de-opinion","tag-cuitlahuac-garcia-jimenez","tag-fiscalia-de-veracruz","tag-jose-manuel-del-rio-virgen","tag-morena","tag-movimiento-ciudadano","tag-ricardo-monreal","tag-veracruz","tag-veronica-hernandez-giadans"],"jetpack_featured_media_url":"","jetpack_sharing_enabled":true,"jetpack_shortlink":"https:\/\/wp.me\/p4Qcd3-nLR","_links":{"self":[{"href":"https:\/\/lospoliticosveracruz.com.mx\/index.php?rest_route=\/wp\/v2\/posts\/91379","targetHints":{"allow":["GET"]}}],"collection":[{"href":"https:\/\/lospoliticosveracruz.com.mx\/index.php?rest_route=\/wp\/v2\/posts"}],"about":[{"href":"https:\/\/lospoliticosveracruz.com.mx\/index.php?rest_route=\/wp\/v2\/types\/post"}],"author":[{"embeddable":true,"href":"https:\/\/lospoliticosveracruz.com.mx\/index.php?rest_route=\/wp\/v2\/users\/2"}],"replies":[{"embeddable":true,"href":"https:\/\/lospoliticosveracruz.com.mx\/index.php?rest_route=%2Fwp%2Fv2%2Fcomments&post=91379"}],"version-history":[{"count":1,"href":"https:\/\/lospoliticosveracruz.com.mx\/index.php?rest_route=\/wp\/v2\/posts\/91379\/revisions"}],"predecessor-version":[{"id":91381,"href":"https:\/\/lospoliticosveracruz.com.mx\/index.php?rest_route=\/wp\/v2\/posts\/91379\/revisions\/91381"}],"wp:attachment":[{"href":"https:\/\/lospoliticosveracruz.com.mx\/index.php?rest_route=%2Fwp%2Fv2%2Fmedia&parent=91379"}],"wp:term":[{"taxonomy":"category","embeddable":true,"href":"https:\/\/lospoliticosveracruz.com.mx\/index.php?rest_route=%2Fwp%2Fv2%2Fcategories&post=91379"},{"taxonomy":"post_tag","embeddable":true,"href":"https:\/\/lospoliticosveracruz.com.mx\/index.php?rest_route=%2Fwp%2Fv2%2Ftags&post=91379"}],"curies":[{"name":"wp","href":"https:\/\/api.w.org\/{rel}","templated":true}]}}