{"id":91393,"date":"2022-06-20T12:35:44","date_gmt":"2022-06-20T17:35:44","guid":{"rendered":"https:\/\/lospoliticosveracruz.com.mx\/?p=91393"},"modified":"2022-06-20T12:35:51","modified_gmt":"2022-06-20T17:35:51","slug":"solo-hay-vuelta-a-la-izquierda","status":"publish","type":"post","link":"https:\/\/lospoliticosveracruz.com.mx\/?p=91393","title":{"rendered":"S\u00f3lo hay vuelta a la izquierda"},"content":{"rendered":"\n<p><\/p>\n\n\n\n<p><br><strong>Inocencio Y\u00e1\u00f1ez Vicencio<\/strong><\/p>\n\n\n\n<p><br>El resultado electoral de ayer domingo en Colombia, en el que triunf\u00f3 el exguerrillero de M-19, Gustavo Petro, es contundente. La gran mayor\u00eda de nuestros pueblos han decido girar hacia la izquierda. Esta es la raz\u00f3n por la que Amlo y Morena, por m\u00e1s que hayan ratificado el acuerdo neoliberal con Estados Unidos, de herencia salinista, que siga los recortes recomendados por el FMI, que tenga como puntales al gran capital que encabezan Carlos Slim, Salinas Pliego y para los pobres s\u00f3lo tenga lomosnas y la ley del garrote que Ad\u00e1n Augusto, oficializ\u00f3 en Tabasco, se empine ante Trump; no deja de vestirse de izquierda, para no perder la base social con la que gan\u00f3 la presidencia.<\/p>\n\n\n\n<div class=\"wp-block-image\"><figure class=\"alignleft size-medium\"><a href=\"https:\/\/lospoliticosveracruz.com.mx\/wp-content\/uploads\/2021\/10\/WhatsApp-Image-2021-10-02-at-15.20.25.jpeg\"><img loading=\"lazy\" decoding=\"async\" width=\"212\" height=\"300\" src=\"https:\/\/lospoliticosveracruz.com.mx\/wp-content\/uploads\/2021\/10\/WhatsApp-Image-2021-10-02-at-15.20.25-212x300.jpeg\" alt=\"\" class=\"wp-image-80177\" srcset=\"https:\/\/lospoliticosveracruz.com.mx\/wp-content\/uploads\/2021\/10\/WhatsApp-Image-2021-10-02-at-15.20.25-212x300.jpeg 212w, https:\/\/lospoliticosveracruz.com.mx\/wp-content\/uploads\/2021\/10\/WhatsApp-Image-2021-10-02-at-15.20.25-724x1024.jpeg 724w, https:\/\/lospoliticosveracruz.com.mx\/wp-content\/uploads\/2021\/10\/WhatsApp-Image-2021-10-02-at-15.20.25-768x1086.jpeg 768w, https:\/\/lospoliticosveracruz.com.mx\/wp-content\/uploads\/2021\/10\/WhatsApp-Image-2021-10-02-at-15.20.25.jpeg 905w\" sizes=\"auto, (max-width: 212px) 100vw, 212px\" \/><\/a><\/figure><\/div>\n\n\n\n<p><br>No obstante que Amlo, triunf\u00f3 en las elecciones de 2018, llevando una bandera y un programa de izquierda, a los pocos meses de su gobierno fue denunciado por Roger Bartra de ser un proyecto reaccionario y conservador y al dejar la titularidad de la secretaria Carlos Urz\u00faa, declarara que Amlo, aprobar\u00eda con menci\u00f3n honorifica las asignaturas del neoliberalismo; no pierde oportunidad de asociarse con gobiernos tenidos por izquierdistas. El problema es que sus detractores por sistema meten en ese mismo casillero tanto a los que se dicen como a los que realmente son de izquierda y por eso juega con ellos. Ni Daniel Ortega ni Nicol\u00e1s Maduro son de izquierda. Han asaltado el poder en nombre de la izquierda. Urge hacer esa bifurcaci\u00f3n. No podemos seguir haci\u00e9ndole el juego a las fuerzas del gran capital que a todo lo que se mueva en su contra le llama comunismo y atisba su \u00faltima arma, que es el fascismo. Hacer esa diferencia nos permitir\u00e1 leer correctamente hacia donde se encamina la sociedad. Contra la historia no se puede ir. Las grandes masas que por mucho tiempo han dado todo y hoy no tienen nada, no quieren ser m\u00e1s actoras pasivas y reclaman su participaci\u00f3n en el dise\u00f1o de una sociedad menos injusta. Pronto sabr\u00e1n estas masas quien las defiende sinceramente y quien \u00fanicamente utiliza su clamor para su beneficio.<br>Amlo y Morena, trafican con la pol\u00edtica y han enga\u00f1ado a las masas. Eso ni duda cabe. Pero una alternativa de derecha no tiene futuro. Lo vemos en Veracruz. El PAN est\u00e1 en manos de mercaderes de la pol\u00edtica. Es cierto el blanquiazul lleva mano en la coalici\u00f3n Va por M\u00e9xico, pero qu\u00e9 candidato pondr\u00eda. \u00bf C\u00f3mo se atrever\u00eda a proponer a un Miguel \u00c1ngel Yunes Marquez, que trat\u00f3 de enga\u00f1ar con su residencia y c\u00f3mo reemplazo a la alcald\u00eda del puerto de Veracruz, env\u00eda a su mujer? \u00bf Qu\u00e9 no ten\u00eda su partido otro cuadro? \u00bf Qu\u00e9 no es este un acto de clara negaci\u00f3n de la pol\u00edtica al hacer de lo p\u00fablico un acto privado, m\u00e1s bien , de familia? Solamente sus testaferros se lo pueden aplaudir. Es probable que halla quien les venda su preferencia para sobrevivir, porque no puedan ganarse la vida de otra forma que no sea m\u00e1s que parasitando, pero, ya sin los recursos del Estado, no parece que les alcance. El PRD, al unirse a los panistas sin que estuvieran de por medio las reglas del juego democr\u00e1tico amanazadas, como hoy lo est\u00e1n, mostr\u00f3 una lucha del poder por el poder, que le sirvi\u00f3 para llenar los bolsillos de sus directivos y al PAN para ocultar su ultramontanismo. El PRI al no expulsar a sus traidores y corruptos, carga con el descr\u00e9dito de sus sinverg\u00fcenzas y vividores. Esta descomposici\u00f3n de los partidos que conforman la coalici\u00f3n Va por M\u00e9xico, tanto a nivel nacional como local, la emplaza a construir una agenda y una candidatura a lado de las organizaciones y movimientos de la sociedad civil, que han sido golpeados por la seudoizquierda.<br>La oposici\u00f3n tiene posibilidades de triunfar en el 2024, siempre y cuando le quite el tufo derechista a la coalici\u00f3n Va por M\u00e9xico, porque Argentina, Bolivia, Chile, Colombia, Per\u00fa y pronto Brasil, muestran que no hay otro camino que la aut\u00e9ntica izquierda. Los programas sociales, una verdadera izquierda puede proponer institucionalizarlos, pero no suprimirlos, si quiere tener futuro.<br>La alternativa a Morena, debe contemplar la restauraci\u00f3n de la Rep\u00fablica y la restauraci\u00f3n de las reglas e instituciones democr\u00e1ticas.<br>Sea que Del R\u00edo Virgen, haya salido libre porque el juez no encontr\u00f3 elementos para tenerlo en prisi\u00f3n o porque las presiones fueron tan fuertes que le doblaron las manos al operador del derecho, ha sido una derrota para el gobernador Cuitlahuac, que demustra que en la entidad no hay Estado de derecho.<br>La restauraci\u00f3n del Estado de derecho, debe ser otro punto central del programa alternativo.<br>Hoy es claro que Morena se visti\u00f3 de izquierda para asaltar nuestras instituciones y destruirlas, pero ante esta burla, grave error seria no tener el pulso de los tiempos y creer que fall\u00f3 la izquierda. No fall\u00f3 un impostor. Rechazar a un impostor no significa rechazar a la aut\u00e9ntica izquierda. La poblaci\u00f3n en cuanto a sus problemas sociales, no dar\u00e1 ni un paso atr\u00e1s, preferir\u00e1 quedarse con lo peor, antes que retroceder, por eso la \u00fanica opci\u00f3n viable ser\u00e1 de aut\u00e9ntica izquierda y esa opci\u00f3n de radicalizaci\u00f3n social, s\u00f3lo se puede construir a lado de las grandes organizaciones y movimientos de la sociedad civil.<\/p>\n","protected":false},"excerpt":{"rendered":"<p>Inocencio Y\u00e1\u00f1ez Vicencio El resultado electoral de ayer domingo en Colombia, en el que triunf\u00f3 el exguerrillero de M-19, Gustavo Petro, es contundente. La gran mayor\u00eda de nuestros pueblos han decido girar hacia la izquierda. Esta es la raz\u00f3n por la que Amlo y Morena, por m\u00e1s que hayan ratificado el acuerdo neoliberal con Estados [&hellip;]<\/p>\n","protected":false},"author":2,"featured_media":0,"comment_status":"closed","ping_status":"closed","sticky":false,"template":"","format":"standard","meta":{"_jetpack_newsletter_access":"","_jetpack_dont_email_post_to_subs":false,"_jetpack_newsletter_tier_id":0,"_jetpack_memberships_contains_paywalled_content":false,"_jetpack_memberships_contains_paid_content":false,"footnotes":""},"categories":[70],"tags":[1819,13396,8256,7909,1026,266,251,33793,24697],"class_list":["post-91393","post","type-post","status-publish","format-standard","hentry","category-de-opinion","tag-carlos-slim","tag-carlos-urzua","tag-inocencio-yanez-vicencio","tag-jose-manuel-del-rio-virgen","tag-morena","tag-pan","tag-pri","tag-salinas-pliego","tag-va-por-mexico"],"jetpack_featured_media_url":"","jetpack_sharing_enabled":true,"jetpack_shortlink":"https:\/\/wp.me\/p4Qcd3-nM5","_links":{"self":[{"href":"https:\/\/lospoliticosveracruz.com.mx\/index.php?rest_route=\/wp\/v2\/posts\/91393","targetHints":{"allow":["GET"]}}],"collection":[{"href":"https:\/\/lospoliticosveracruz.com.mx\/index.php?rest_route=\/wp\/v2\/posts"}],"about":[{"href":"https:\/\/lospoliticosveracruz.com.mx\/index.php?rest_route=\/wp\/v2\/types\/post"}],"author":[{"embeddable":true,"href":"https:\/\/lospoliticosveracruz.com.mx\/index.php?rest_route=\/wp\/v2\/users\/2"}],"replies":[{"embeddable":true,"href":"https:\/\/lospoliticosveracruz.com.mx\/index.php?rest_route=%2Fwp%2Fv2%2Fcomments&post=91393"}],"version-history":[{"count":1,"href":"https:\/\/lospoliticosveracruz.com.mx\/index.php?rest_route=\/wp\/v2\/posts\/91393\/revisions"}],"predecessor-version":[{"id":91395,"href":"https:\/\/lospoliticosveracruz.com.mx\/index.php?rest_route=\/wp\/v2\/posts\/91393\/revisions\/91395"}],"wp:attachment":[{"href":"https:\/\/lospoliticosveracruz.com.mx\/index.php?rest_route=%2Fwp%2Fv2%2Fmedia&parent=91393"}],"wp:term":[{"taxonomy":"category","embeddable":true,"href":"https:\/\/lospoliticosveracruz.com.mx\/index.php?rest_route=%2Fwp%2Fv2%2Fcategories&post=91393"},{"taxonomy":"post_tag","embeddable":true,"href":"https:\/\/lospoliticosveracruz.com.mx\/index.php?rest_route=%2Fwp%2Fv2%2Ftags&post=91393"}],"curies":[{"name":"wp","href":"https:\/\/api.w.org\/{rel}","templated":true}]}}