{"id":9142,"date":"2009-01-05T05:12:00","date_gmt":"2009-01-05T05:12:00","guid":{"rendered":"http:\/\/www.lospoliticosveracruz.com.mx\/?p=9142"},"modified":"2014-10-08T19:28:09","modified_gmt":"2014-10-08T19:28:09","slug":"vivir-y-progresar","status":"publish","type":"post","link":"https:\/\/lospoliticosveracruz.com.mx\/?p=9142","title":{"rendered":"Vivir y Progresar"},"content":{"rendered":"<p><strong>Javier Duarte de Ochoa *<\/strong><\/p>\n<p>El pasado lunes, el Gobierno del Estado de Veracruz present\u00f3 el Pacto de Articulaci\u00f3n Gubernamental para enfrentar la Crisis con Oportunidad y Eficacia. <br \/>Este pacto no s\u00f3lo da seguimiento al plan veracruzano de desarrollo, sino que busca afrontar, de manera efectiva y concreta, los problemas inminentes que se avecinan por la crisis econ\u00f3mica y financiera internacional. <br \/>Debido al gran desarrollo industrial asociado en su mayor\u00eda a la econom\u00eda de los Estados Unidos, es necesario y urgente tomar las medidas adecuadas para enfrentar y minimizar los efectos negativos que estos sectores ya resienten por el estancamiento productivo en el pa\u00eds vecino. <br \/>A trav\u00e9s de diez puntos concretos, la estrategia que ha planteado la administraci\u00f3n de Veracruz, busca destinar el total de los recursos federales, estatales y municipales para mantener la estabilidad financiera, incentivar el crecimiento y la llegada de inversiones, proteger  el empleo, evitar las alzas injustificadas de productos b\u00e1sicos y apoyar a los sectores productivos que se ver\u00e1n m\u00e1s afectados por la situaci\u00f3n de la econom\u00eda internacional. <br \/>Para romper el ciclo de desaceleraci\u00f3n y estancamiento es fundamental mantener la unidad y concertar las acciones estatales con las del gobierno federal para lograr que las pol\u00edticas implementadas tengan un mayor efecto y podamos sacar provecho de nuestras  ventajas competitivas. <br \/>En estas \u00e9pocas dif\u00edciles, el actuar conjunto del gobierno mexicano debe ser el motor del crecimiento y el garante de la seguridad para asegurar un crecimiento econ\u00f3mico s\u00f3lido y sostenido. <br \/>Por ello, parte medular del Pacto Anticrisis radica en la coordinaci\u00f3n y articulaci\u00f3n de todas las dependencias federales con miras a que se afecte lo menos posible la econom\u00eda de las familias veracruzanas. <br \/>El apoyo agregado a las pol\u00edticas econ\u00f3micas de las autoridades monetarias del pa\u00eds permitir\u00e1 dinamizar los efectos de las inversiones y los apoyos en la econom\u00eda nacional. <br \/>Por eso, nuestro Pacto estatal va de la mano con la propuesta antic\u00edclica del Presidente Felipe Calder\u00f3n.<br \/>El segundo aspecto esencial del Pacto radica en la protecci\u00f3n del empleo y el bienestar de los ciudadanos para poder avanzar en la agenda social de combate a la pobreza. Esta sigue siendo la prioridad de la presente administraci\u00f3n. <br \/>Es por esto que pondremos especial atenci\u00f3n en el desarrollo social y econ\u00f3mico de los sectores m\u00e1s marginados y multiplicaremos las oportunidades de desarrollo para el conjunto de la sociedad. <br \/>En este sentido, el 2009 ser\u00e1 un a\u00f1o marcado por la construcci\u00f3n de grandes proyectos de infraestructura y de obra p\u00fablica con sentido social, que establezcan las condiciones necesarias para consolidar la llegada de inversiones que permita la generaci\u00f3n de empleos y se traduzca en un crecimiento econ\u00f3mico sostenido. <br \/>Conjuntamente, se crear\u00e1n nuevas ocupaciones productivas en los sectores agropecuarios, de transformaci\u00f3n y de servicios, con los cuales el gobierno inyectar\u00e1 los est\u00edmulos necesarios para fortalecer el mercado interno y mantener el dinamismo de la econom\u00eda nacional. <br \/>De esta forma, la expansi\u00f3n del gasto p\u00fablico no s\u00f3lo nos permitir\u00e1 sentar las bases de un desarrollo a largo plazo, sino que representa una oportunidad para contrarrestar los efectos de la crisis econ\u00f3mica.<br \/>Por otro lado, estas acciones se ver\u00e1n reforzadas mediante una pol\u00edtica de precios que evite el alza injustificada de algunos bienes de consumo b\u00e1sico, con el fin de proteger la econom\u00eda familiar. <br \/>Paralelamente, se implementar\u00e1n pol\u00edticas que garanticen el abasto de los productos de primera necesidad con el fin de evitar especulaciones. <br \/>Por si esto fuera poco, el programa prev\u00e9 la ampliaci\u00f3n de los servicios salud y educaci\u00f3n, el abaratamiento de medicamentos y de uniformes escolares, y se dar\u00e1 la continuidad necesaria a los programas del DIF estatal con miras a que mejore la calidad de vida de los veracruzanos.<br \/>Otro aspecto fundamental del pacto consiste en la promoci\u00f3n econ\u00f3mica del Estado para incentivar el desarrollo y el crecimiento. <br \/>Por un lado, se propone la generaci\u00f3n de alianzas estrat\u00e9gicas empresariales que faciliten el establecimiento de empresas p\u00fablicas y privadas. <br \/>Por otro, se promover\u00e1n inversiones en todos los sectores productivos con miras a fomentar la competitividad. <br \/>En especial, los sectores del turismo y de la cultura recibir\u00e1n mayores flujos de inversi\u00f3n p\u00fablica ya que estos sectores han demostrado ser un polo importante de crecimiento, as\u00ed como factores fundamentales para el desarrollo del Estado. <br \/>En cuesti\u00f3n de los servicios financieros, el pacto prev\u00e9 la implementaci\u00f3n de mecanismos de coordinaci\u00f3n entre la banca comercial y las instituciones de cr\u00e9dito nacional y extranjera, para seguir otorgando cr\u00e9ditos a tasas de inter\u00e9s bajas que permitan el desarrollo econ\u00f3mico y social de la sociedad en su conjunto. <br \/>Estos mecanismos permitir\u00e1n tambi\u00e9n fomentar la cultura de la inversi\u00f3n y el ahorro, con lo que se contribuir\u00e1 al desarrollo regional. <br \/>En concreto, el plan veracruzano para enfrentar la crisis econ\u00f3mica internacional busca generar pol\u00edticas contra-c\u00edclicas coordinadas que fortalezcan la demanda y el mercado interno para sustituir el efecto de la contracci\u00f3n comercial. <br \/>A su vez, intenta incentivar la llegada de inversi\u00f3n extranjera directa para desarrollar infraestructura f\u00edsica productiva con el fin de pavimentar un desarrollo sostenido de largo plazo y permita una mitigaci\u00f3n temporal de la recesi\u00f3n. <br \/>Por \u00faltimo, el pacto proteger\u00e1 a las poblaciones m\u00e1s afectadas por la crisis mediante pol\u00edticas conjuntas de ayuda social junto con estrategias de contingencia que incentiven el consumo, generen empleo y se mantenga la productividad. <br \/>Con todo esto, estamos seguros de que tanto Veracruz, como el conjunto de los estados de la Rep\u00fablica, mantendr\u00e1n el crecimiento econ\u00f3mico necesario. <br \/>S\u00f3lo juntos lograremos salir adelante.<\/p>\n<p><strong>*Secretario de Finanzas y Planeaci\u00f3n del Gobierno del Estado.<\/strong><br \/><em>jduarte@sefiplan.gob.mx<\/em><\/p>\n","protected":false},"excerpt":{"rendered":"<p>Javier Duarte de Ochoa * El pasado lunes, el Gobierno del Estado de Veracruz present\u00f3 el Pacto de Articulaci\u00f3n Gubernamental para enfrentar la Crisis con Oportunidad y Eficacia. Este pacto no s\u00f3lo da seguimiento al plan veracruzano de desarrollo, sino que busca afrontar, de manera efectiva y concreta, los problemas inminentes que se avecinan por [&hellip;]<\/p>\n","protected":false},"author":1,"featured_media":0,"comment_status":"open","ping_status":"open","sticky":false,"template":"","format":"standard","meta":{"_jetpack_newsletter_access":"","_jetpack_dont_email_post_to_subs":false,"_jetpack_newsletter_tier_id":0,"_jetpack_memberships_contains_paywalled_content":false,"_jetpack_memberships_contains_paid_content":false,"footnotes":""},"categories":[1],"tags":[],"class_list":["post-9142","post","type-post","status-publish","format-standard","hentry","category-sin-categoria"],"jetpack_featured_media_url":"","jetpack_sharing_enabled":true,"jetpack_shortlink":"https:\/\/wp.me\/p4Qcd3-2ns","_links":{"self":[{"href":"https:\/\/lospoliticosveracruz.com.mx\/index.php?rest_route=\/wp\/v2\/posts\/9142","targetHints":{"allow":["GET"]}}],"collection":[{"href":"https:\/\/lospoliticosveracruz.com.mx\/index.php?rest_route=\/wp\/v2\/posts"}],"about":[{"href":"https:\/\/lospoliticosveracruz.com.mx\/index.php?rest_route=\/wp\/v2\/types\/post"}],"author":[{"embeddable":true,"href":"https:\/\/lospoliticosveracruz.com.mx\/index.php?rest_route=\/wp\/v2\/users\/1"}],"replies":[{"embeddable":true,"href":"https:\/\/lospoliticosveracruz.com.mx\/index.php?rest_route=%2Fwp%2Fv2%2Fcomments&post=9142"}],"version-history":[{"count":0,"href":"https:\/\/lospoliticosveracruz.com.mx\/index.php?rest_route=\/wp\/v2\/posts\/9142\/revisions"}],"wp:attachment":[{"href":"https:\/\/lospoliticosveracruz.com.mx\/index.php?rest_route=%2Fwp%2Fv2%2Fmedia&parent=9142"}],"wp:term":[{"taxonomy":"category","embeddable":true,"href":"https:\/\/lospoliticosveracruz.com.mx\/index.php?rest_route=%2Fwp%2Fv2%2Fcategories&post=9142"},{"taxonomy":"post_tag","embeddable":true,"href":"https:\/\/lospoliticosveracruz.com.mx\/index.php?rest_route=%2Fwp%2Fv2%2Ftags&post=9142"}],"curies":[{"name":"wp","href":"https:\/\/api.w.org\/{rel}","templated":true}]}}