{"id":9150,"date":"2008-12-28T21:48:00","date_gmt":"2008-12-28T21:48:00","guid":{"rendered":"http:\/\/www.lospoliticosveracruz.com.mx\/?p=9150"},"modified":"2014-10-08T19:28:11","modified_gmt":"2014-10-08T19:28:11","slug":"huele-a-cochinero","status":"publish","type":"post","link":"https:\/\/lospoliticosveracruz.com.mx\/?p=9150","title":{"rendered":"\u00a1Huele a cochinero!"},"content":{"rendered":"<p><strong>Salvador Mu\u00f1oz<\/strong><br \/><em>Los Pol\u00edticos<\/em><\/p>\n<p>Que este fin de a\u00f1o, todas sus metas, deseos y sue\u00f1os se cumplan. Que en su coraz\u00f3n no albergue odio, resentimiento y culpa. Que el pulso no le tiemble cuando extienda la mano para saludar a alguien, pero sobre todo, viva feliz cada momento de su vida\u2026<br \/>A todos esos pol\u00edticos que han sido citados en esta columna, les ofrezco mi respeto y admiraci\u00f3n por su buen humor, pero sobre todo, porque hayan servido estas l\u00edneas para que, si estaban equivocados, corregir el camino, y si no lo estaban, no errarlo. Y si yo me equivoqu\u00e9, que me lo hayan hecho saber.<br \/>Tambi\u00e9n quiero agradecer a quienes cooperaron a lo largo de este a\u00f1o con la Fundaci\u00f3n de los Ni\u00f1os Pobres\u2026 de mi casa.<br \/>\u00a1Claro! Tuve que abrir una fundaci\u00f3n para tratar de allegarme recursos extras a lo que gano como reportero y es que lamentablemente mis hijos no son mayores de edad para poderlos meter a trabajar al Gobierno del Estado\u2026 \u00a1vaya! Y como son como su padre, ni tienen chance de una beca que los apoyara para los boletos de su autob\u00fas\u2026<br \/>Quiz\u00e1s por eso es que, adem\u00e1s de reportero, columnista, editor, ni\u00f1ero y otros oficios que se me presentan, todav\u00eda hago labor social en las parroquias de Xalapa ya no para ganar dinero, sino indulgencias que un d\u00eda me lleven al para\u00edso del pol\u00edtico en jauja.<br \/>As\u00ed que un domingo, el sacerdote de la parroquia de Las Animas, contrat\u00f3 mis servicios para hacer limpieza general.<br \/>\u00a1No! Era una polvareda que sud\u00e9 y sud\u00e9 al grado de apestar a cochinero\u2026 pues para no hacerles el cuento largo, estaba limpiando por dentro el confesionario cuando arrib\u00f3 una persona y me dijo, en tono desesperado:<br \/>\u2013\u00a1Padre! \u00a1Quiero confesarme!<br \/><strong>\u2013Pero es que yo\u2026<\/strong><br \/>\u2013\u00a1Lo necesito urgentemente! Estamos a d\u00edas del fin de a\u00f1o y necesito expiar mis culpas\u2026<br \/><strong>\u2013Es que yo\u2026<\/strong><br \/>\u2013\u00a1Confieso ante Dios que he pecado! Soy culpable de haberle dado un pellizco al erario\u2026 \u00a1oiga! Huele a cochinero\u2026<br \/>El esp\u00edritu del seminarista que se raj\u00f3 hace m\u00e1s de 20 a\u00f1os por el camino de Dios se apoder\u00f3 de m\u00ed y no pude evitar decir:<br \/><strong>\u2013Hijo, \u00a1no debes agredir a tus semejantes! Y sobre el olor, ha de ser tu imaginaci\u00f3n\u2026<\/strong><br \/>\u2013\u00bfCu\u00e1l semejante?<br \/><strong>\u2013No dices que pellizcaste a Erario\u2026<\/strong><br \/>\u2013El erario son los recursos del pueblo, \u00a1la lana! Pero insisto\u2026 \u00a1huele a cochinero!<br \/><strong>\u2013\u00a1Ah! Ya entiendo\u2026 \u00bfy qu\u00e9 hiciste con ese dinero?  El olor ha de ser los pecados que cargas\u2026<\/strong><br \/>\u2013Pues vine a Xalapa a buscar un humilde carrito\u2026 \u00a1huele a cochinero!<br \/><strong>\u2013No huele a nada\u2026 \u00bfy qu\u00e9 carro escogiste?<\/strong><br \/>\u2013Nada, casi nada\u2026 un Mercedes\u2026 \u00a1de verdad que huele a cochinero!<br \/><strong>\u2013\u00a1Huyyy! Casi nada\u2026 me imagino que austero\u2026 \u00a1y no huele a nada!<\/strong><br \/>\u2013Pues para el Mu\u00f1eco, qu\u00e9 mejor que un SLK Class 350 Premium\u2026 \u00a1huele a cochino!<br \/><strong>\u2013No huele a nada\u2026 ya me imagino tu carro por la ciudad\u2026<\/strong><br \/>\u2013\u00a1Est\u00e1 loco! \u00a1C\u00f3mo cree que voy a andar paseando por las bachosas calles de Catemaco mi Mercedes!&#8230; perd\u00f3n padre\u2026 \u00a1huele a cochinero!<br \/><strong>\u2013No huele a nada\u2026 pero, entonces, d\u00f3nde dejas tu carro\u2026<\/strong><br \/>\u2013Pues tuve que comprar una casa ad hoc para el carro para estacionarlo\u2026 oiga\u2026 \u00a1huele a cochinero!<br \/><strong>\u2013Que no huele a nada\u2026 \u00bfy de d\u00f3nde sacaste para la casa?<\/strong><br \/>\u2013Bursatilic\u00e9 unos ahorros y Peso a Peso logr\u00e9 hacerme de una casita\u2026 huele a cochinero\u2026<br \/><strong>\u2013Que no, hijo, no huele a nada\u2026 \u00bfen d\u00f3nde la compraste?<\/strong><br \/>\u2013Ac\u00e1 en las Animas, en Ernesto G\u00f3mez 4 ah\u00ed tiene su humilde residencia\u2026 \u00a1oiga! Esto es serio\u2026 apesta a cochinero\u2026<br \/><strong>\u2013Mira hijo, si bien puede que apeste a cochinero, t\u00fa apestas a rata \u00a1y ni quien te diga nada! Y vete porque yo no soy sacerdote y ni creo que se te perdonen tus pecados.<\/strong><br \/>Feliz fin e inicio de a\u00f1o\u2026<\/p>\n","protected":false},"excerpt":{"rendered":"<p>Salvador Mu\u00f1ozLos Pol\u00edticos Que este fin de a\u00f1o, todas sus metas, deseos y sue\u00f1os se cumplan. Que en su coraz\u00f3n no albergue odio, resentimiento y culpa. Que el pulso no le tiemble cuando extienda la mano para saludar a alguien, pero sobre todo, viva feliz cada momento de su vida\u2026A todos esos pol\u00edticos que han [&hellip;]<\/p>\n","protected":false},"author":1,"featured_media":0,"comment_status":"open","ping_status":"open","sticky":false,"template":"","format":"standard","meta":{"_jetpack_newsletter_access":"","_jetpack_dont_email_post_to_subs":false,"_jetpack_newsletter_tier_id":0,"_jetpack_memberships_contains_paywalled_content":false,"_jetpack_memberships_contains_paid_content":false,"footnotes":""},"categories":[1],"tags":[],"class_list":["post-9150","post","type-post","status-publish","format-standard","hentry","category-sin-categoria"],"jetpack_featured_media_url":"","jetpack_sharing_enabled":true,"jetpack_shortlink":"https:\/\/wp.me\/p4Qcd3-2nA","_links":{"self":[{"href":"https:\/\/lospoliticosveracruz.com.mx\/index.php?rest_route=\/wp\/v2\/posts\/9150","targetHints":{"allow":["GET"]}}],"collection":[{"href":"https:\/\/lospoliticosveracruz.com.mx\/index.php?rest_route=\/wp\/v2\/posts"}],"about":[{"href":"https:\/\/lospoliticosveracruz.com.mx\/index.php?rest_route=\/wp\/v2\/types\/post"}],"author":[{"embeddable":true,"href":"https:\/\/lospoliticosveracruz.com.mx\/index.php?rest_route=\/wp\/v2\/users\/1"}],"replies":[{"embeddable":true,"href":"https:\/\/lospoliticosveracruz.com.mx\/index.php?rest_route=%2Fwp%2Fv2%2Fcomments&post=9150"}],"version-history":[{"count":0,"href":"https:\/\/lospoliticosveracruz.com.mx\/index.php?rest_route=\/wp\/v2\/posts\/9150\/revisions"}],"wp:attachment":[{"href":"https:\/\/lospoliticosveracruz.com.mx\/index.php?rest_route=%2Fwp%2Fv2%2Fmedia&parent=9150"}],"wp:term":[{"taxonomy":"category","embeddable":true,"href":"https:\/\/lospoliticosveracruz.com.mx\/index.php?rest_route=%2Fwp%2Fv2%2Fcategories&post=9150"},{"taxonomy":"post_tag","embeddable":true,"href":"https:\/\/lospoliticosveracruz.com.mx\/index.php?rest_route=%2Fwp%2Fv2%2Ftags&post=9150"}],"curies":[{"name":"wp","href":"https:\/\/api.w.org\/{rel}","templated":true}]}}