{"id":9155,"date":"2008-12-23T16:09:00","date_gmt":"2008-12-23T16:09:00","guid":{"rendered":"http:\/\/www.lospoliticosveracruz.com.mx\/?p=9155"},"modified":"2014-10-08T19:28:11","modified_gmt":"2014-10-08T19:28:11","slug":"agresiones","status":"publish","type":"post","link":"https:\/\/lospoliticosveracruz.com.mx\/?p=9155","title":{"rendered":"Agresiones"},"content":{"rendered":"<p><strong>Juan Antonio Nemi Dib<\/strong><br \/><em>Historias de cosas peque\u00f1as<\/em><\/p>\n<p>Suponiendo que alg\u00fan lector paciente y tolerante me regalar\u00e1 unos minutos para ojear estas l\u00edneas, el calendario y la l\u00f3gica me sugieren que las dedique yo a recuperar un poco de los mensajes universales que ofrece la fiesta de Navidad y que, sin embargo, la falta de tiempo para las urgent\u00edsimas compras de \u00e9poca y la preparaci\u00f3n del relleno del pavo, provocan que se posterguen e incluso, se olviden.<br \/>Sorprender\u00eda conocer el n\u00famero de personas que identifican la noche del 24 de diciembre con regalos y jolgorio y que desconocen al festejado y las razones de su fiesta.<br \/>Sobre este asunto hay mucha tela de la que cortar \u2013quiz\u00e1 para vestir a una manada de elefantes\u2014 y la oportunidad de aparecer espiritual y reflexivo, escribiendo sobre cosas relativamente agradables, aunque posiblemente repetitivas y cursis, se presentar\u00e1 de nueva cuenta hasta dentro de un a\u00f1o, por lo que cuesta trabajo apartarse de la decembrina tentaci\u00f3n de usar al ni\u00f1o Jes\u00fas y a su pesebre como argumentos para un mensaje espiritual y motivador. Sin embargo, la compulsi\u00f3n por narrar tres estampas de mi faceta automovil\u00edstica es mayor que mi deseo de aparecer como predicador \u201cquedabien\u201d y supongo que, en cierta manera, ser\u00e1n de mejor provecho que una fil\u00edpica moralista.<br \/>Confieso sin rubores que entre las much\u00edsimas cosas que Natura me neg\u00f3 \u2013literalmente, para no transferir mi reproche a las m\u00e1s altas esferas\u2014 est\u00e1 la de conducir veh\u00edculos. Y no es que me disguste manejar o que no pueda hacerlo, sino que mi temperamento y la enorme facilidad con que suelo distraerme me obligan a desplegar un esfuerzo adicional para mantener la atenci\u00f3n cuando estoy frente al volante, en beneficio m\u00edo, de quienes me acompa\u00f1an  y de quienes han de cruzarse conmigo, como peatones y a bordo de otros veh\u00edculos.<br \/>Por ejemplo, recuerdo bien cuando Talina Fern\u00e1ndez, esposa de mi admirado y estimado jefe Alejandro Carrillo Castro me amenaz\u00f3 con bajarse del coche si no dejaba yo de voltear para conversar con ellos y manten\u00eda la vista en la carretera. Por eso y para hacer cosas que me parecen m\u00e1s \u00fatiles, siempre que puedo evito ponerme frente al volante. <br \/>Cuando tengo que manejar porque no hay m\u00e1s remedio, al mismo tiempo que acciono el interruptor de encendido, hago el firme prop\u00f3sito actuar \u201cs\u00f3lo por hoy\u201d como el conductor m\u00e1s educado del mundo, concediendo a todos, pero especialmente a los taxistas y choferes de camiones, dosis de tolerancia infinita y una cortes\u00eda que, seg\u00fan mi pap\u00e1, podr\u00e1n convertirse en generalizada y contagiosa (\u00bf?). Pero \u2013y esta es la segunda y m\u00e1s dolorosa confesi\u00f3n de hoy\u2014 me acuso de haber fallado en el intento e incumplido mis intenciones, por lo menos tres veces en los \u00faltimos quince d\u00edas. Este es el recuento de las historias, de menos a m\u00e1s, es decir, dejando para el final la m\u00e1s pat\u00e9tica de todas, de la que a\u00fan no me repongo. Espero que ponerlas por escrito produzca una catarsis suficiente como para ahorrarme los honorarios del psicoanalista.<br \/>Hace un par de semanas mi esposa y yo regresamos de Coatepec poco despu\u00e9s de la media noche, luego de cenar con algunos matrimonios amigos. A la entrada de Xalapa comet\u00ed la osad\u00eda de tocar la bocina del coche para avisar al conductor de un coche que estaba a punto de  chocar con nosotros al cruzarse al carril que ocup\u00e1bamos; si bien el joven chofer se sorprendi\u00f3 y dio un \u201cvolantazo\u201d hacia el otro lado para evitar el impacto, reaccion\u00f3 con una ira propia de mejores causas y entonces pudimos disfrutar de un improvisado concierto gratuito de improperios sonorizados, se\u00f1as no precisamente afectivas y linduras obscenas para las que se alternan en sincron\u00eda las flexiones de uno, tres o cinco dedos de la mano, el codo y el pu\u00f1o, que amablemente nos fueron acompa\u00f1ando por un par de kil\u00f3metros hasta que decid\u00ed (cediendo tambi\u00e9n a la presi\u00f3n de mi esposa) que un par de j\u00f3venes imberbes, muy probablemente intoxicados \u2013el conductor y su acompa\u00f1ante\u2014 no iban a arruinarme la noche y, seguramente, a convertir en problema mayor una provocaci\u00f3n a la que uno pod\u00eda responder o no. Lo interesante era, y sigue siendo, la energ\u00eda y la persistencia que los muchachos dedicaron a perseguirnos al sentirse afectados por un incidente que ellos provocaron. Mientras escribo esto, vuelvo a enojarme.<br \/>Ir a Las Vigas, espec\u00edficamente al famoso \u201cCiclo Verde\u201d para cortar el pino navide\u00f1o cultivado se ha convertido en una tradici\u00f3n familiar que amerita mejor cr\u00f3nica. Esta vez s\u00f3lo comento que en pleno domingo al medio d\u00eda, con cientos de visitantes recorriendo los bosques replantados y decenas de veh\u00edculos intentando entrar y salir del rancho silv\u00edcola por el \u00fanico acceso previsto para esa funci\u00f3n, uno de los visitantes tom\u00f3 la decisi\u00f3n de detener su coche precisamente en el crucero en el que confluyen el camino de acceso, la entrada al estacionamiento y la transitad\u00edsima carretera federal. Dej\u00f3 a su familia dentro del coche, apag\u00f3 el motor y camino hacia las oficinas del rancho, provocando un caos a decenas de automovilistas que en segundos nos vimos envueltos en un nudo que muy pronto se extendi\u00f3 hasta la misma carretera, con enorme peligro para los ocupantes de los coches detenidos en la pista.<br \/>El hombre estaba furibundo y poco le importaron las t\u00edmidas protestas de quienes pacientemente hubieron de esperar a que retornara, no menos de tres o cinco interminables minutos. Volvi\u00f3, faltaba m\u00e1s, mentando madres a gritos y advirtiendo tambi\u00e9n a gritos que, si quer\u00eda, no mover\u00eda su coche convertido en muro infranqueable. Pienso que probablemente olvid\u00f3 que todos, incluido \u00e9l, est\u00e1bamos de paseo. Quiz\u00e1 no encontr\u00f3 un \u00e1rbol a su gusto o simplemente descarg\u00f3 en los dem\u00e1s la ira acumulada durante la semana anterior.<br \/>Pero el acabose ocurri\u00f3 con una se\u00f1ora de unos 50 o 55 a\u00f1os conduciendo un sed\u00e1n a la que poco le import\u00f3 circular en sentido contrario por una estrecha calle de un solo carril, que no s\u00f3lo no se movi\u00f3 ni hizo el menor intento de retroceder cuando nos topamos de frente, sino que apag\u00f3 el motor de su coche y tom\u00f3 el tel\u00e9fono para ponerse a conversar. Lo sorprendente es que en la parte de atr\u00e1s viajaban dos ni\u00f1as peque\u00f1as de no m\u00e1s de diez a\u00f1os de edad, probablemente sus nietas, a las que la virulenta chafireta pudo exponer a una agresi\u00f3n proporcional a la cometida por ella pero que, m\u00e1s gravemente, aprendieron de la se\u00f1ora este ejemplo de absoluta descortes\u00eda, ignorancia supina de las normas de tr\u00e1nsito y de profundo desprecio por los derechos de los dem\u00e1s. Aunque me cost\u00f3 trabajo tuve que ceder y volverme en reversa, pensando que la se\u00f1ora me gan\u00f3, impuso su voluntad y se sali\u00f3 con la suya. Posiblemente las ni\u00f1as har\u00e1n lo mismo cuando les llegue el momento, total aqu\u00ed rige ya la ley de la selva, por lo menos para la abuela.<br \/>Pregunta: \u00bfson las deudas, las penurias, los desamores, las incertidumbres y la crisis explicaci\u00f3n suficiente para estas agresiones? A fin de cuentas, las cosas que frustran y producen violencia radican siempre en el interior de cada quien, son asuntos de individuos. Lo que me queda claro es que estas no son las pr\u00e1cticas ni los automovilistas que corresponden a un pa\u00eds civilizado y con calidad de vida como el que todos los mexicanos merecemos; me pesa tambi\u00e9n, que a\u00fan habiendo conductores amables, responsables y pacientes, estas agresiones aumenten d\u00eda con d\u00eda, en n\u00famero y en intensidad. Y es que las frustraciones y la violencia se reproducen no s\u00f3lo en los coches y en las calles. Tambi\u00e9n entiendo que, para cambiar esto, es poco lo que los gobiernos pueden hacer sin el concurso de la gente.<br \/>Pero ni a\u00fan esas tres experiencias desafortunadas me privan de la emoci\u00f3n que me producen las fiestas de Navidad y que deseo tambi\u00e9n para usted. Muchas felicidades; literalmente. De nuevo literalmente: salud, dinero, amor y una crisis leve, sin enojos ni berrinches.<\/p>\n<p><strong>antonionemi@gmail.com<\/strong><\/p>\n","protected":false},"excerpt":{"rendered":"<p>Juan Antonio Nemi DibHistorias de cosas peque\u00f1as Suponiendo que alg\u00fan lector paciente y tolerante me regalar\u00e1 unos minutos para ojear estas l\u00edneas, el calendario y la l\u00f3gica me sugieren que las dedique yo a recuperar un poco de los mensajes universales que ofrece la fiesta de Navidad y que, sin embargo, la falta de tiempo [&hellip;]<\/p>\n","protected":false},"author":1,"featured_media":0,"comment_status":"open","ping_status":"open","sticky":false,"template":"","format":"standard","meta":{"_jetpack_newsletter_access":"","_jetpack_dont_email_post_to_subs":false,"_jetpack_newsletter_tier_id":0,"_jetpack_memberships_contains_paywalled_content":false,"_jetpack_memberships_contains_paid_content":false,"footnotes":""},"categories":[1],"tags":[],"class_list":["post-9155","post","type-post","status-publish","format-standard","hentry","category-sin-categoria"],"jetpack_featured_media_url":"","jetpack_sharing_enabled":true,"jetpack_shortlink":"https:\/\/wp.me\/p4Qcd3-2nF","_links":{"self":[{"href":"https:\/\/lospoliticosveracruz.com.mx\/index.php?rest_route=\/wp\/v2\/posts\/9155","targetHints":{"allow":["GET"]}}],"collection":[{"href":"https:\/\/lospoliticosveracruz.com.mx\/index.php?rest_route=\/wp\/v2\/posts"}],"about":[{"href":"https:\/\/lospoliticosveracruz.com.mx\/index.php?rest_route=\/wp\/v2\/types\/post"}],"author":[{"embeddable":true,"href":"https:\/\/lospoliticosveracruz.com.mx\/index.php?rest_route=\/wp\/v2\/users\/1"}],"replies":[{"embeddable":true,"href":"https:\/\/lospoliticosveracruz.com.mx\/index.php?rest_route=%2Fwp%2Fv2%2Fcomments&post=9155"}],"version-history":[{"count":0,"href":"https:\/\/lospoliticosveracruz.com.mx\/index.php?rest_route=\/wp\/v2\/posts\/9155\/revisions"}],"wp:attachment":[{"href":"https:\/\/lospoliticosveracruz.com.mx\/index.php?rest_route=%2Fwp%2Fv2%2Fmedia&parent=9155"}],"wp:term":[{"taxonomy":"category","embeddable":true,"href":"https:\/\/lospoliticosveracruz.com.mx\/index.php?rest_route=%2Fwp%2Fv2%2Fcategories&post=9155"},{"taxonomy":"post_tag","embeddable":true,"href":"https:\/\/lospoliticosveracruz.com.mx\/index.php?rest_route=%2Fwp%2Fv2%2Ftags&post=9155"}],"curies":[{"name":"wp","href":"https:\/\/api.w.org\/{rel}","templated":true}]}}