{"id":91671,"date":"2022-06-27T08:39:03","date_gmt":"2022-06-27T13:39:03","guid":{"rendered":"https:\/\/lospoliticosveracruz.com.mx\/?p=91671"},"modified":"2022-06-27T08:39:11","modified_gmt":"2022-06-27T13:39:11","slug":"llegar-a-los-70","status":"publish","type":"post","link":"https:\/\/lospoliticosveracruz.com.mx\/?p=91671","title":{"rendered":"Llegar a los 70"},"content":{"rendered":"\n<p><strong>Sergio Gonz\u00e1lez Levet<\/strong><\/p>\n\n\n\n<p><em>Sin tacto<\/em><\/p>\n\n\n\n<p><\/p>\n\n\n\n<p>Don Eugenio Carre\u00f3n fue un hombre l\u00facido y de movimiento ligeros y seguros hasta el momento de su muerte, que le ocurri\u00f3 a los 96 a\u00f1os cumplidos, en los brazos de su hijo m\u00e9dico Rafael. En la sala de espera del laboratorio en donde le har\u00edan unos an\u00e1lisis urgentes, cay\u00f3 como un pajarito de \u00e9sos que mueren por la desaz\u00f3n del amor, \u00e9l que siempre estuvo tan lleno de vida.<\/p>\n\n\n\n<div class=\"wp-block-image\"><figure class=\"alignleft size-medium\"><a href=\"https:\/\/lospoliticosveracruz.com.mx\/wp-content\/uploads\/2021\/10\/Zacauilt.jpg\"><img decoding=\"async\" src=\"https:\/\/lospoliticosveracruz.com.mx\/wp-content\/uploads\/2021\/10\/Zacauilt-150x300.jpg\" alt=\"\" class=\"wp-image-80558\"\/><\/a><\/figure><\/div>\n\n\n\n<p><br>\u200bMe dec\u00eda a sus a\u00f1os que no le gustaba ir a cobrar el cheque de su jubilaci\u00f3n porque en la cola encontraba a puras personas entradas en los 70 a\u00f1os, llenas de tristezas y achaques, de limitaciones\u2026<br>\u200b\u2014Si siguen as\u00ed con tantas quejas y lamentos, qu\u00e9 les va a quedar para los pr\u00f3ximos 20 a\u00f1os, en lo que llegan a mi edad \u2014les reclamaba.<br>\u200bDon U, como le dec\u00edamos con cari\u00f1o, fue un basquetbolista legendario que con sus hermanos form\u00f3 un equipo que gan\u00f3 para Aguascalientes el campeonato nacional de 1931. Por eso y otras razones la cancha estatal de basquetbol de Aguascalientes se llama Gimnasio Hermanos Carre\u00f3n, a mucha honra.<br>\u200bDon Eugenio fue el primer profesor de educaci\u00f3n f\u00edsica del estado y obtuvo tambi\u00e9n el cari\u00f1o de sus semejantes por su bonhom\u00eda y su gran sentido del humor.<br>\u200bQuien siga la filosof\u00eda de vida de Eugenio Carre\u00f3n podr\u00e1 pensar que llegar a los 70 a\u00f1os es casi como comenzar una nueva vida; es empezar una nueva aventura. Hay quienes piensan como ancianos y se sienten tales desde edades muy tempranas, y otros como don U siguen vigentes y productivos hasta el \u00faltimo suspiro.<br>\u200bGracias a esa actitud, en la literatura tenemos grandes obras que fueron escritas porque sus autores no se dejaron vencer por los a\u00f1os.<br>\u200bEl padre dela literatura rusa, Le\u00f3n Tolstoi (1828-1910), escribi\u00f3 una de sus mejores novelas, Resurrecci\u00f3n, en 1899, a los 71 a\u00f1os, y V\u00edctor Hugo, su similar para la literatura francesa, en 1874 empez\u00f3 a escribir, a los 72 a\u00f1os, una trilog\u00eda de novelas sobre la Revoluci\u00f3n Francesa de la que pudo concluir la primera, llamada Noventa y tres, despu\u00e9s de que hab\u00eda coronado sus siete d\u00e9cadas de vida con un libro de poemas, El a\u00f1o terrible.<br>\u200bEn la literatura espa\u00f1ola, don F\u00e9lix Lope de Vega y Carpio (1562-1635) todav\u00eda andaba por el siglo XVII escribiendo poemas a la que era una edad muy avanzada para la \u00e9poca, como La Gatomaquia (1634), Rimas humanas y divinas del licenciado Tom\u00e9 de Burguillos (1634) y La Vega del Parnaso (1637).<br>\u200bTal vez el caso m\u00e1s ejemplar es el del portugu\u00e9s Jos\u00e9 Saramago (1922-2010), quien escribi\u00f3 la parte m\u00e1s sustancial de su obra ya grande. De ah\u00ed provienen Ensayo sobre la ceguera (1995), Todos los nombres (1997), El hombre duplicado (2002), Ensayo sobre la lucidez (2004), Las intermitencias de la muerte (2005), El viaje del elefante (2008), Ca\u00edn (2009) y tres cap\u00edtulos de Alabardas (2014) su \u00faltima novela.<br>\u200bDon Alfonso Reyes (1899-1959) y Octavio Paz (1914-1998) son dos cumbres mexicanas que produjeron hasta el final mismo de sus vidas.<br>\u200bY no podemos olvidar a Jorge Luis Borges (1899-1986), que escribi\u00f3 despu\u00e9s de sus 70 Elogio de la sombra (1969), El informe de Brodie (1970), El libro de arena (1975), La memoria de Shakespeare (1989) y Nueve ensayos dantescos (1982).<br>\u200bAs\u00ed que considero que a\u00fan me queda cuerda\u2026 y \u00e1nimo.<\/p>\n\n\n\n<p>sglevet@gmail.com<\/p>\n","protected":false},"excerpt":{"rendered":"<p>Sergio Gonz\u00e1lez Levet Sin tacto Don Eugenio Carre\u00f3n fue un hombre l\u00facido y de movimiento ligeros y seguros hasta el momento de su muerte, que le ocurri\u00f3 a los 96 a\u00f1os cumplidos, en los brazos de su hijo m\u00e9dico Rafael. En la sala de espera del laboratorio en donde le har\u00edan unos an\u00e1lisis urgentes, cay\u00f3 [&hellip;]<\/p>\n","protected":false},"author":2,"featured_media":0,"comment_status":"closed","ping_status":"closed","sticky":false,"template":"","format":"standard","meta":{"_jetpack_newsletter_access":"","_jetpack_dont_email_post_to_subs":false,"_jetpack_newsletter_tier_id":0,"_jetpack_memberships_contains_paywalled_content":false,"_jetpack_memberships_contains_paid_content":false,"footnotes":""},"categories":[70],"tags":[33870,1282],"class_list":["post-91671","post","type-post","status-publish","format-standard","hentry","category-de-opinion","tag-eugenio-carreon","tag-sergio-gonzalez-levet"],"jetpack_featured_media_url":"","jetpack_sharing_enabled":true,"jetpack_shortlink":"https:\/\/wp.me\/p4Qcd3-nQz","_links":{"self":[{"href":"https:\/\/lospoliticosveracruz.com.mx\/index.php?rest_route=\/wp\/v2\/posts\/91671","targetHints":{"allow":["GET"]}}],"collection":[{"href":"https:\/\/lospoliticosveracruz.com.mx\/index.php?rest_route=\/wp\/v2\/posts"}],"about":[{"href":"https:\/\/lospoliticosveracruz.com.mx\/index.php?rest_route=\/wp\/v2\/types\/post"}],"author":[{"embeddable":true,"href":"https:\/\/lospoliticosveracruz.com.mx\/index.php?rest_route=\/wp\/v2\/users\/2"}],"replies":[{"embeddable":true,"href":"https:\/\/lospoliticosveracruz.com.mx\/index.php?rest_route=%2Fwp%2Fv2%2Fcomments&post=91671"}],"version-history":[{"count":1,"href":"https:\/\/lospoliticosveracruz.com.mx\/index.php?rest_route=\/wp\/v2\/posts\/91671\/revisions"}],"predecessor-version":[{"id":91673,"href":"https:\/\/lospoliticosveracruz.com.mx\/index.php?rest_route=\/wp\/v2\/posts\/91671\/revisions\/91673"}],"wp:attachment":[{"href":"https:\/\/lospoliticosveracruz.com.mx\/index.php?rest_route=%2Fwp%2Fv2%2Fmedia&parent=91671"}],"wp:term":[{"taxonomy":"category","embeddable":true,"href":"https:\/\/lospoliticosveracruz.com.mx\/index.php?rest_route=%2Fwp%2Fv2%2Fcategories&post=91671"},{"taxonomy":"post_tag","embeddable":true,"href":"https:\/\/lospoliticosveracruz.com.mx\/index.php?rest_route=%2Fwp%2Fv2%2Ftags&post=91671"}],"curies":[{"name":"wp","href":"https:\/\/api.w.org\/{rel}","templated":true}]}}