{"id":9171,"date":"2008-12-16T22:53:00","date_gmt":"2008-12-16T22:53:00","guid":{"rendered":"http:\/\/www.lospoliticosveracruz.com.mx\/?p=9171"},"modified":"2014-10-08T19:28:49","modified_gmt":"2014-10-08T19:28:49","slug":"que-regresen-las-chileritas","status":"publish","type":"post","link":"https:\/\/lospoliticosveracruz.com.mx\/?p=9171","title":{"rendered":"Que regresen las Chileritas"},"content":{"rendered":"<p><a href=\"http:\/\/www.lospoliticosveracruz.com.mx\/wp-content\/uploads\/2008\/12\/Chileritas_2-SH-5B1-5D.jpg\"><img decoding=\"async\" style=\"float:right; margin:0 0 10px 10px;cursor:pointer; cursor:hand;width: 210px; height: 320px;\" src=\"http:\/\/www.lospoliticosveracruz.com.mx\/wp-content\/uploads\/2008\/12\/Chileritas_2-SH-5B1-5D-196x300.jpg\" border=\"0\" alt=\"\"id=\"BLOGGER_PHOTO_ID_5280552600105053714\" \/><\/a><br \/><strong>Fernando Hern\u00e1ndez Fern\u00e1ndez<\/strong><br \/><em>El Marcaje<\/em><\/p>\n<p>Qu\u00e9 l\u00e1stima que a los pocos aficionados que a\u00fan van a los partidos de los Chileros de Xalapa les hayan quitado el atractivo visual extra b\u00e9isbol. El correr a las porristas fue otro desatino de la directiva que preside Ranulfo M\u00e1rquez Hern\u00e1ndez.<br \/>Comprendo que la cuesti\u00f3n econ\u00f3mica es primordial y que ahora s\u00ed se contrataron peloteros de respeto y no como los que fueron corridos tras la desastrosa primera vuelta de la Liga Invernal Veracruzana de b\u00e9isbol, pero pudo haber otras soluciones.<br \/>Y es que si de por s\u00ed la gente ha abandonado a su equipo en el retratarse en el grader\u00edo, la escasa que todav\u00eda acude debe tener un plus.<br \/>Ahora, vayamos a la cuesti\u00f3n humana, algunas Chileritas no fueron tratadas como debieran, es decir, nadie de la directiva tuvo la decencia o el detalle de darles una explicaci\u00f3n; su capitana, Charo, se encarg\u00f3 de darles su \u00faltimo salario y darles las gracias por participar y ya, ni un porqu\u00e9 o una raz\u00f3n, qu\u00e9 se yo, no tratar a las chicas como un objeto que pas\u00f3 por ah\u00ed y ya.<br \/>Algunas dijeron que de plano no volver\u00edan, porque no les gust\u00f3 esa actitud, porque nada le costaba a Ranulfo M\u00e1rquez mandar a uno de sus gerentes a hablar con las ni\u00f1as, que hicieron un esfuerzo y han sido un s\u00edmbolo del equipo, en sus diversas etapas, desde que resurgi\u00f3 la Liga Invernal.<br \/>Ahora, a otras no les molest\u00f3 y regresar\u00edan. Ojal\u00e1 sea pronto. Adem\u00e1s, esas que se queden puedan tener una buena relaci\u00f3n laboral con Charo, ya que hubo comentarios de que la capitana de porristas exig\u00eda de m\u00e1s a sus colaboradoras, lo que no provoc\u00f3 un ambiente netamente de cordialidad, como el que sent\u00edan antes de que ella regresara.<br \/>El gerente Carlos Su\u00e1rez coment\u00f3 que esta situaci\u00f3n se debi\u00f3 a una situaci\u00f3n netamente econ\u00f3mica por tener un equipo m\u00e1s competitivo, que tambi\u00e9n se agradece por el espect\u00e1culo, porque a final de cuentas lo que vale es ganar juego, pero realmente, qu\u00e9 culpa tenemos los otros de que tambi\u00e9n disfrutamos el ver el show de las ni\u00f1as.<br \/>Voy a creerle al dirigente que las Chileritas regresar\u00e1n para la postemporada, que s\u00f3lo fue un receso muy corto, porque \u00e9l est\u00e1 consciente de que los aficionados preguntan por ellas. Las quieren de vuelta.<\/p>\n","protected":false},"excerpt":{"rendered":"<p>Fernando Hern\u00e1ndez Fern\u00e1ndezEl Marcaje Qu\u00e9 l\u00e1stima que a los pocos aficionados que a\u00fan van a los partidos de los Chileros de Xalapa les hayan quitado el atractivo visual extra b\u00e9isbol. El correr a las porristas fue otro desatino de la directiva que preside Ranulfo M\u00e1rquez Hern\u00e1ndez.Comprendo que la cuesti\u00f3n econ\u00f3mica es primordial y que ahora [&hellip;]<\/p>\n","protected":false},"author":1,"featured_media":0,"comment_status":"open","ping_status":"open","sticky":false,"template":"","format":"standard","meta":{"_jetpack_newsletter_access":"","_jetpack_dont_email_post_to_subs":false,"_jetpack_newsletter_tier_id":0,"_jetpack_memberships_contains_paywalled_content":false,"_jetpack_memberships_contains_paid_content":false,"footnotes":""},"categories":[1],"tags":[],"class_list":["post-9171","post","type-post","status-publish","format-standard","hentry","category-sin-categoria"],"jetpack_featured_media_url":"","jetpack_sharing_enabled":true,"jetpack_shortlink":"https:\/\/wp.me\/p4Qcd3-2nV","_links":{"self":[{"href":"https:\/\/lospoliticosveracruz.com.mx\/index.php?rest_route=\/wp\/v2\/posts\/9171","targetHints":{"allow":["GET"]}}],"collection":[{"href":"https:\/\/lospoliticosveracruz.com.mx\/index.php?rest_route=\/wp\/v2\/posts"}],"about":[{"href":"https:\/\/lospoliticosveracruz.com.mx\/index.php?rest_route=\/wp\/v2\/types\/post"}],"author":[{"embeddable":true,"href":"https:\/\/lospoliticosveracruz.com.mx\/index.php?rest_route=\/wp\/v2\/users\/1"}],"replies":[{"embeddable":true,"href":"https:\/\/lospoliticosveracruz.com.mx\/index.php?rest_route=%2Fwp%2Fv2%2Fcomments&post=9171"}],"version-history":[{"count":0,"href":"https:\/\/lospoliticosveracruz.com.mx\/index.php?rest_route=\/wp\/v2\/posts\/9171\/revisions"}],"wp:attachment":[{"href":"https:\/\/lospoliticosveracruz.com.mx\/index.php?rest_route=%2Fwp%2Fv2%2Fmedia&parent=9171"}],"wp:term":[{"taxonomy":"category","embeddable":true,"href":"https:\/\/lospoliticosveracruz.com.mx\/index.php?rest_route=%2Fwp%2Fv2%2Fcategories&post=9171"},{"taxonomy":"post_tag","embeddable":true,"href":"https:\/\/lospoliticosveracruz.com.mx\/index.php?rest_route=%2Fwp%2Fv2%2Ftags&post=9171"}],"curies":[{"name":"wp","href":"https:\/\/api.w.org\/{rel}","templated":true}]}}