{"id":91735,"date":"2022-06-28T08:59:35","date_gmt":"2022-06-28T13:59:35","guid":{"rendered":"https:\/\/lospoliticosveracruz.com.mx\/?p=91735"},"modified":"2022-06-28T10:19:33","modified_gmt":"2022-06-28T15:19:33","slug":"incongruencia-presidencial-1","status":"publish","type":"post","link":"https:\/\/lospoliticosveracruz.com.mx\/?p=91735","title":{"rendered":"Incongruencia presidencial \/1"},"content":{"rendered":"\n<p><strong>Sergio Gonz\u00e1lez Levet<\/strong><\/p>\n\n\n\n<p><em>Sin tacto<\/em><\/p>\n\n\n\n<p><\/p>\n\n\n\n<p>Es muy conocida y m\u00e1s reveladora la frase del matem\u00e1tico, f\u00edsico, fil\u00f3sofo, te\u00f3logo cat\u00f3lico y apologista parisino Blaise Pascal (1623-1662) que dice:<br>\u200b\u201cSi no act\u00faas como piensas, vas a terminar pensando como act\u00faas\u201d.<br>\u200bEs una joyita que con once palabras y una coma explica que la congruencia es una virtud indispensable para tener una buena vida humana.<br>\u200bY la congruencia me salta a la vista por la falta de ella que ha mostrado, una vez m\u00e1s, nuestro estimado presidente Andr\u00e9s Manuel L\u00f3pez Obrador, que en esta ocasi\u00f3n tambi\u00e9n una vez m\u00e1s fue acompa\u00f1ado de su esposa, la recordada maestra Beatriz Guti\u00e9rrez M\u00fcller.<\/p>\n\n\n\n<figure class=\"wp-block-embed is-type-video is-provider-youtube wp-block-embed-youtube wp-embed-aspect-16-9 wp-has-aspect-ratio\"><div class=\"wp-block-embed__wrapper\">\n<span class=\"embed-youtube\" style=\"text-align:center; display: block;\"><iframe loading=\"lazy\" class=\"youtube-player\" width=\"750\" height=\"422\" src=\"https:\/\/www.youtube.com\/embed\/Nxe-vxf8GuY?version=3&#038;rel=1&#038;showsearch=0&#038;showinfo=1&#038;iv_load_policy=1&#038;fs=1&#038;hl=es-ES&#038;autohide=2&#038;wmode=transparent\" allowfullscreen=\"true\" style=\"border:0;\" sandbox=\"allow-scripts allow-same-origin allow-popups allow-presentation allow-popups-to-escape-sandbox\"><\/iframe><\/span>\n<\/div><\/figure>\n\n\n\n<p><br>\u200bY la incongruencia de la pareja presidencial se obvi\u00f3 en el caso de su hijo, un muchach\u00f3n de 15 a\u00f1os que en una foto con su padre despu\u00e9s de un juego de beisbol muestra una obesidad que se contradice con lo que han expresado sus progenitores sobre el tema.<br>\u200bEn conferencia de prensa del pasado 19 de abril, AMLO declar\u00f3 que (sobre) \u201clas aguas industrializadas, aguas puercas algunas, me dec\u00eda una gente, que cuando necesitaba pulir un metal usaba un refresco que no voy a decir su nombre. Imag\u00ednense c\u00f3mo quedan los intestinos, el est\u00f3mago.<br>\u200b(Por eso) \u201ccomer bien. No a las chatarras. No a la obesidad. Hay que hacer un gran esfuerzo tanto en el gobierno como en las familias, porque es mejor la medicina preventiva\u201d.<br>\u200bY la que no es Primera Dama (aunque s\u00ed se termin\u00f3 comportando como tal) public\u00f3 un tuit el 2 de mayo de 2020 en el que aparentaba una preocupaci\u00f3n genuina por la buena alimentaci\u00f3n (y mostraba en cambio una despreocupaci\u00f3n alarmante por la sintaxis):<br>\u200b\u201cEn estos tiempos de distanciamiento social voluntario pero responsable, consume productos locales y de temporada. Evita bebidas gaseosas y comida chatarra. Y ojal\u00e1 las evites para siempre: mucha grasa y az\u00facar\u201d.<br>\u200bPara el joven hijo de la pareja, mis respetos, y mis mejores deseos de que sus padres se pongan las pilas y se ocupen de \u00e9l con mayor denuedo. Me duele ver a este ni\u00f1o solitario que deambula por el Palacio Nacional y hace travesuras que luego resultan la comidilla en las redes, de modo tal que las corcholatas y los colaboradores cercanos del Presidente tienen que salir a defenderlo de oficio\u2026 aunque sin un buen oficio de defensores.<br>\u200bY me preocupa igualmente que la incongruencia presidencial se puede emular a un trastorno mental que los siquiatras conocen como paratimia\u2026 pero de eso hablar\u00e9 ma\u00f1ana.<\/p>\n\n\n\n<p>sglevet@gmail.com<\/p>\n","protected":false},"excerpt":{"rendered":"<p>Sergio Gonz\u00e1lez Levet Sin tacto Es muy conocida y m\u00e1s reveladora la frase del matem\u00e1tico, f\u00edsico, fil\u00f3sofo, te\u00f3logo cat\u00f3lico y apologista parisino Blaise Pascal (1623-1662) que dice:\u200b\u201cSi no act\u00faas como piensas, vas a terminar pensando como act\u00faas\u201d.\u200bEs una joyita que con once palabras y una coma explica que la congruencia es una virtud indispensable para [&hellip;]<\/p>\n","protected":false},"author":2,"featured_media":0,"comment_status":"closed","ping_status":"closed","sticky":false,"template":"","format":"standard","meta":{"_jetpack_newsletter_access":"","_jetpack_dont_email_post_to_subs":false,"_jetpack_newsletter_tier_id":0,"_jetpack_memberships_contains_paywalled_content":false,"_jetpack_memberships_contains_paid_content":false,"footnotes":""},"categories":[70],"tags":[618,8261,1026,1282],"class_list":["post-91735","post","type-post","status-publish","format-standard","hentry","category-de-opinion","tag-andres-manuel-lopez-obrador","tag-beatriz-gutierrez-muller","tag-morena","tag-sergio-gonzalez-levet"],"jetpack_featured_media_url":"","jetpack_sharing_enabled":true,"jetpack_shortlink":"https:\/\/wp.me\/p4Qcd3-nRB","_links":{"self":[{"href":"https:\/\/lospoliticosveracruz.com.mx\/index.php?rest_route=\/wp\/v2\/posts\/91735","targetHints":{"allow":["GET"]}}],"collection":[{"href":"https:\/\/lospoliticosveracruz.com.mx\/index.php?rest_route=\/wp\/v2\/posts"}],"about":[{"href":"https:\/\/lospoliticosveracruz.com.mx\/index.php?rest_route=\/wp\/v2\/types\/post"}],"author":[{"embeddable":true,"href":"https:\/\/lospoliticosveracruz.com.mx\/index.php?rest_route=\/wp\/v2\/users\/2"}],"replies":[{"embeddable":true,"href":"https:\/\/lospoliticosveracruz.com.mx\/index.php?rest_route=%2Fwp%2Fv2%2Fcomments&post=91735"}],"version-history":[{"count":1,"href":"https:\/\/lospoliticosveracruz.com.mx\/index.php?rest_route=\/wp\/v2\/posts\/91735\/revisions"}],"predecessor-version":[{"id":91737,"href":"https:\/\/lospoliticosveracruz.com.mx\/index.php?rest_route=\/wp\/v2\/posts\/91735\/revisions\/91737"}],"wp:attachment":[{"href":"https:\/\/lospoliticosveracruz.com.mx\/index.php?rest_route=%2Fwp%2Fv2%2Fmedia&parent=91735"}],"wp:term":[{"taxonomy":"category","embeddable":true,"href":"https:\/\/lospoliticosveracruz.com.mx\/index.php?rest_route=%2Fwp%2Fv2%2Fcategories&post=91735"},{"taxonomy":"post_tag","embeddable":true,"href":"https:\/\/lospoliticosveracruz.com.mx\/index.php?rest_route=%2Fwp%2Fv2%2Ftags&post=91735"}],"curies":[{"name":"wp","href":"https:\/\/api.w.org\/{rel}","templated":true}]}}