{"id":92337,"date":"2022-07-13T01:17:45","date_gmt":"2022-07-13T06:17:45","guid":{"rendered":"https:\/\/lospoliticosveracruz.com.mx\/?p=92337"},"modified":"2022-07-13T01:18:00","modified_gmt":"2022-07-13T06:18:00","slug":"sedema","status":"publish","type":"post","link":"https:\/\/lospoliticosveracruz.com.mx\/?p=92337","title":{"rendered":"Sedema"},"content":{"rendered":"\n<p><\/p>\n\n\n\n<p><br><strong>Guadalupe H. Mar<\/strong><br><em>Mira Pol\u00edtica<\/em><\/p>\n\n\n\n<p><\/p>\n\n\n\n<p>TAL\u00d3N DE AQUILES \u2026 Por las denuncias relacionadas con temas medioambientales del estado de Veracruz, que han subido a las agendas pol\u00edtica y medi\u00e1tica en las \u00faltimas semanas, ya va siendo hora que el titular del poder ejecutivo estatal, el ingeniero mec\u00e1nico electricista Cuitl\u00e1huac Garc\u00eda Jim\u00e9nez les ponga la debida atenci\u00f3n, pues estos podr\u00edan convertirse en el tal\u00f3n de Aquiles de su administraci\u00f3n.<\/p>\n\n\n\n<div class=\"wp-block-image\"><figure class=\"alignleft size-medium\"><a href=\"https:\/\/lospoliticosveracruz.com.mx\/wp-content\/uploads\/2021\/10\/Zacauilt.jpg\"><img decoding=\"async\" src=\"https:\/\/lospoliticosveracruz.com.mx\/wp-content\/uploads\/2021\/10\/Zacauilt-150x300.jpg\" alt=\"\" class=\"wp-image-80558\"\/><\/a><\/figure><\/div>\n\n\n\n<p><br>Apenas el pasado lunes 27 de junio, en su perorata ma\u00f1anera, el presidente de la rep\u00fablica Andr\u00e9s Manuel L\u00f3pez Obrador, fue cuestionado por una periodista en torno a que una empresa privada rellen\u00f3 el \u00c1rea Natural Protegida (ANP) \u201cSistema Lagunar Basurero\u201d, al norte de la ciudad de Veracruz, declarada como tal en noviembre de 2016.<br>La inmediata respuesta del mandatario nacional, fue solicitar a la titular de la Secretar\u00eda de Medio Ambiente y Recursos Naturales del gobierno federal (Semarnat), la ingeniera agr\u00f3noma chiapaneca Mar\u00eda Luisa Albores Gonz\u00e1lez y al gobernador del estado de Veracruz, Cuitl\u00e1huac Garc\u00eda Jim\u00e9nez, que investigaran el caso y dieran seguimiento a la denuncia que present\u00f3 por este delito ambiental ante la Fiscal\u00eda General de la Rep\u00fablica, el maestro en Derecho Ambiental, ex regidor del ramo ambiental del ayuntamiento de Veracruz y ex inspector de la Procuradur\u00eda Federal de Protecci\u00f3n al Ambiente (Profepa) del gobierno federal, Jos\u00e9 Gonz\u00e1lez Mart\u00ednez.<br>Por esta denuncia y su inclusi\u00f3n en la agenda pol\u00edtico- medi\u00e1tica, hubo una reuni\u00f3n de \u201cmuy alto nivel\u201d all\u00e1 en la ciudad de Xalapa, donde se resolvi\u00f3 en primera instancia remover de su cargo como directora general de Gesti\u00f3n Ambiental y Recursos Naturales, de la Sedema, a Elida Reyes Fentanes, pues de esta \u00e1rea surgi\u00f3 la controvertida y cuestionable opini\u00f3n favorable del gobierno del estado para que a su vez la federaci\u00f3n y el gobierno municipal de Veracruz dieran su visto bueno para rellenar el \u00c1rea Natural Protegida (ANP) \u201cSistema Lagunar Basurero\u201d.<br>En su lugar fue designado quien fuera el jefe del departamento de Biodiversidad y Cambio Clim\u00e1tico, de la Sedema, Magdaleno Mendoza Hern\u00e1ndez, quien en\u00e9rgico ha llegado a tapar el pozo despu\u00e9s del ni\u00f1o ahogado, de ah\u00ed que personalmente revise la documentaci\u00f3n que generan sus subalternos.<br>LA DENUNCIA SE MANTIENE \u2026 Si bien el gobierno estatal actu\u00f3 en una primera instancia, sin llegar a exigir la reparaci\u00f3n del da\u00f1o por el relleno del \u00c1rea Natural Protegida (ANP) \u201cSistema Lagunar Basurero\u201d, al norte de la ciudad de Veracruz, la denuncia que present\u00f3 ante la FGR el maestro Jos\u00e9 Gonz\u00e1lez Mart\u00ednez sigue su curso, aun cuando se ha pretendido desechar disque por falta de elementos.<br>Asimismo, se sigue esperando la respuesta de la alcaldesa del municipio de Veracruz, la abogada Patricia Lobeira Rodr\u00edguez.<\/p>\n\n\n\n<p>El argumento en defensa del arquitecto Lu\u00eds Rom\u00e1n Campa P\u00e9rez, director de Obras P\u00fablicas y Desarrollo Urbano del Ayuntamiento de Veracruz, quien firm\u00f3 la autorizaci\u00f3n para los trabajos de nivelaci\u00f3n del \u00c1rea Natural Protegida \u201cEl Basurero\u201d, es que este recibi\u00f3 el 13 de noviembre de 2019 el dictamen de congruencia de la Direcci\u00f3n General de Gesti\u00f3n Ambiental y Recursos Naturales de la Sedema en Veracruz, con n\u00famero de oficio SEDEMA\/DGGARN\/1620\/2019.<br>Asimismo, seg\u00fan da cuenta el ayuntamiento de Veracruz, la empresa privada contaba con un \u201cresolutivo condicionado\u201d de la Secretar\u00eda de Medio Ambiente del gobierno federal (Semarnat) con n\u00famero de oficio SGPARN.02.IRA.1985\/20, de fecha dos de septiembre de 2020.<br>Con las autorizaciones previas de las autoridades ambientales de los gobiernos federal y estatal, el ayuntamiento de Veracruz no tuvo empacho en autorizar la licencia de uso de suelo en un \u00c1rea Natural Protegida, declarada como tal de acuerdo con la Gaceta Oficial del estado de Veracruz, n\u00famero extraordinario 444 de fecha siete de noviembre de 2016, en donde se public\u00f3 el \u201cDecreto por el que se declara como \u00c1rea Natural Protegida en la Categor\u00eda de Corredor Biol\u00f3gico Multifuncional la Superficie denominada Archipi\u00e9lago de Lagunas Interdunarias de la zona conurbada de los municipios de Veracruz y La Antigua del estado de Veracruz\u201d.<br>SE HAB\u00cdAN TARDADO \u2026 Retomando el tema con que iniciamos esta colaboraci\u00f3n, en el sentido de que ya va siendo hora que el titular del poder ejecutivo estatal, el ingeniero mec\u00e1nico electricista Cuitl\u00e1huac Garc\u00eda Jim\u00e9nez les ponga la debida atenci\u00f3n a las denuncias relacionadas con el tema medio ambiental, pues estos podr\u00edan convertirse en el tal\u00f3n de Aquiles de su administraci\u00f3n, llam\u00f3 la atenci\u00f3n que el pasado lunes la agencia period\u00edstica Latinus, dio a conocer la nota informativa titulada: \u201cProcuradur\u00eda de Medio Ambiente de Veracruz extorsiona a empresas: cobra para evitar clausuras y resolver sanciones, acusan empresarios\u201d. <strong><em><a href=\"https:\/\/bit.ly\/3c5hzNS\">https:\/\/bit.ly\/3c5hzNS<\/a><\/em><\/strong> con la cual se evidencia al titular de la PMA, el ingeniero en sistemas computacionales, Sergio Rodr\u00edguez Cort\u00e9s. Aguas.<br>D\u00cdGALO SIN MIEDO \u2026 Al correo electr\u00f3nico guadalupehmar@yahoo.com<\/p>\n","protected":false},"excerpt":{"rendered":"<p>Guadalupe H. MarMira Pol\u00edtica TAL\u00d3N DE AQUILES \u2026 Por las denuncias relacionadas con temas medioambientales del estado de Veracruz, que han subido a las agendas pol\u00edtica y medi\u00e1tica en las \u00faltimas semanas, ya va siendo hora que el titular del poder ejecutivo estatal, el ingeniero mec\u00e1nico electricista Cuitl\u00e1huac Garc\u00eda Jim\u00e9nez les ponga la debida atenci\u00f3n, [&hellip;]<\/p>\n","protected":false},"author":2,"featured_media":0,"comment_status":"closed","ping_status":"closed","sticky":false,"template":"","format":"standard","meta":{"_jetpack_newsletter_access":"","_jetpack_dont_email_post_to_subs":false,"_jetpack_newsletter_tier_id":0,"_jetpack_memberships_contains_paywalled_content":false,"_jetpack_memberships_contains_paid_content":false,"footnotes":""},"categories":[70],"tags":[1563,1606,33428,33479,19192,17080,1026,28179,1036,34090,195],"class_list":["post-92337","post","type-post","status-publish","format-standard","hentry","category-de-opinion","tag-cuitlahuac-garcia-jimenez","tag-guadalupe-h-mar","tag-jose-gonzalez-martinez","tag-luis-roman-campa-perez","tag-magdaleno-mendoza-hernandez","tag-maria-luisa-albores-gonzalez","tag-morena","tag-patricia-lobeira-rodriguez","tag-sedema","tag-sistema-lagunar-basurero","tag-veracruz"],"jetpack_featured_media_url":"","jetpack_sharing_enabled":true,"jetpack_shortlink":"https:\/\/wp.me\/s4Qcd3-sedema","_links":{"self":[{"href":"https:\/\/lospoliticosveracruz.com.mx\/index.php?rest_route=\/wp\/v2\/posts\/92337","targetHints":{"allow":["GET"]}}],"collection":[{"href":"https:\/\/lospoliticosveracruz.com.mx\/index.php?rest_route=\/wp\/v2\/posts"}],"about":[{"href":"https:\/\/lospoliticosveracruz.com.mx\/index.php?rest_route=\/wp\/v2\/types\/post"}],"author":[{"embeddable":true,"href":"https:\/\/lospoliticosveracruz.com.mx\/index.php?rest_route=\/wp\/v2\/users\/2"}],"replies":[{"embeddable":true,"href":"https:\/\/lospoliticosveracruz.com.mx\/index.php?rest_route=%2Fwp%2Fv2%2Fcomments&post=92337"}],"version-history":[{"count":1,"href":"https:\/\/lospoliticosveracruz.com.mx\/index.php?rest_route=\/wp\/v2\/posts\/92337\/revisions"}],"predecessor-version":[{"id":92339,"href":"https:\/\/lospoliticosveracruz.com.mx\/index.php?rest_route=\/wp\/v2\/posts\/92337\/revisions\/92339"}],"wp:attachment":[{"href":"https:\/\/lospoliticosveracruz.com.mx\/index.php?rest_route=%2Fwp%2Fv2%2Fmedia&parent=92337"}],"wp:term":[{"taxonomy":"category","embeddable":true,"href":"https:\/\/lospoliticosveracruz.com.mx\/index.php?rest_route=%2Fwp%2Fv2%2Fcategories&post=92337"},{"taxonomy":"post_tag","embeddable":true,"href":"https:\/\/lospoliticosveracruz.com.mx\/index.php?rest_route=%2Fwp%2Fv2%2Ftags&post=92337"}],"curies":[{"name":"wp","href":"https:\/\/api.w.org\/{rel}","templated":true}]}}