{"id":92717,"date":"2022-07-21T07:55:45","date_gmt":"2022-07-21T12:55:45","guid":{"rendered":"https:\/\/lospoliticosveracruz.com.mx\/?p=92717"},"modified":"2022-07-21T07:55:52","modified_gmt":"2022-07-21T12:55:52","slug":"gomez-cazarin-la-congruencia","status":"publish","type":"post","link":"https:\/\/lospoliticosveracruz.com.mx\/?p=92717","title":{"rendered":"G\u00f3mez Cazar\u00edn, la congruencia"},"content":{"rendered":"\n<p><\/p>\n\n\n\n<p><strong>Sergio Gonz\u00e1lez Levet<\/strong><br><em>Sin tacto<\/em><\/p>\n\n\n\n<p>Para los esp\u00edritus pobres, es muy dif\u00edcil acompasar las palabras con los hechos, los dichos con las actuaciones, las declaraciones con las acciones. Tal concordancia es una virtud reservada para los valientes, para los disciplinados, para los que tienen m\u00e1s de un dedo de frente\u2026 para los que consideran la \u00e9tica como un elemento esencial en el desarrollo de la vida humana.<\/p>\n\n\n\n<figure class=\"wp-block-image size-full\"><a href=\"https:\/\/lospoliticosveracruz.com.mx\/wp-content\/uploads\/2022\/05\/Seguro-Julio-Cerecedo.jpg\"><img decoding=\"async\" src=\"https:\/\/lospoliticosveracruz.com.mx\/wp-content\/uploads\/2022\/05\/Seguro-Julio-Cerecedo.jpg\" alt=\"\" class=\"wp-image-90414\"\/><\/a><\/figure>\n\n\n\n<p><br>\u200bEs tan dif\u00edcil y artificial para unos, como f\u00e1cil y natural para otros.<br>\u200bReconforta, pues, constatar que el Presidente de la Junta de Coordinaci\u00f3n Pol\u00edtica de la Legislatura actual, Juan Javier G\u00f3mez Cazar\u00edn, tiene impuesta como divisa la b\u00fasqueda de la congruencia en su devenir como ser humano y ahora en su advocaci\u00f3n de pol\u00edtico cercano a los intereses de los olvidados, los necesitados, los que padecen injusticia.<br>\u200bLeo en la expresi\u00f3n corporal del nativo de Hueyapan de Ocampo su anhelo de permanecer sencillo, cercano, situado a ras de suelo para poder escuchar a la gente y sentir sus dolores, sus lamentos, sus quejas.<br>\u200bY veo que cumple cotidianamente con hechos palpables: platica con sus electores, con los ciudadanos que acuden a \u00e9l en busca de un apoyo, de una gesti\u00f3n; recibe a peticionarios y les contesta con verdades de a kilo, porque dice y cumple cuando se puede, y confiesa su negativa ante solicitudes imposibles de resolver.<br>\u200b(Recuerdo aqu\u00ed una genial distinci\u00f3n que hace mi hija Mar: un bur\u00f3crata es una persona -llamada err\u00f3neamente \u201cservidor p\u00fablico\u201d- que dice que no cuando se puede; un pol\u00edtico es una persona que dice que s\u00ed, aunque no se pueda. Nuestro personaje de hoy no entra en esta taxonom\u00eda, por fortuna).<br>\u200bPero Juan Javier trata de conservar la decencia en la funci\u00f3n p\u00fablica, tan \u201cindecentada\u201d por tantas practicas perversas que patentaron los priistas emanados cuando la Revoluci\u00f3n se baj\u00f3 del caballo y que despu\u00e9s siguieron con gen\u00e9ricos y similares (lo mismo, pero m\u00e1s barato) los panistas que los sucedieron, y ahora ejercen por desgracia muchos funcionarios que presumen ladinamente una honestidad muy puesta a prueba y a la sospecha ciudadana.<br>\u200bSorprende en lo grato que el diputado que lidera a la mayor\u00eda partidaria de Morena en el congreso estatal se baje de cualquier pretensi\u00f3n y se\u00f1ale que \u00e9l no quiere ser candidato a la gubernatura, y por lo pronto a ning\u00fan otro puesto de elecci\u00f3n para el 2024, aunque estar\u00eda en su derecho. Y v\u00e9anlo c\u00f3mo se expresa ante sus compa\u00f1eros de partido:<br>\u200b\u201cPersonalmente y con mucho respeto, como un militante m\u00e1s, creo que debemos ratificar nuestra alianza con las y los militantes.<br>\u200b\u201cRefrendar nuestro compromiso con la militancia de territorio, de convicci\u00f3n, de lealtad a la Cuarta Transformaci\u00f3n del pa\u00eds.\u201d<br>\u200bY escuche bien a este cardenal del r\u00e9gimen que se comporta como un jesuita, porque es cierto lo que dice:<br>\u200b\u201cEst\u00e1 en curso el proceso para elegir delegados del partido. Ya lo dije y lo repito: yo estoy fuera porque ya soy diputado y hay que dejar el espacio a m\u00e1s compa\u00f1eras y compa\u00f1eros que tambi\u00e9n merecen participar.<br>\u200b\u201cMorena debe seguir siendo de sus bases\u201d-<br>\u200bCon unos tres o cuatro como \u00e9l\u2026<\/p>\n\n\n\n<p>sglevet@gmail.com<\/p>\n","protected":false},"excerpt":{"rendered":"<p>Sergio Gonz\u00e1lez LevetSin tacto Para los esp\u00edritus pobres, es muy dif\u00edcil acompasar las palabras con los hechos, los dichos con las actuaciones, las declaraciones con las acciones. Tal concordancia es una virtud reservada para los valientes, para los disciplinados, para los que tienen m\u00e1s de un dedo de frente\u2026 para los que consideran la \u00e9tica [&hellip;]<\/p>\n","protected":false},"author":2,"featured_media":0,"comment_status":"closed","ping_status":"closed","sticky":false,"template":"","format":"standard","meta":{"_jetpack_newsletter_access":"","_jetpack_dont_email_post_to_subs":false,"_jetpack_newsletter_tier_id":0,"_jetpack_memberships_contains_paywalled_content":false,"_jetpack_memberships_contains_paid_content":false,"footnotes":""},"categories":[70],"tags":[12695,19934,1026,1282,195],"class_list":["post-92717","post","type-post","status-publish","format-standard","hentry","category-de-opinion","tag-juan-javier-gomez-cazarin","tag-legisver","tag-morena","tag-sergio-gonzalez-levet","tag-veracruz"],"jetpack_featured_media_url":"","jetpack_sharing_enabled":true,"jetpack_shortlink":"https:\/\/wp.me\/p4Qcd3-o7r","_links":{"self":[{"href":"https:\/\/lospoliticosveracruz.com.mx\/index.php?rest_route=\/wp\/v2\/posts\/92717","targetHints":{"allow":["GET"]}}],"collection":[{"href":"https:\/\/lospoliticosveracruz.com.mx\/index.php?rest_route=\/wp\/v2\/posts"}],"about":[{"href":"https:\/\/lospoliticosveracruz.com.mx\/index.php?rest_route=\/wp\/v2\/types\/post"}],"author":[{"embeddable":true,"href":"https:\/\/lospoliticosveracruz.com.mx\/index.php?rest_route=\/wp\/v2\/users\/2"}],"replies":[{"embeddable":true,"href":"https:\/\/lospoliticosveracruz.com.mx\/index.php?rest_route=%2Fwp%2Fv2%2Fcomments&post=92717"}],"version-history":[{"count":1,"href":"https:\/\/lospoliticosveracruz.com.mx\/index.php?rest_route=\/wp\/v2\/posts\/92717\/revisions"}],"predecessor-version":[{"id":92719,"href":"https:\/\/lospoliticosveracruz.com.mx\/index.php?rest_route=\/wp\/v2\/posts\/92717\/revisions\/92719"}],"wp:attachment":[{"href":"https:\/\/lospoliticosveracruz.com.mx\/index.php?rest_route=%2Fwp%2Fv2%2Fmedia&parent=92717"}],"wp:term":[{"taxonomy":"category","embeddable":true,"href":"https:\/\/lospoliticosveracruz.com.mx\/index.php?rest_route=%2Fwp%2Fv2%2Fcategories&post=92717"},{"taxonomy":"post_tag","embeddable":true,"href":"https:\/\/lospoliticosveracruz.com.mx\/index.php?rest_route=%2Fwp%2Fv2%2Ftags&post=92717"}],"curies":[{"name":"wp","href":"https:\/\/api.w.org\/{rel}","templated":true}]}}