{"id":92803,"date":"2022-07-22T10:10:33","date_gmt":"2022-07-22T15:10:33","guid":{"rendered":"https:\/\/lospoliticosveracruz.com.mx\/?p=92803"},"modified":"2022-07-22T10:12:36","modified_gmt":"2022-07-22T15:12:36","slug":"y-ramirez","status":"publish","type":"post","link":"https:\/\/lospoliticosveracruz.com.mx\/?p=92803","title":{"rendered":"Y Ram\u00edrez?"},"content":{"rendered":"\n<p><\/p>\n\n\n\n<p><strong>Ignacio Alvarez<\/strong><br><em>Pluma Negra<\/em><br><\/p>\n\n\n\n<p>El gancho al h\u00edgado que solt\u00f3 el dirigente de MC, Sergio Gil Rull\u00e1n el pasado martes al gobernador Cuitl\u00e1huac Garc\u00eda Jim\u00e9nez y que \u00e9ste, otorg\u00f3 acuse de recibo, pone en evidencia una vez m\u00e1s, la falta de pericia pol\u00edtica de los morenistas. La respuesta contundente y cuerpo a cuerpo le correspond\u00eda al Delegado con funciones de dirigente, Esteban Ram\u00edrez Zepeta o en su caso a alguno de los 29 diputados locales que encabeza, Juan Xavier G\u00f3mez en el Congreso Local, o bien, a alg\u00fan diputado federal o senador, pero no al Gobernador, el ring era 100 por ciento partidista.<\/p>\n\n\n\n<div class=\"wp-block-cover has-background-dim\" style=\"min-height:757px;aspect-ratio:unset;\"><img decoding=\"async\" class=\"wp-block-cover__image-background wp-image-80558\" alt=\"\" src=\"https:\/\/lospoliticosveracruz.com.mx\/wp-content\/uploads\/2021\/10\/Zacauilt.jpg\" style=\"object-position:50% 350%\" data-object-fit=\"cover\" data-object-position=\"50% 350%\"\/><div class=\"wp-block-cover__inner-container is-layout-flow wp-block-cover-is-layout-flow\">\n<p class=\"has-large-font-size\"><\/p>\n<\/div><\/div>\n\n\n\n<p>Pero la falta de una dirigencia formal, enganch\u00f3 al gobernador de manera directa para exponerse dem\u00e1s con el dirigente de un partido peque\u00f1o. Y as\u00ed, fue el gobernador quien se enfrent\u00f3 en los medios, al dirigente para aclarar que no es igual que Javier Duarte de Ochoa.<\/p>\n\n\n\n<p>La reacci\u00f3n del gobernador con amplias explicaciones de la deuda p\u00fablica de Veracruz y los motivos por los que se aument\u00f3, en su gobierno se enfoc\u00f3 a responsabilizar a Javier Duarte y Miguel Angel Yunes de esas deudas, los prestamos de esta administraci\u00f3n fueron pagar sus deudas, asegur\u00f3 el gobernador y ascienden a 45 mil millones de pesos.<\/p>\n\n\n\n<p>Sin m\u00e1s l\u00edneas de contenci\u00f3n y defensa, que algunos memes an\u00f3nimos en contra del \u201cgrillo\u201d Sergio Rull\u00e1n en las redes sociales, el dirigente de MC, tom\u00f3 valor y volvi\u00f3 a la carga este jueves, desde las puertas del Palacio de Gobierno, arremeti\u00f3 con el mismo gancho, Cuitl\u00e1huac, es el nuevo Duarte, dijo.<\/p>\n\n\n\n<p>Las deudas p\u00fablicas no son novedad para ning\u00fan gobierno, siempre han sido artiller\u00eda partidista de oposici\u00f3n y se deben responder desde la arena partidista, mientras no existan querellas legales o controversias.<\/p>\n\n\n\n<p>La ausencia de las huestes morenistas para defender desde las primeras l\u00edneas y la sobre exposici\u00f3n del titular del Ejecutivo a una reta partidista, merece un monitoreo de los actores pol\u00edticos de peso, que al parecer andan m\u00e1s ocupados en sus aspiraciones personales a m\u00e1s cargos, que al deber de cerrar filas en torno su jefe inmediato.<\/p>\n\n\n\n<p><strong>Sigue el huachicol<\/strong><\/p>\n\n\n\n<p>Sin duda alguna, una pregunta obligada a la titular de Energ\u00eda, Roc\u00edo Nahle Garc\u00eda que hoy sostiene un encuentro con los alcaldes de Veracruz, ser\u00e1 el tema del huachicol que este jueves caus\u00f3 una nueva explosi\u00f3n en la Cuenca del Papaloapan, adem\u00e1s del pleito internacional de Estados Unidos y Canad\u00e1 por el viraje a las pol\u00edtica energ\u00e9tica de M\u00e9xico dentro del Tratado de Libre Comercio.<\/p>\n\n\n\n<p>Y es que ayer, se registr\u00f3 un nuevo siniestro en la Cuenca del Papaloapan debido a la sustracci\u00f3n ilegal de gas, que no es el \u00fanico punto donde permanece o resurge el famoso huachicol en el estado de Veracruz, por lo tanto, la situaci\u00f3n reclama una nueva revisi\u00f3n por parte de su sector.<\/p>\n\n\n\n<p>El siniestro de ayer por la ma\u00f1ana, dej\u00f3 un saldo de al menos una persona muerta, se trata del se\u00f1or Nahum Mel\u00e9ndez Torrecilla, uno de los quemados en la explosi\u00f3n de la comunidad de Torno Largo del municipio de Chacaltianguis y que de acuerdo a versiones de los vecinos nada ten\u00eda que ver con el huachicol, \u00e9l habr\u00eda salido a pastorear sus vaca y hall\u00f3 la desgracia.<\/p>\n\n\n\n<p>Mel\u00e9ndez Torrecilla falleci\u00f3 en el IMSS de Cosamaloapan y de acuerdo a los familiares, el paciente se ten\u00eda que trasladar a Orizaba para su aten especializada, sin embargo, no se dispuso de una ambulancia y sufri\u00f3 las consecuencias.<\/p>\n\n\n\n<p>El otro lesionado, responde al nombre de Severiano Flores que recibe atenci\u00f3n m\u00e9dica en el mismo hospital y tampoco ha podido ser trasladado al centro m\u00e9dico del IMSS en Orizaba.<\/p>\n","protected":false},"excerpt":{"rendered":"<p>Ignacio AlvarezPluma Negra El gancho al h\u00edgado que solt\u00f3 el dirigente de MC, Sergio Gil Rull\u00e1n el pasado martes al gobernador Cuitl\u00e1huac Garc\u00eda Jim\u00e9nez y que \u00e9ste, otorg\u00f3 acuse de recibo, pone en evidencia una vez m\u00e1s, la falta de pericia pol\u00edtica de los morenistas. La respuesta contundente y cuerpo a cuerpo le correspond\u00eda al [&hellip;]<\/p>\n","protected":false},"author":2,"featured_media":0,"comment_status":"closed","ping_status":"closed","sticky":false,"template":"","format":"standard","meta":{"_jetpack_newsletter_access":"","_jetpack_dont_email_post_to_subs":false,"_jetpack_newsletter_tier_id":0,"_jetpack_memberships_contains_paywalled_content":false,"_jetpack_memberships_contains_paid_content":false,"footnotes":""},"categories":[70],"tags":[1563,17053,6443,1026,11240,195],"class_list":["post-92803","post","type-post","status-publish","format-standard","hentry","category-de-opinion","tag-cuitlahuac-garcia-jimenez","tag-esteban-ramirez-zepeta","tag-mc","tag-morena","tag-sergio-gil-rullan","tag-veracruz"],"jetpack_featured_media_url":"","jetpack_sharing_enabled":true,"jetpack_shortlink":"https:\/\/wp.me\/p4Qcd3-o8P","_links":{"self":[{"href":"https:\/\/lospoliticosveracruz.com.mx\/index.php?rest_route=\/wp\/v2\/posts\/92803","targetHints":{"allow":["GET"]}}],"collection":[{"href":"https:\/\/lospoliticosveracruz.com.mx\/index.php?rest_route=\/wp\/v2\/posts"}],"about":[{"href":"https:\/\/lospoliticosveracruz.com.mx\/index.php?rest_route=\/wp\/v2\/types\/post"}],"author":[{"embeddable":true,"href":"https:\/\/lospoliticosveracruz.com.mx\/index.php?rest_route=\/wp\/v2\/users\/2"}],"replies":[{"embeddable":true,"href":"https:\/\/lospoliticosveracruz.com.mx\/index.php?rest_route=%2Fwp%2Fv2%2Fcomments&post=92803"}],"version-history":[{"count":2,"href":"https:\/\/lospoliticosveracruz.com.mx\/index.php?rest_route=\/wp\/v2\/posts\/92803\/revisions"}],"predecessor-version":[{"id":92806,"href":"https:\/\/lospoliticosveracruz.com.mx\/index.php?rest_route=\/wp\/v2\/posts\/92803\/revisions\/92806"}],"wp:attachment":[{"href":"https:\/\/lospoliticosveracruz.com.mx\/index.php?rest_route=%2Fwp%2Fv2%2Fmedia&parent=92803"}],"wp:term":[{"taxonomy":"category","embeddable":true,"href":"https:\/\/lospoliticosveracruz.com.mx\/index.php?rest_route=%2Fwp%2Fv2%2Fcategories&post=92803"},{"taxonomy":"post_tag","embeddable":true,"href":"https:\/\/lospoliticosveracruz.com.mx\/index.php?rest_route=%2Fwp%2Fv2%2Ftags&post=92803"}],"curies":[{"name":"wp","href":"https:\/\/api.w.org\/{rel}","templated":true}]}}