{"id":92957,"date":"2022-07-26T07:56:45","date_gmt":"2022-07-26T12:56:45","guid":{"rendered":"https:\/\/lospoliticosveracruz.com.mx\/?p=92957"},"modified":"2022-07-26T07:56:51","modified_gmt":"2022-07-26T12:56:51","slug":"la-de-veracruz-una-fiscalia-bien-salada","status":"publish","type":"post","link":"https:\/\/lospoliticosveracruz.com.mx\/?p=92957","title":{"rendered":"La de Veracruz, una Fiscal\u00eda bien salada"},"content":{"rendered":"\n<p><strong>Bernardo Guti\u00e9rrez Parra<br><\/strong><em>Desde el Caf\u00e9<\/em><\/p>\n\n\n\n<p>Apenas se confirm\u00f3 la detenci\u00f3n del ex fiscal Jorge Winckler Ortiz se soltaron las especulaciones. \u201cSu aprehensi\u00f3n es el aviso inminente de que van por Miguel \u00c1ngel Yunes\u201d. \u201cEl ex gobernador lo entreg\u00f3 a cambio de impunidad para \u00e9l y sus hijos\u201d. \u201cWinckler pact\u00f3 su detenci\u00f3n porque las acusaciones en su contra son graves: tortura y desaparici\u00f3n forzada. Seguro que recurri\u00f3 al criterio de oportunidad\u201d.<\/p>\n\n\n\n<p>Especulaciones, puras especulaciones.<\/p>\n\n\n\n<figure class=\"wp-block-image size-full\"><a href=\"https:\/\/lospoliticosveracruz.com.mx\/wp-content\/uploads\/2022\/05\/Seguro-Julio-Cerecedo.jpg\"><img decoding=\"async\" src=\"https:\/\/lospoliticosveracruz.com.mx\/wp-content\/uploads\/2022\/05\/Seguro-Julio-Cerecedo.jpg\" alt=\"\" class=\"wp-image-90414\"\/><\/a><\/figure>\n\n\n\n<p>Sobre los cargos que le imputan aguas; tiene un par de acusaciones que lo pueden tener lustros en prisi\u00f3n; la CEDH lo se\u00f1al\u00f3 de fabricar pruebas mediante actos de tortura. Pero hay m\u00e1s. Nunca fue un Fiscal aut\u00f3nomo; siempre estuvo presto a cumplir las \u00f3rdenes de su jefe el gobernador por arbitrarias que fueran.<\/p>\n\n\n\n<p>Quienes lo conocen, aseguran que Jorge le profesa a Yunes Linares una fidelidad \u201ca prueba de todo\u201d, pero la prisi\u00f3n ablanda. Quiz\u00e1 nadie le reproche si confiesa que mand\u00f3 encarcelar a decenas de inocentes para saciar la sed de venganza de su jefe que orden\u00f3 esas detenciones. Aunque eso no lo haga menos culpable.<\/p>\n\n\n\n<p>Durante su tiempo como Fiscal no s\u00f3lo detuvo a inocentes; aprehendi\u00f3 a varios sujetos que tra\u00edan la R de ratero en la cara, pero que andan sueltos porque nunca supo c\u00f3mo elaborar las carpetas de investigaci\u00f3n y todos abandonaron la prisi\u00f3n apenas se acab\u00f3 el bienio yunista.<\/p>\n\n\n\n<p>En septiembre del 2019, horas antes de que lo destituyeran, platiqu\u00e9 unos minutos con \u00e9l en la espaciosa sala de juntas de la FGE. Fue gracias a la mediaci\u00f3n de un compa\u00f1ero que tuve el \u00fanico acercamiento, una \u00fanica charla, cuando lo que buscaba era una entrevista. \u201cTe ruego me disculpes pero ahora no, cualquier cosa que diga puede ser utilizada en mi contra\u201d me dijo con una mueca que quiso ser una sonrisa.<\/p>\n\n\n\n<p>Ten\u00eda una palidez de an\u00e9mico y unas profundas ojeras; a leguas se le notaba el cansancio no s\u00f3lo f\u00edsico sino mental. Ya sin el apoyo de Miguel \u00c1ngel y perseguido por el gobernador Cuitl\u00e1huac Garc\u00eda y por Eric Cisneros, se ve\u00eda lo que le sigue a desamparado.<\/p>\n\n\n\n<p>\u201cDe haber sabido que iba a suceder esto, jam\u00e1s habr\u00eda aceptado el cargo. Me hubiera dedicado a mi bufete\u201d me dijo. \u201c\u00bfQu\u00e9 vas a hacer?\u201d, le pregunt\u00e9. \u201cAguantar\u201d, me contest\u00f3. Pero no aguant\u00f3; antes de que se cumplieran 24 horas de esa charla lo echaron.<\/p>\n\n\n\n<p>Ignoro si fue la inmadurez o el saberse cubierto por el manto protector de Yunes Linares, el hecho es que Jorge perdi\u00f3 el piso, le gan\u00f3 la soberbia y jam\u00e1s pens\u00f3 que vivir\u00eda una pesadilla, hasta que la pesadilla lleg\u00f3.<\/p>\n\n\n\n<p>Esa soberbia combinada con el abuso de poder le multiplicaron a sus enemigos que hoy festinan su detenci\u00f3n. Uno de ellos, Luis \u00c1ngel Bravo Contreras, el primer fiscal que tuvo Veracruz, escribi\u00f3 en sus redes: \u201cJusticia divina. No hay plazo que no se cumpla. Con la vara que mides ser\u00e1s medido\u201d.<\/p>\n\n\n\n<p>\u00bfLo entreg\u00f3 Miguel \u00c1ngel? \u00bfPact\u00f3 Jorge su detenci\u00f3n? \u00bfHay algo m\u00e1s? \u00bfQu\u00e9 es? Ahorita todo son especulaciones.<\/p>\n\n\n\n<p>Lo que hay de cierto es que ayer lleg\u00f3 procedente de Puerto Escondido, Oaxaca, fuertemente custodiado e ingres\u00f3 al penal de Pacho Viejo a las 20:20 horas, donde pas\u00f3 la primera de qui\u00e9n sabe cu\u00e1ntas noches.<\/p>\n\n\n\n<p>\u00bfQu\u00e9 sigue? Con Wincker comienza su proceso judicial, pero con la Fiscal\u00eda hay que tomar medidas urgentes e incluso desesperadas. Por lo pronto echarle varios galones de agua bendita y darle una buena rameada porque est\u00e1 bien salada. Ha tenido tres fiscales: Luis \u00c1ngel Bravo Contreras que estuvo preso; Jorge Winckler que est\u00e1 en prisi\u00f3n y Ver\u00f3nica Hern\u00e1ndez Giad\u00e1ns que ha violado la ley tanto o m\u00e1s que su antecesor, pero hasta el momento ah\u00ed anda.<\/p>\n\n\n\n<p><strong><em>Dejar menor deuda, plan del gobierno estatal: Lima Franco<\/em><\/strong><\/p>\n\n\n\n<p>El diario El Financiero public\u00f3 en su edici\u00f3n de ayer una entrevista que el secretario de Finanzas, Jos\u00e9 Luis Lima Franco, concedi\u00f3 al periodista Felipe Gazc\u00f3n, donde le dijo que Veracruz ha logrado disminuir su deuda de manera importante en tres a\u00f1os y medio, pero adem\u00e1s el gobierno del estado planea dejar la deuda en un nivel menor de 3 mil a 4 mil millones de pesos, respecto al que recibieron, gesti\u00f3n que ha sido reconocida por las calificadoras y la Secretar\u00eda de Hacienda.<\/p>\n\n\n\n<p>Lima Franco destac\u00f3 que si bien es cierto que la deuda de Veracruz es de las m\u00e1s grandes del pa\u00eds, hoy est\u00e1 en sem\u00e1foro verde por parte de la Secretar\u00eda de Hacienda, lo que significa que es sostenible y que no es un problema para el estado.<\/p>\n\n\n\n<p>\u201cCuando empez\u00f3 la actual administraci\u00f3n tra\u00edamos, en el balance, una deuda de 59 mil 654 millones de pesos, y ya al cierre de 2021 la tenemos en 53 mil 353 millones de pesos, se ha bajado en 6 mil 300 millones en la parte del balance\u201d, explic\u00f3 el funcionario.<\/p>\n\n\n\n<p>A\u00f1adi\u00f3 que en 2024 planean dejar el gobierno con un nivel de deuda menor respecto de los 59 mil millones en que la recibieron, quiz\u00e1s en 55 mil o 56 mil millones de pesos, dentro del balance, y la intenci\u00f3n es dejarla lo m\u00e1s baja posible.<\/p>\n\n\n\n<p>Precis\u00f3 que en la parte de pasivos que est\u00e1n fuera del balance, que son las cuentas con proveedores y contratistas en las que no hay certeza si se les debe o no, es en donde hay cierta preocupaci\u00f3n, seg\u00fan las calificadoras. Dijo que cuando empez\u00f3 esta administraci\u00f3n estos pasivos sumaban cerca de 27 mil 553 millones y actualmente el monto aproximado es de 21 mil 822 millones de pesos.<\/p>\n\n\n\n<p>Indic\u00f3 que se han reducido 5 mil 730 millones en estas cuentas, b\u00e1sicamente porque algunas se han depurado. Y es que se ha revisado que seguramente la obra no la hicieron o los proveedores no entregaron los bienes.<\/p>\n\n\n\n<p>Por \u00faltimo, el responsable de las finanzas en Veracruz dijo: \u201cLa preocupaci\u00f3n de las calificadoras, es que si esto es pasivo, que lo metamos al balance; hemos estado trabajando en tratar de ir depurando y lo que s\u00ed se deba, tratar de pagarlo\u201d.<\/p>\n\n\n\n<p>bernardogup@hotmail.com<\/p>\n","protected":false},"excerpt":{"rendered":"<p>Bernardo Guti\u00e9rrez ParraDesde el Caf\u00e9 Apenas se confirm\u00f3 la detenci\u00f3n del ex fiscal Jorge Winckler Ortiz se soltaron las especulaciones. \u201cSu aprehensi\u00f3n es el aviso inminente de que van por Miguel \u00c1ngel Yunes\u201d. \u201cEl ex gobernador lo entreg\u00f3 a cambio de impunidad para \u00e9l y sus hijos\u201d. \u201cWinckler pact\u00f3 su detenci\u00f3n porque las acusaciones en [&hellip;]<\/p>\n","protected":false},"author":2,"featured_media":0,"comment_status":"closed","ping_status":"closed","sticky":false,"template":"","format":"standard","meta":{"_jetpack_newsletter_access":"","_jetpack_dont_email_post_to_subs":false,"_jetpack_newsletter_tier_id":0,"_jetpack_memberships_contains_paywalled_content":false,"_jetpack_memberships_contains_paid_content":false,"footnotes":""},"categories":[70],"tags":[34206,1035,12686,34317,13713,34318,5635,15165,161],"class_list":["post-92957","post","type-post","status-publish","format-standard","hentry","category-de-opinion","tag-bernardo-gutierrez-parra","tag-desaparicion-forzada","tag-eric-cisneros","tag-ex-fiscal-jorge-winckler-ortiz","tag-jose-luis-lima-franco","tag-luis-angel-bravo-contreras-2","tag-tortura","tag-veronica-hernandez-giadans","tag-yunes-linares"],"jetpack_featured_media_url":"","jetpack_sharing_enabled":true,"jetpack_shortlink":"https:\/\/wp.me\/p4Qcd3-obj","_links":{"self":[{"href":"https:\/\/lospoliticosveracruz.com.mx\/index.php?rest_route=\/wp\/v2\/posts\/92957","targetHints":{"allow":["GET"]}}],"collection":[{"href":"https:\/\/lospoliticosveracruz.com.mx\/index.php?rest_route=\/wp\/v2\/posts"}],"about":[{"href":"https:\/\/lospoliticosveracruz.com.mx\/index.php?rest_route=\/wp\/v2\/types\/post"}],"author":[{"embeddable":true,"href":"https:\/\/lospoliticosveracruz.com.mx\/index.php?rest_route=\/wp\/v2\/users\/2"}],"replies":[{"embeddable":true,"href":"https:\/\/lospoliticosveracruz.com.mx\/index.php?rest_route=%2Fwp%2Fv2%2Fcomments&post=92957"}],"version-history":[{"count":1,"href":"https:\/\/lospoliticosveracruz.com.mx\/index.php?rest_route=\/wp\/v2\/posts\/92957\/revisions"}],"predecessor-version":[{"id":92960,"href":"https:\/\/lospoliticosveracruz.com.mx\/index.php?rest_route=\/wp\/v2\/posts\/92957\/revisions\/92960"}],"wp:attachment":[{"href":"https:\/\/lospoliticosveracruz.com.mx\/index.php?rest_route=%2Fwp%2Fv2%2Fmedia&parent=92957"}],"wp:term":[{"taxonomy":"category","embeddable":true,"href":"https:\/\/lospoliticosveracruz.com.mx\/index.php?rest_route=%2Fwp%2Fv2%2Fcategories&post=92957"},{"taxonomy":"post_tag","embeddable":true,"href":"https:\/\/lospoliticosveracruz.com.mx\/index.php?rest_route=%2Fwp%2Fv2%2Ftags&post=92957"}],"curies":[{"name":"wp","href":"https:\/\/api.w.org\/{rel}","templated":true}]}}