{"id":92964,"date":"2022-07-26T08:48:01","date_gmt":"2022-07-26T13:48:01","guid":{"rendered":"https:\/\/lospoliticosveracruz.com.mx\/?p=92964"},"modified":"2022-07-26T09:02:07","modified_gmt":"2022-07-26T14:02:07","slug":"unidos-somos-mas-fuertes","status":"publish","type":"post","link":"https:\/\/lospoliticosveracruz.com.mx\/?p=92964","title":{"rendered":"Unidos somos m\u00e1s fuertes"},"content":{"rendered":"\n<p><strong>Yair Ademar Dom\u00ednguez<br><\/strong><em>Punto y Coma<\/em><\/p>\n\n\n\n<p>La fortaleza del Movimiento de Regeneraci\u00f3n Nacional (MORENA) en todo el pa\u00eds es una realidad a la vista de todos. Las cr\u00edticas mal intencionadas, que nunca faltan, a nuestro l\u00edder moral, el presidente Andr\u00e9s Manuel L\u00f3pez Obrador, lo fortalecen y nos fortalecen, consolidando nuestro movimiento como el de mayor popularidad, justo por eso, porque atiende las razones y las causas del pueblo.<\/p>\n\n\n\n<div class=\"wp-block-image\"><figure class=\"alignleft size-medium\"><a href=\"https:\/\/lospoliticosveracruz.com.mx\/wp-content\/uploads\/2021\/10\/WhatsApp-Image-2021-10-02-at-15.20.25.jpeg\"><img loading=\"lazy\" decoding=\"async\" width=\"212\" height=\"300\" src=\"https:\/\/lospoliticosveracruz.com.mx\/wp-content\/uploads\/2021\/10\/WhatsApp-Image-2021-10-02-at-15.20.25-212x300.jpeg\" alt=\"\" class=\"wp-image-80177\" srcset=\"https:\/\/lospoliticosveracruz.com.mx\/wp-content\/uploads\/2021\/10\/WhatsApp-Image-2021-10-02-at-15.20.25-212x300.jpeg 212w, https:\/\/lospoliticosveracruz.com.mx\/wp-content\/uploads\/2021\/10\/WhatsApp-Image-2021-10-02-at-15.20.25-724x1024.jpeg 724w, https:\/\/lospoliticosveracruz.com.mx\/wp-content\/uploads\/2021\/10\/WhatsApp-Image-2021-10-02-at-15.20.25-768x1086.jpeg 768w, https:\/\/lospoliticosveracruz.com.mx\/wp-content\/uploads\/2021\/10\/WhatsApp-Image-2021-10-02-at-15.20.25.jpeg 905w\" sizes=\"auto, (max-width: 212px) 100vw, 212px\" \/><\/a><\/figure><\/div>\n\n\n\n<p>Nosotros seguimos en lo nuestro, convencidos de la importancia de la organizaci\u00f3n y movilizaci\u00f3n ciudadana para consolidar esta transformaci\u00f3n que ya nadie para. As\u00ed, del 16 al 22 de julio, la Comisi\u00f3n Nacional de Elecciones seleccion\u00f3 a 200 hombres y 200 mujeres para ser Congresistas nacionales. Aqu\u00ed puedes consultar la lista: <strong><em><a href=\"https:\/\/morena.org\/registros-congresistas-nacionales\/\">https:\/\/morena.org\/registros-congresistas-nacionales\/<\/a><\/em><\/strong><br><br>Del 16 de julio al 10 de septiembre circular\u00e1 la propuesta de modificaci\u00f3n a los Documentos B\u00e1sicos de MORENA, Declaraci\u00f3n de principios y Estatutos. El 30 y 31 de julio se celebrar\u00e1n asambleas en los 300 distritos federales del pa\u00eds en donde se elegir\u00e1n a cinco mujeres y cinco hombres como Congresistas nacionales que a su vez ser\u00e1n congresistas, consejeros y coordinadores estatales. En estas asambleas podr\u00e1n realizar su solicitud de afiliaci\u00f3n o ratificarla.<\/p>\n\n\n\n<p>El 6 y 7 de agosto se celebrar\u00e1n Congresos estatales en las 32 entidades de la Rep\u00fablica, para renovar los Consejos y Comit\u00e9s Ejecutivos Estatales. El 16 de septiembre se llevar\u00e1 a cabo la asamblea de mexicanas y mexicanos en el exterior para elegir a sus representantes, 10 congresistas nacionales y cuatro consejeras y consejeros nacionales.<\/p>\n\n\n\n<p>El 17 y 18 de septiembre realizaremos nuestro III Congreso Nacional Ordinario para reformar los Estatutos de MORENA, se ratificar\u00e1n las encuestas como m\u00e9todo para la selecci\u00f3n de candidatas y candidatos y se renovar\u00e1 nuestro Consejo Nacional y el Comit\u00e9 Ejecutivo Nacional.<\/p>\n\n\n\n<p>\u00bfC\u00f3mo va MORENA en este proceso interno? Unidos, movidos y fortalecidos. En Veracruz y en todo el pa\u00eds hemos logrado integrar las diversas corrientes en pro de la fortaleza de nuestro movimiento. La frase cada d\u00eda somos m\u00e1s fuertes no es una frase elaborada, ficticia, medi\u00e1tica, no, es un hecho, una realidad. Y somos fuertes por los liderazgos regionales, somos fuertes por nuestro presidente, somos fuertes por nuestros gobernantes congruentes y comprometidos, pero somos fuertes sobre todo por la gente, por nuestro pueblo que ha tomado el destino del pa\u00eds en sus manos.<\/p>\n\n\n\n<p>La oposici\u00f3n est\u00e1 completamente perdida. Se extravi\u00f3 en las extravagancias del poder porque vivieron para alimentar sus egos, para aumentar su capital, para enriquecerse a costa del patrimonio de los mexicanos. Dejaron de entender las necesidades de los ciudadanos. Esos viejos dinosaurios nunca supieron lo que era salir de casa para ir a la escuela y no tener para los camiones o salir de la universidad y no encontrar trabajo o llegar al fin de la quincena con la despensa vac\u00eda en casa.<\/p>\n\n\n\n<p>Los prianistas y quienes vivieron alrededor de esa burbuja de privilegios que les dio el poder, se olvidaron de la gente, del pueblo, se quedaron en esa dimensi\u00f3n en donde todo se les daba a manos llenas. Por ello siempre vieron al pueblo con desprecio. El pueblo s\u00f3lo significaba votos y dinero. Por ello los grandes operativos de acarreo, por eso las despensas y la entrega desmedida de migajas.<\/p>\n\n\n\n<p>Hoy, con la 4T, ese modelo ha cambiado y esperamos desterrarlo para siempre de la vida pol\u00edtica del pa\u00eds. Hoy, el ciudadano tiene que convertirse en protagonista. El gobierno de la transformaci\u00f3n le est\u00e1 dando las herramientas a nuestra gente para que sean ellos quienes se conviertan en arquitectos de su propio destino, como dijo el famoso poeta Amado Nervo. Quienes trabajamos por este movimiento estamos convencidos de ello. La grandeza de nuestro pa\u00eds se consolidar\u00e1 de la mano de nuestra gente, de los veracruzanos y de todos los mexicanos.<\/p>\n\n\n\n<p>Comentarios: Facebook Yair Ademar Dominguez Twitter @YairAdemar<\/p>\n","protected":false},"excerpt":{"rendered":"<p>Yair Ademar Dom\u00ednguezPunto y Coma La fortaleza del Movimiento de Regeneraci\u00f3n Nacional (MORENA) en todo el pa\u00eds es una realidad a la vista de todos. Las cr\u00edticas mal intencionadas, que nunca faltan, a nuestro l\u00edder moral, el presidente Andr\u00e9s Manuel L\u00f3pez Obrador, lo fortalecen y nos fortalecen, consolidando nuestro movimiento como el de mayor popularidad, [&hellip;]<\/p>\n","protected":false},"author":2,"featured_media":0,"comment_status":"closed","ping_status":"closed","sticky":false,"template":"","format":"standard","meta":{"_jetpack_newsletter_access":"","_jetpack_dont_email_post_to_subs":false,"_jetpack_newsletter_tier_id":0,"_jetpack_memberships_contains_paywalled_content":false,"_jetpack_memberships_contains_paid_content":false,"footnotes":""},"categories":[70],"tags":[17426,26253,1026,20652],"class_list":["post-92964","post","type-post","status-publish","format-standard","hentry","category-de-opinion","tag-4t","tag-comision-nacional-de-elecciones","tag-morena","tag-yair-ademar-dominguez"],"jetpack_featured_media_url":"","jetpack_sharing_enabled":true,"jetpack_shortlink":"https:\/\/wp.me\/p4Qcd3-obq","_links":{"self":[{"href":"https:\/\/lospoliticosveracruz.com.mx\/index.php?rest_route=\/wp\/v2\/posts\/92964","targetHints":{"allow":["GET"]}}],"collection":[{"href":"https:\/\/lospoliticosveracruz.com.mx\/index.php?rest_route=\/wp\/v2\/posts"}],"about":[{"href":"https:\/\/lospoliticosveracruz.com.mx\/index.php?rest_route=\/wp\/v2\/types\/post"}],"author":[{"embeddable":true,"href":"https:\/\/lospoliticosveracruz.com.mx\/index.php?rest_route=\/wp\/v2\/users\/2"}],"replies":[{"embeddable":true,"href":"https:\/\/lospoliticosveracruz.com.mx\/index.php?rest_route=%2Fwp%2Fv2%2Fcomments&post=92964"}],"version-history":[{"count":2,"href":"https:\/\/lospoliticosveracruz.com.mx\/index.php?rest_route=\/wp\/v2\/posts\/92964\/revisions"}],"predecessor-version":[{"id":92966,"href":"https:\/\/lospoliticosveracruz.com.mx\/index.php?rest_route=\/wp\/v2\/posts\/92964\/revisions\/92966"}],"wp:attachment":[{"href":"https:\/\/lospoliticosveracruz.com.mx\/index.php?rest_route=%2Fwp%2Fv2%2Fmedia&parent=92964"}],"wp:term":[{"taxonomy":"category","embeddable":true,"href":"https:\/\/lospoliticosveracruz.com.mx\/index.php?rest_route=%2Fwp%2Fv2%2Fcategories&post=92964"},{"taxonomy":"post_tag","embeddable":true,"href":"https:\/\/lospoliticosveracruz.com.mx\/index.php?rest_route=%2Fwp%2Fv2%2Ftags&post=92964"}],"curies":[{"name":"wp","href":"https:\/\/api.w.org\/{rel}","templated":true}]}}