{"id":93025,"date":"2022-07-27T10:16:11","date_gmt":"2022-07-27T15:16:11","guid":{"rendered":"https:\/\/lospoliticosveracruz.com.mx\/?p=93025"},"modified":"2022-07-27T10:16:19","modified_gmt":"2022-07-27T15:16:19","slug":"frente-a-recesion-mas-y-mejor-participacion","status":"publish","type":"post","link":"https:\/\/lospoliticosveracruz.com.mx\/?p=93025","title":{"rendered":"Frente a recesi\u00f3n, m\u00e1s y mejor participaci\u00f3n"},"content":{"rendered":"\n<p><\/p>\n\n\n\n<p><strong>Rafael Arias Hern\u00e1ndez<\/strong><br><em>Mutatis mutandis<\/em><\/p>\n\n\n\n<p>Inocultable crisis econ\u00f3mica, presente y en aumento. Crecen los precios, los salarios pierden capacidad de compra, los recursos p\u00fablicos disminuyen y dejan de atenderse, bien y a tiempo, m\u00e1s y m\u00e1s necesidades.<\/p>\n\n\n\n<div class=\"wp-block-image\"><figure class=\"alignleft size-medium\"><a href=\"https:\/\/lospoliticosveracruz.com.mx\/wp-content\/uploads\/2021\/10\/Zacauilt.jpg\"><img decoding=\"async\" src=\"https:\/\/lospoliticosveracruz.com.mx\/wp-content\/uploads\/2021\/10\/Zacauilt-150x300.jpg\" alt=\"\" class=\"wp-image-80558\"\/><\/a><\/figure><\/div>\n\n\n\n<p>La recesi\u00f3n se hace presente. \u201cCae -0.2% econom\u00eda en mayo, mayor a lo previsto. El \u00cdndice Global de la Actividad Econ\u00f3mica (IGAE) se redujo de 1.8% en abril, a 1.3% en mayo, a tasa anual; por una ca\u00edda en los servicios y debilidad de la industria, inform\u00f3 INEGI\u2026. La actividad econ\u00f3mica de M\u00e9xico podr\u00eda verse a\u00fan m\u00e1s afectada en el segundo semestre por la desaceleraci\u00f3n en la demanda estadounidense a ra\u00edz del freno que est\u00e1 impulsando la Reserva Federal con alzas bruscas en la tasa de inter\u00e9s.\u201d(Arena P\u00fablica.250722)<br>Con la conocida evidencia, es que los gobiernos no pueden solos, ni aislados; y tambi\u00e9n que la poblaci\u00f3n paga las consecuencias, que y las mayor\u00edas son las que padecen m\u00e1s y m\u00e1s limitaciones y sacrificios. La situaci\u00f3n se complica en demasiados frentes, de la vida cotidiana. A la inocultable inseguridad creciente, se agregan entre otras, las limitaciones e insuficiencias del sector salud, la burocratizada y lenta actividad educativa oficial, la desatendida y minimizada acci\u00f3n ecol\u00f3gica y ambiental institucional y, desde luego, la crisis econ\u00f3mica del pa\u00eds se complica con una inflaci\u00f3n en aumento, retroalimentada desde el exterior; y retroalimentadas en aspectos tan importantes como desempleo y subempleo, bajos salarios y contadas prestaciones, informalidad, dependencia tecnol\u00f3gica y poca o nula capacitaci\u00f3n laboral, falta de oportunidades y est\u00edmulos empresariales, y muchas otras limitaciones m\u00e1s.<\/p>\n\n\n\n<p>En todo caso, frente a estas y muchas otras situaciones actuales, es seguro que hay y habr\u00e1 una respuesta de la poblaci\u00f3n. Hoy, como ayer y como siempre, los mexicanos encontraremos la forma de enfrentar condiciones y limitaciones.<\/p>\n\n\n\n<p>Importante tener siempre presente que la poblaci\u00f3n es, origen y destino de la organizaci\u00f3n y movilizaci\u00f3n individual, social y gubernamental.<\/p>\n\n\n\n<p>Tiempos de objetividad y efectividad, de pensar y hacer frente a una realidad, cada vez m\u00e1s dif\u00edcil y compleja, que se debe superar. Nada f\u00e1cil cuando se vive, una cada vez m\u00e1s intensa actividad pol\u00edtica y de pretensi\u00f3n electoral, acentuada por el adelanto de las expectativas de sucesi\u00f3n gubernamental, en todos los \u00e1mbitos. Entretenimiento y distracci\u00f3n, posponen la necesaria y eficaz atenci\u00f3n.<\/p>\n\n\n\n<p>De cualquier forma y ante la magnitud y dificultad de los problemas actuales. Todo indica, que ha llegado la hora de unir esfuerzos y preferencias, y de superar enfrentamientos y diferencias. Dentro de las libertades y derechos de todos, vale la pena advertir y resaltar, que es hora de dialogar y debatir, de confrontar ideas y propuestas, para asegurar soluciones y buenas respuestas. Bien se sabe, que los problemas no se resuelven solos, por milagro o en autom\u00e1tico. Los problemas exigen atenci\u00f3n y soluci\u00f3n, previsi\u00f3n y conocimiento.<\/p>\n\n\n\n<p>Imprescindible m\u00e1s y mejor participaci\u00f3n ciudadana y social. Para ello, preciso empezar por informarse y comunicarse, para analizar y definir todo asunto p\u00fablico, as\u00ed como actualizarse y hablar con la verdad, al identificar causas y razones, de las adversas condiciones del hoy y del ma\u00f1ana. Primordial la transparencia, el acceso a la informaci\u00f3n, la rendici\u00f3n de cuentas y la fiscalizaci\u00f3n permanentes, sobre todo para reconocer el buen trabajo realizado y sus logros, as\u00ed como, al mismo tiempo tener presente, errores, perdidas y retrocesos. Reconocer oportunidades y ventajas, se\u00f1alar peligros y p\u00e9rdidas, y evitar errores y retrocesos.<\/p>\n\n\n\n<p>Presentes y futuras generaciones exigen se respete su existencia y expresan su ansia de vivir, de satisfacer sus necesidades, de desarrollarse y realizarse como seres humanos.<\/p>\n\n\n\n<p>Causas y razones, consecuencias y alcances, lo perciben, lo viven y padecen con claridad e intensidad, cada vez m\u00e1s y m\u00e1s mujeres y hombres, j\u00f3venes y adultos. Por eso a la posibilidad, convertida en realidad impuesta y padecida, de limitaciones y sacrificios interminables, las mayor\u00edas y minor\u00edas se hacen presentes, la cuestionan y no la aceptan.<\/p>\n\n\n\n<p>Es m\u00e1s, frente a la adversidad y falta creciente de oportunidades, los j\u00f3venes de ayer, de hoy y de siempre, se rebelan y rechazan su p\u00e9rdida de presente y negaci\u00f3n de un mejor futuro.<\/p>\n\n\n\n<p>Inevitables surgen las preguntas y cuestionamientos: \u00bfQu\u00e9 hacer al respecto? \u00bfIgnorar y negar lo que perjudica y afecta? \u00bfCu\u00e1l es el l\u00edmite de resistencia y supervivencia, con crecientes carencias, privaciones y sacrificios sociales?<\/p>\n\n\n\n<p>Hoy se determina el ma\u00f1ana; la realidad exige concretar y reducir, el dicho al hecho. Preciso entender que presente negado, futuro cancelado.<\/p>\n\n\n\n<p>Las oportunidades se encuentran o construyen, se utilizan o desaprovechan, parcial o totalmente.<\/p>\n\n\n\n<p>El cambio se hace presente, por mucho que dure lo contrario, su opuesto: lo mismo o la inmovilidad. Perjudicial seguir en \u201cm\u00e1s de lo mismo\u201d.<\/p>\n\n\n\n<p>Ante los innumerables problemas que nos aquejan, y la complejidad y dificultad de la problem\u00e1tica presente. Ante retos y objetivos identificados, definidos y establecidos. No hay duda de que se deben tomar decisiones sustentadas, con preparaci\u00f3n, capacidad y conocimiento, para llevar a cabo acciones, individuales y colectivas, gubernamentales y sociales.<\/p>\n\n\n\n<p>Tiempos de Participaci\u00f3n oportuna, responsable y efectiva. No a la improvisaci\u00f3n ni a las ocurrencias.<\/p>\n\n\n\n<p>-Academico.IIESESUV @RafaelAriasH,Facebook:VeracruzHoydeRafaelAriasH<\/p>\n","protected":false},"excerpt":{"rendered":"<p>Rafael Arias Hern\u00e1ndezMutatis mutandis Inocultable crisis econ\u00f3mica, presente y en aumento. Crecen los precios, los salarios pierden capacidad de compra, los recursos p\u00fablicos disminuyen y dejan de atenderse, bien y a tiempo, m\u00e1s y m\u00e1s necesidades. La recesi\u00f3n se hace presente. \u201cCae -0.2% econom\u00eda en mayo, mayor a lo previsto. El \u00cdndice Global de la [&hellip;]<\/p>\n","protected":false},"author":2,"featured_media":0,"comment_status":"closed","ping_status":"closed","sticky":false,"template":"","format":"standard","meta":{"_jetpack_newsletter_access":"","_jetpack_dont_email_post_to_subs":false,"_jetpack_newsletter_tier_id":0,"_jetpack_memberships_contains_paywalled_content":false,"_jetpack_memberships_contains_paid_content":false,"footnotes":""},"categories":[70],"tags":[6748,8032,15707],"class_list":["post-93025","post","type-post","status-publish","format-standard","hentry","category-de-opinion","tag-crisis-economica","tag-rafael-arias-hernandez","tag-recesion-economica"],"jetpack_featured_media_url":"","jetpack_sharing_enabled":true,"jetpack_shortlink":"https:\/\/wp.me\/p4Qcd3-ocp","_links":{"self":[{"href":"https:\/\/lospoliticosveracruz.com.mx\/index.php?rest_route=\/wp\/v2\/posts\/93025","targetHints":{"allow":["GET"]}}],"collection":[{"href":"https:\/\/lospoliticosveracruz.com.mx\/index.php?rest_route=\/wp\/v2\/posts"}],"about":[{"href":"https:\/\/lospoliticosveracruz.com.mx\/index.php?rest_route=\/wp\/v2\/types\/post"}],"author":[{"embeddable":true,"href":"https:\/\/lospoliticosveracruz.com.mx\/index.php?rest_route=\/wp\/v2\/users\/2"}],"replies":[{"embeddable":true,"href":"https:\/\/lospoliticosveracruz.com.mx\/index.php?rest_route=%2Fwp%2Fv2%2Fcomments&post=93025"}],"version-history":[{"count":1,"href":"https:\/\/lospoliticosveracruz.com.mx\/index.php?rest_route=\/wp\/v2\/posts\/93025\/revisions"}],"predecessor-version":[{"id":93027,"href":"https:\/\/lospoliticosveracruz.com.mx\/index.php?rest_route=\/wp\/v2\/posts\/93025\/revisions\/93027"}],"wp:attachment":[{"href":"https:\/\/lospoliticosveracruz.com.mx\/index.php?rest_route=%2Fwp%2Fv2%2Fmedia&parent=93025"}],"wp:term":[{"taxonomy":"category","embeddable":true,"href":"https:\/\/lospoliticosveracruz.com.mx\/index.php?rest_route=%2Fwp%2Fv2%2Fcategories&post=93025"},{"taxonomy":"post_tag","embeddable":true,"href":"https:\/\/lospoliticosveracruz.com.mx\/index.php?rest_route=%2Fwp%2Fv2%2Ftags&post=93025"}],"curies":[{"name":"wp","href":"https:\/\/api.w.org\/{rel}","templated":true}]}}