{"id":93126,"date":"2022-07-28T23:15:05","date_gmt":"2022-07-29T04:15:05","guid":{"rendered":"https:\/\/lospoliticosveracruz.com.mx\/?p=93126"},"modified":"2022-07-29T09:17:06","modified_gmt":"2022-07-29T14:17:06","slug":"las-practicas-politicas-de-morena","status":"publish","type":"post","link":"https:\/\/lospoliticosveracruz.com.mx\/?p=93126","title":{"rendered":"Las pr\u00e1cticas pol\u00edticas de Morena"},"content":{"rendered":"\n<p><\/p>\n\n\n\n<p><strong>Emilio C\u00e1rdenas Escobosa<br><\/strong><em>De Inter\u00e9s P\u00fablico<\/em><\/p>\n\n\n\n<p>Este fin de semana habr\u00e1 elecciones en Morena, el partido que fund\u00f3 el presidente Andr\u00e9s Manuel L\u00f3pez obrador y que lo llev\u00f3 a la Presidencia de M\u00e9xico.<br>De acuerdo con la convocatoria lanzada por la Comisi\u00f3n Nacional de Elecciones de Morena el pasado mes de junio, este fin de semana y en la primera semana de agosto se elegir\u00e1n a tres mil consejeros, a los dirigentes estatales y a toda la pl\u00e9yade de morenistas notables y otros no tanto que tendr\u00e1n decisi\u00f3n en los procesos de elecciones a las gubernaturas de 2023 y 2024, as\u00ed como las reglas a la nominaci\u00f3n presidencial.<\/p>\n\n\n\n<div class=\"wp-block-image\"><figure class=\"alignleft size-medium\"><a href=\"https:\/\/lospoliticosveracruz.com.mx\/wp-content\/uploads\/2021\/10\/WhatsApp-Image-2021-10-02-at-15.20.25.jpeg\"><img loading=\"lazy\" decoding=\"async\" width=\"212\" height=\"300\" src=\"https:\/\/lospoliticosveracruz.com.mx\/wp-content\/uploads\/2021\/10\/WhatsApp-Image-2021-10-02-at-15.20.25-212x300.jpeg\" alt=\"\" class=\"wp-image-80177\" srcset=\"https:\/\/lospoliticosveracruz.com.mx\/wp-content\/uploads\/2021\/10\/WhatsApp-Image-2021-10-02-at-15.20.25-212x300.jpeg 212w, https:\/\/lospoliticosveracruz.com.mx\/wp-content\/uploads\/2021\/10\/WhatsApp-Image-2021-10-02-at-15.20.25-724x1024.jpeg 724w, https:\/\/lospoliticosveracruz.com.mx\/wp-content\/uploads\/2021\/10\/WhatsApp-Image-2021-10-02-at-15.20.25-768x1086.jpeg 768w, https:\/\/lospoliticosveracruz.com.mx\/wp-content\/uploads\/2021\/10\/WhatsApp-Image-2021-10-02-at-15.20.25.jpeg 905w\" sizes=\"auto, (max-width: 212px) 100vw, 212px\" \/><\/a><\/figure><\/div>\n\n\n\n<p><br>El Congreso Nacional de Morena se celebrar\u00e1 los d\u00edas 17 y 18 de septiembre pr\u00f3ximos y para llegar a ese momento se tendr\u00e1n que renovar sus coordinaciones distritales federales y consejos estatales en las 31 entidades federativas del pa\u00eds.<br>En Veracruz, Morena ha estado sin un dirigente oficial desde la salida hace casi cuatro a\u00f1os de Manuel Huerta, hoy delegado de los programas federales en la entidad, y quien ha estado a cargo del partido es Esteban Ram\u00edrez Zepeta como delegado con funciones de presidente en el estado, cuando el Comit\u00e9 Ejecutivo Nacional lo nombr\u00f3 hace un a\u00f1o y medio.<br>Bajo los t\u00e9rminos de la convocatoria para renovar sus dirigencias y consejos, Veracruz, junto con el resto de entidades, renovar\u00e1 a su Comit\u00e9 Directivo Estatal el pr\u00f3ximo 6 de agosto. Y para ello votar\u00e1n los representantes acreditados ante el Consejo Estatal que ser\u00e1n elegidos el pr\u00f3ximo 30 de julio en las asambleas distritales en las que los militantes de Morena o \u201cProtagonistas Verdaderos del Cambio\u201d, como los denominan, deber\u00e1n ratificar su afiliaci\u00f3n al partido para poder elegir a 10 coordinadores por cada distrito que hay en Veracruz, cinco mujeres y cinco hombres, para contar con un total 200 coordinadores distritales en todo el estado.<br>Estos 200 coordinadores distritales o consejeros estatales renovados, como quiera llam\u00e1rseles, tendr\u00e1n la tarea de votar en la asamblea estatal del pr\u00f3ximo 6 de agosto para la renovaci\u00f3n de la presidencia y seis carteras m\u00e1s de su Comit\u00e9 Directivo Estatal. Donde todo se prepara para ungir a Esteban Ram\u00edrez Zepeta, operador y cercan\u00edsimo al gobernador Cuitl\u00e1huac Garc\u00eda.<br>El presidente Andr\u00e9s Manuel L\u00f3pez Obrador en su conferencia ma\u00f1anera se\u00f1al\u00f3 que conf\u00eda en que en esta jornada electiva del fin de semana y en todos los procesos internos de su partido se demuestre que son buenos ciudadanos los que van a participar y pidi\u00f3 conocer a los aspirantes a consejeros para \u201cno ser borregos\u201d. Pidi\u00f3 evitar ser acarreado a este ejercicio, alert\u00f3 sobre una eventual compra de votos para favorecer a determinados personajes y a no dejarse manipular porque \u201ces ofensivo y si sale por ah\u00ed alg\u00fan mapache que los manden lejos lejos, porque, dijo el mandatario, \u201cnosotros hemos luchado siempre por la democracia y hemos luchado siempre contra el fraude\u201d.<br>Hasta aqu\u00ed los procedimientos establecidos por la dirigencia nacional de Morena y la convocatoria del presidente a que tengan juego limpio que no tienen nada de reprochable, pero la realidad siempre terca se encarga de demostrar que los pol\u00edticos de todos los colores solo saben jugar con los mecanismos de siempre, con los resortes que patentaron los priistas el siglo pasado, pese a los llamados de L\u00f3pez Obrador.<br>El caso es que en los estados en que gobierna Morena y en los ayuntamientos que controla, ante la falta de estructuras partidistas derivada de haberse echado a la hamaca y no haber establecido comit\u00e9s municipales, confiados en que la popularidad del presidente lo es todo para esa fuerza pol\u00edtica y sus gobiernos, les agarraron las prisas y ante la urgencia de contar con un padr\u00f3n de afiliados m\u00e1s o menos robusto decidieron armar un proceso de afiliaci\u00f3n fast track.<br>Con esas prisas y en la plenitud del poder la soluci\u00f3n la encontraron f\u00e1cil: a todos los empleados p\u00fablicos les exigieron contar con diez afiliados por cada uno de ellos y participar en la movilizaci\u00f3n para llevarlos a las asambleas de este fin de semana. Instrucci\u00f3n que l\u00f3gicamente va acompa\u00f1ada del riesgo de tener represalias o incluso perder el empleo de no cubrir la cuota correspondiente y movilizar a sus invitados reci\u00e9n afiliados a la de a fuerzas.<br>Todo este procedimiento en curso representa justamente lo contario a lo que supone el presidente L\u00f3pez Obrador que se est\u00e1 haciendo: que no habr\u00e1 borregos ni acarreados a las asambleas; actos que, desde luego, contradicen su dicho de que ellos no son as\u00ed porque han luchado siempre por la democracia y contra el fraude. Pero la evidencia es clara de que as\u00ed preparan las asambles los cuadros dirigentes de Morena en los que tanto conf\u00eda.<br>Adem\u00e1s, el proceso de elecci\u00f3n de sus delegados ha estado marcado por otros problemas como las impugnaciones por el presunto \u201crasuramiento\u201d de militantes de la lista de candidatos y la \u201cca\u00edda del sistema\u201d en los sitios web de Morena que paraliz\u00f3 durante dos d\u00edas la revisi\u00f3n \u00edntegra de las listas de candidatos que ser\u00e1n votados. Se acusa que han dejado fuera, por ejemplo, a gente cercana al senador Ricardo Monreal y a los cr\u00edticos de la dirigencia nacional de ese partido.<br>Las opiniones coinciden en que el rasurado de las listas y la purga de perfiles hecha en estados del pa\u00eds y en las instancias nacionales de Morena para preparar un Congreso Nacional a modo, tiene como finalidad asegurar mayor\u00eda de consejeros en favor de Claudia Sheinbaum.<br>En esas circunstancias, el proceso interno de Morena apunta hacia un choque de trenes habida cuenta la intolerancia de las diversas corrientes y grupos que conforman a este movimiento y que desatados rumbo a las elecciones estatales en puerta y a la elecci\u00f3n presidencial anticipa un choque de trenes. Porque no debe olvidarse que el partido del presidente, como toda la izquierda tiene en su c\u00f3digo gen\u00e9tico el virus de la autodestrucci\u00f3n. Y si no, ve\u00e1se lo que le pas\u00f3 al PRD.<br>La historia reciente muestra que por mucho que se hable de la transformaci\u00f3n nacional las pr\u00e1cticas pol\u00edticas de la cultura pol\u00edtica priista siguen tan campantes: las imposiciones, la cultura de la trampa, el acarreo, la compra de votos y el uso de recursos p\u00fablicos para fines partidistas est\u00e1n tan vivos como ayer.<br>Es una pena que teniendo en Andr\u00e9s Manuel L\u00f3pez Obrador a un referente de lucha tenaz por construir un movimiento claramente opuesto a los gobiernos del pasado, a un l\u00edder que busca el cambio de pr\u00e1cticas nocivas que marcaron a las administraciones que abusaron del poder en beneficio propio, hoy vemos a quienes llegaron a las gubernaturas, congresos, ayuntamientos y a las estructuras gubernamentales gracias al empuje del carism\u00e1tico tabasque\u00f1o, usar y abusar del poder en beneficio propio o de sus camarillas.<br>A la incompetencia de buena parte de estos morenistas mostrada en el ejercicio de sus gobiernos ahora suman los malabares que hacen para acomodar a sus fieles rumbo a su Congreso Nacional para buscar asegurar, ya sin L\u00f3pez Obrador, seguir disfrutando las mieles del poder.<br>Y, obviamente, a preparar el terreno a sus aliados para las elecciones estatales en puerta.<br>El caso de nuestro estado y la reforma constitucional que se prepara para \u201cveracruzanizar\u201d a la zacatecana Roc\u00edo Nahle para que pueda ser la candidata de Morena a la gubernatura, en detrimento de los derechos de miles de mujeres militantes de ese partido nacidas en Veracruz, lo ejemplifica.<br>La Cuarta Transformaci\u00f3n ofrecida por AMLO para el pa\u00eds avanza a paso lento, mientras que la verdadera transformaci\u00f3n se realiz\u00f3 ipso facto en muchos anta\u00f1o aguerridos luchadores de izquierda transmutados en pol\u00edticos profesionales, cortados, ahora se ve, con la misma tijera de los priistas o panistas que tanto dicen aborrecer.<br>Por sus obras los conocemos.<\/p>\n\n\n\n<p>jecesco@hotmail.com<br>www.deinterespublico.com<\/p>\n","protected":false},"excerpt":{"rendered":"<p>Emilio C\u00e1rdenas EscobosaDe Inter\u00e9s P\u00fablico Este fin de semana habr\u00e1 elecciones en Morena, el partido que fund\u00f3 el presidente Andr\u00e9s Manuel L\u00f3pez obrador y que lo llev\u00f3 a la Presidencia de M\u00e9xico.De acuerdo con la convocatoria lanzada por la Comisi\u00f3n Nacional de Elecciones de Morena el pasado mes de junio, este fin de semana y [&hellip;]<\/p>\n","protected":false},"author":2,"featured_media":0,"comment_status":"closed","ping_status":"closed","sticky":false,"template":"","format":"standard","meta":{"_jetpack_newsletter_access":"","_jetpack_dont_email_post_to_subs":false,"_jetpack_newsletter_tier_id":0,"_jetpack_memberships_contains_paywalled_content":false,"_jetpack_memberships_contains_paid_content":false,"footnotes":""},"categories":[70],"tags":[618,34379,1563,1432,17053,1850,1026,10353,3578,195],"class_list":["post-93126","post","type-post","status-publish","format-standard","hentry","category-de-opinion","tag-andres-manuel-lopez-obrador","tag-comision-nacional-de-elecciones-de-morena","tag-cuitlahuac-garcia-jimenez","tag-emilio-cardenas-escobosa","tag-esteban-ramirez-zepeta","tag-manuel-huerta-ladron-de-guevara","tag-morena","tag-ricardo-monreal","tag-rocio-nahle","tag-veracruz"],"jetpack_featured_media_url":"","jetpack_sharing_enabled":true,"jetpack_shortlink":"https:\/\/wp.me\/p4Qcd3-oe2","_links":{"self":[{"href":"https:\/\/lospoliticosveracruz.com.mx\/index.php?rest_route=\/wp\/v2\/posts\/93126","targetHints":{"allow":["GET"]}}],"collection":[{"href":"https:\/\/lospoliticosveracruz.com.mx\/index.php?rest_route=\/wp\/v2\/posts"}],"about":[{"href":"https:\/\/lospoliticosveracruz.com.mx\/index.php?rest_route=\/wp\/v2\/types\/post"}],"author":[{"embeddable":true,"href":"https:\/\/lospoliticosveracruz.com.mx\/index.php?rest_route=\/wp\/v2\/users\/2"}],"replies":[{"embeddable":true,"href":"https:\/\/lospoliticosveracruz.com.mx\/index.php?rest_route=%2Fwp%2Fv2%2Fcomments&post=93126"}],"version-history":[{"count":1,"href":"https:\/\/lospoliticosveracruz.com.mx\/index.php?rest_route=\/wp\/v2\/posts\/93126\/revisions"}],"predecessor-version":[{"id":93128,"href":"https:\/\/lospoliticosveracruz.com.mx\/index.php?rest_route=\/wp\/v2\/posts\/93126\/revisions\/93128"}],"wp:attachment":[{"href":"https:\/\/lospoliticosveracruz.com.mx\/index.php?rest_route=%2Fwp%2Fv2%2Fmedia&parent=93126"}],"wp:term":[{"taxonomy":"category","embeddable":true,"href":"https:\/\/lospoliticosveracruz.com.mx\/index.php?rest_route=%2Fwp%2Fv2%2Fcategories&post=93126"},{"taxonomy":"post_tag","embeddable":true,"href":"https:\/\/lospoliticosveracruz.com.mx\/index.php?rest_route=%2Fwp%2Fv2%2Ftags&post=93126"}],"curies":[{"name":"wp","href":"https:\/\/api.w.org\/{rel}","templated":true}]}}