{"id":93414,"date":"2022-08-03T11:43:10","date_gmt":"2022-08-03T16:43:10","guid":{"rendered":"https:\/\/lospoliticosveracruz.com.mx\/?p=93414"},"modified":"2022-08-03T11:43:19","modified_gmt":"2022-08-03T16:43:19","slug":"el-libre-albedrio","status":"publish","type":"post","link":"https:\/\/lospoliticosveracruz.com.mx\/?p=93414","title":{"rendered":"El libre albedr\u00edo"},"content":{"rendered":"\n<p><br><strong>Mar de Le\u00f3n<\/strong><br><em>Minuto<\/em><\/p>\n\n\n\n<p>Se hizo viral un video en Ecuador en el cual se ve que un repartidor fue multado porque no ten\u00eda puesto el casco. Les explic\u00f3 a los oficiales de tr\u00e1nsito, al borde del llanto por la desesperaci\u00f3n, que si no llegaba a tiempo no le pagar\u00edan y tendr\u00eda que poner \u00e9l de su bolsillo. A los oficiales no les import\u00f3 y remolcaron la moto del joven de todos modos.<br>Mientras el muchacho se entristec\u00eda pensando en c\u00f3mo arreglar su situaci\u00f3n, un hombre que lavaba su veh\u00edculo cerca de los hechos ocurridos vaci\u00f3 una cubeta con agua sucia, dejando por accidente al desafortunado muchacho empapado.<br>La casa a donde ten\u00eda que entregar el pedido estaba a unos metros de lo ocurrido por lo que el joven intent\u00f3 terminar su trabajo. Pero la clienta se neg\u00f3 a recibir la comida y menos pagarla porque ya hab\u00eda pasado mucho tiempo.<br>El repartidor ya estaba enojado hasta este punto. Un mendigo vio que la comida hab\u00eda sido rechazada y se acerc\u00f3 a ped\u00edrsela. Lleno de ira, naturalmente, el joven le respondi\u00f3 que se fuera, que estaba teniendo un mal d\u00eda, y el mendigo se alej\u00f3.<br>No pas\u00f3 ni un minuto para que el muchacho se diera cuenta de su error y procedi\u00f3 a brindarle la comida a \u00e9l y a su hija (una ni\u00f1a peque\u00f1a que acompa\u00f1aba al mendigo).<br>Al ver el gesto, la se\u00f1ora del pedido sali\u00f3 de inmediato para pagarle al joven la comida para recompensar la bondad. Los polic\u00edas tambi\u00e9n cambiaron de opini\u00f3n y le entregaron su moto, pidi\u00e9ndole diligentemente que usara el casco. Pero al momento de remolcarla se hab\u00eda averiado y tuvo que empujarla. El hombre que lavaba el auto vio el problema e intervino repar\u00e1ndola r\u00e1pidamente. El joven se fue en su moto feliz del lugar.<br>Feliz porque logr\u00f3 arreglar su situaci\u00f3n. Y fue tan sencillo (o complicado) como permitir que la raz\u00f3n triunfe sobre las emociones y no al rev\u00e9s.<\/p>\n\n\n\n<p>margl84@gmail.com<\/p>\n","protected":false},"excerpt":{"rendered":"<p>Mar de Le\u00f3nMinuto Se hizo viral un video en Ecuador en el cual se ve que un repartidor fue multado porque no ten\u00eda puesto el casco. Les explic\u00f3 a los oficiales de tr\u00e1nsito, al borde del llanto por la desesperaci\u00f3n, que si no llegaba a tiempo no le pagar\u00edan y tendr\u00eda que poner \u00e9l de [&hellip;]<\/p>\n","protected":false},"author":2,"featured_media":0,"comment_status":"closed","ping_status":"closed","sticky":false,"template":"","format":"standard","meta":{"_jetpack_newsletter_access":"","_jetpack_dont_email_post_to_subs":false,"_jetpack_newsletter_tier_id":0,"_jetpack_memberships_contains_paywalled_content":false,"_jetpack_memberships_contains_paid_content":false,"footnotes":""},"categories":[70],"tags":[34439,33538,32335],"class_list":["post-93414","post","type-post","status-publish","format-standard","hentry","category-de-opinion","tag-libre-albedrio","tag-mar-de-leon","tag-moto"],"jetpack_featured_media_url":"","jetpack_sharing_enabled":true,"jetpack_shortlink":"https:\/\/wp.me\/p4Qcd3-oiG","_links":{"self":[{"href":"https:\/\/lospoliticosveracruz.com.mx\/index.php?rest_route=\/wp\/v2\/posts\/93414","targetHints":{"allow":["GET"]}}],"collection":[{"href":"https:\/\/lospoliticosveracruz.com.mx\/index.php?rest_route=\/wp\/v2\/posts"}],"about":[{"href":"https:\/\/lospoliticosveracruz.com.mx\/index.php?rest_route=\/wp\/v2\/types\/post"}],"author":[{"embeddable":true,"href":"https:\/\/lospoliticosveracruz.com.mx\/index.php?rest_route=\/wp\/v2\/users\/2"}],"replies":[{"embeddable":true,"href":"https:\/\/lospoliticosveracruz.com.mx\/index.php?rest_route=%2Fwp%2Fv2%2Fcomments&post=93414"}],"version-history":[{"count":1,"href":"https:\/\/lospoliticosveracruz.com.mx\/index.php?rest_route=\/wp\/v2\/posts\/93414\/revisions"}],"predecessor-version":[{"id":93416,"href":"https:\/\/lospoliticosveracruz.com.mx\/index.php?rest_route=\/wp\/v2\/posts\/93414\/revisions\/93416"}],"wp:attachment":[{"href":"https:\/\/lospoliticosveracruz.com.mx\/index.php?rest_route=%2Fwp%2Fv2%2Fmedia&parent=93414"}],"wp:term":[{"taxonomy":"category","embeddable":true,"href":"https:\/\/lospoliticosveracruz.com.mx\/index.php?rest_route=%2Fwp%2Fv2%2Fcategories&post=93414"},{"taxonomy":"post_tag","embeddable":true,"href":"https:\/\/lospoliticosveracruz.com.mx\/index.php?rest_route=%2Fwp%2Fv2%2Ftags&post=93414"}],"curies":[{"name":"wp","href":"https:\/\/api.w.org\/{rel}","templated":true}]}}