{"id":93470,"date":"2022-08-04T10:15:00","date_gmt":"2022-08-04T15:15:00","guid":{"rendered":"https:\/\/lospoliticosveracruz.com.mx\/?p=93470"},"modified":"2022-08-04T10:15:09","modified_gmt":"2022-08-04T15:15:09","slug":"el-hospital-de-misantla","status":"publish","type":"post","link":"https:\/\/lospoliticosveracruz.com.mx\/?p=93470","title":{"rendered":"El hospital de Misantla"},"content":{"rendered":"\n<p><\/p>\n\n\n\n<p><\/p>\n\n\n\n<p><strong>Sergio Gonz\u00e1lez Levet<\/strong><br><em>Sin tacto<\/em><\/p>\n\n\n\n<p>Hace diez a\u00f1os, cuando viv\u00edamos los tiempos cicl\u00f3nicos del gobernador Duarte en que los dineros volaban y las obras se quedaban sin terminar, ah\u00ed abandonadas por obra y gracia de la desviaci\u00f3n presupuestal, tan af\u00edn a esos tiempos, se dio la orden de que se empezara a construir un nuevo hospital para Misantla.<br>\u200bY as\u00ed se hizo\u2026 el comienzo.<\/p>\n\n\n\n<figure class=\"wp-block-image size-full\"><a href=\"https:\/\/lospoliticosveracruz.com.mx\/wp-content\/uploads\/2022\/05\/Seguro-Julio-Cerecedo.jpg\"><img decoding=\"async\" src=\"https:\/\/lospoliticosveracruz.com.mx\/wp-content\/uploads\/2022\/05\/Seguro-Julio-Cerecedo.jpg\" alt=\"\" class=\"wp-image-90414\"\/><\/a><\/figure>\n\n\n\n<p><br>\u200bDicen mis paisanos que el proyecto naci\u00f3 encantado, no obstante que todos estaban encantados con la idea de un nosocomio que tanta falta hac\u00eda urbis et orbi. Y es que desde el principio las cosas se empezaron a hacer mal, porque el terreno que se destin\u00f3 ten\u00eda el peligro de que estaba muy cercano al r\u00edo, en la parte baja, aunque un poco alejado. Pero all\u00e1 todos sabemos que nuestro torrente bienhechor no tiene mucha palabra que digamos, y de cuando en cuando se sale de madre y se va de visita por las casas y los edificios que no est\u00e9n en las alturas del centro o de la Colonia Benito Ju\u00e1rez, por ejemplo.<br>\u200bPero bueno, el hospital se empez\u00f3 a edificar y vieron los ingenieros que pod\u00edan llegar a un acuerdo con el r\u00edo, convencerlo por medio de desviaciones y contenciones, de modo que no se metiera con esa infraestructura destinada a tan noble fin.<br>\u200bSin embargo, el futuro pertenece al conocimiento que Dios se reserva para s\u00ed mismo, y nadie lo conoce excepto si \u00e9l se lo revela. As\u00ed que los misantecos nunca atendieron a que la obra iniciada con tan buenos augurios de pronto se detendr\u00eda, por la falta de recursos, descarriados qui\u00e9n sabe a d\u00f3nde, y un mal d\u00eda todo se detuvo. Los alarifes dejaron de acudir, las m\u00e1quinas callaron y la promesa de hospital se qued\u00f3 en obra negra, sin remediar lo tan bien que iba y lo tan bien que se estaba haciendo.<br>\u200bUna d\u00e9cada despu\u00e9s, un aire de ilusi\u00f3n vuelve a nacer porque en el pueblo se enteraron que el Gobernador hab\u00eda terminado el hospital de Perote, que estaba en las mismas condiciones.<br>\u200bFue Cuitl\u00e1huac a Misantla y no dejaron de llevarlo a ese monumento al dispendio, a lo mal planeado, que es una forma acabada de la corrupci\u00f3n. El alcalde Javier Hern\u00e1ndez Candanedo le habl\u00f3 al o\u00eddo, lo convenci\u00f3 con sus mejores razones para la obra fuera amor y fue escuchado.<br>\u200bAhora los misantecos se disponen a contestar en una consulta popular (tan de moda) que s\u00ed quieren el nuevo hospital y que le entrar\u00e1n con su apoyo para que sea uno de primer nivel, que d\u00e9 tratamiento a la extensa regi\u00f3n que rodea a la Se\u00f1orial.<br>\u200bHace diez a\u00f1os, la CROM local hab\u00eda propuesto que el hospital llevara el nombre del Doctor Camilo Gonz\u00e1lez, un m\u00e9dico que fue tan bueno durante los 50 a\u00f1os en que ejerci\u00f3 su vocaci\u00f3n que est\u00e1n seguros de que si le ponen ese nombre, el hospital nunca se va a inundar.<br>\u200bY s\u00ed, el doctor Camilo fue mi padre, a mucha honra.<\/p>\n\n\n\n<p>sglevet@gmail.com<\/p>\n","protected":false},"excerpt":{"rendered":"<p>Sergio Gonz\u00e1lez LevetSin tacto Hace diez a\u00f1os, cuando viv\u00edamos los tiempos cicl\u00f3nicos del gobernador Duarte en que los dineros volaban y las obras se quedaban sin terminar, ah\u00ed abandonadas por obra y gracia de la desviaci\u00f3n presupuestal, tan af\u00edn a esos tiempos, se dio la orden de que se empezara a construir un nuevo hospital [&hellip;]<\/p>\n","protected":false},"author":2,"featured_media":0,"comment_status":"closed","ping_status":"closed","sticky":false,"template":"","format":"standard","meta":{"_jetpack_newsletter_access":"","_jetpack_dont_email_post_to_subs":false,"_jetpack_newsletter_tier_id":0,"_jetpack_memberships_contains_paywalled_content":false,"_jetpack_memberships_contains_paid_content":false,"footnotes":""},"categories":[70],"tags":[1563,34452,34454,34453,27473,201,1026,1282,195],"class_list":["post-93470","post","type-post","status-publish","format-standard","hentry","category-de-opinion","tag-cuitlahuac-garcia-jimenez","tag-doctor-camilo-gonzalez","tag-hospital-de-misantla","tag-hospital-de-perote","tag-javier-hernandez-candanedo","tag-misantla","tag-morena","tag-sergio-gonzalez-levet","tag-veracruz"],"jetpack_featured_media_url":"","jetpack_sharing_enabled":true,"jetpack_shortlink":"https:\/\/wp.me\/p4Qcd3-ojA","_links":{"self":[{"href":"https:\/\/lospoliticosveracruz.com.mx\/index.php?rest_route=\/wp\/v2\/posts\/93470","targetHints":{"allow":["GET"]}}],"collection":[{"href":"https:\/\/lospoliticosveracruz.com.mx\/index.php?rest_route=\/wp\/v2\/posts"}],"about":[{"href":"https:\/\/lospoliticosveracruz.com.mx\/index.php?rest_route=\/wp\/v2\/types\/post"}],"author":[{"embeddable":true,"href":"https:\/\/lospoliticosveracruz.com.mx\/index.php?rest_route=\/wp\/v2\/users\/2"}],"replies":[{"embeddable":true,"href":"https:\/\/lospoliticosveracruz.com.mx\/index.php?rest_route=%2Fwp%2Fv2%2Fcomments&post=93470"}],"version-history":[{"count":1,"href":"https:\/\/lospoliticosveracruz.com.mx\/index.php?rest_route=\/wp\/v2\/posts\/93470\/revisions"}],"predecessor-version":[{"id":93472,"href":"https:\/\/lospoliticosveracruz.com.mx\/index.php?rest_route=\/wp\/v2\/posts\/93470\/revisions\/93472"}],"wp:attachment":[{"href":"https:\/\/lospoliticosveracruz.com.mx\/index.php?rest_route=%2Fwp%2Fv2%2Fmedia&parent=93470"}],"wp:term":[{"taxonomy":"category","embeddable":true,"href":"https:\/\/lospoliticosveracruz.com.mx\/index.php?rest_route=%2Fwp%2Fv2%2Fcategories&post=93470"},{"taxonomy":"post_tag","embeddable":true,"href":"https:\/\/lospoliticosveracruz.com.mx\/index.php?rest_route=%2Fwp%2Fv2%2Ftags&post=93470"}],"curies":[{"name":"wp","href":"https:\/\/api.w.org\/{rel}","templated":true}]}}