{"id":9361,"date":"2008-10-08T00:44:00","date_gmt":"2008-10-08T00:44:00","guid":{"rendered":"http:\/\/www.lospoliticosveracruz.com.mx\/?p=9361"},"modified":"2014-10-08T21:02:53","modified_gmt":"2014-10-08T21:02:53","slug":"aparece-el-zeta-mayor-en-poza-rica","status":"publish","type":"post","link":"https:\/\/lospoliticosveracruz.com.mx\/?p=9361","title":{"rendered":"Aparece el Zeta mayor en Poza Rica"},"content":{"rendered":"<p>La corresponsal de guerra A\u00edda Ram\u00edrez capt\u00f3 esta imagen terror\u00edfica en la ciudad de Poza Rica&#8230; bien  merece el Pullitzer por su valor&#8230;<\/p>\n<p><a href=\"http:\/\/www.lospoliticosveracruz.com.mx\/wp-content\/uploads\/2008\/10\/Zeta-PR.jpg\"><img decoding=\"async\" style=\"display:block; margin:0px auto 10px; text-align:center;cursor:pointer; cursor:hand;\" src=\"http:\/\/www.lospoliticosveracruz.com.mx\/wp-content\/uploads\/2008\/10\/Zeta-PR-300x225.jpg\" border=\"0\" alt=\"\"id=\"BLOGGER_PHOTO_ID_5254579718273541074\" \/><\/a><\/p>\n","protected":false},"excerpt":{"rendered":"<p>La corresponsal de guerra A\u00edda Ram\u00edrez capt\u00f3 esta imagen terror\u00edfica en la ciudad de Poza Rica&#8230; bien merece el Pullitzer por su valor&#8230;<\/p>\n","protected":false},"author":1,"featured_media":0,"comment_status":"open","ping_status":"open","sticky":false,"template":"","format":"standard","meta":{"_jetpack_newsletter_access":"","_jetpack_dont_email_post_to_subs":false,"_jetpack_newsletter_tier_id":0,"_jetpack_memberships_contains_paywalled_content":false,"_jetpack_memberships_contains_paid_content":false,"footnotes":""},"categories":[1],"tags":[],"class_list":["post-9361","post","type-post","status-publish","format-standard","hentry","category-sin-categoria"],"jetpack_featured_media_url":"","jetpack_sharing_enabled":true,"jetpack_shortlink":"https:\/\/wp.me\/p4Qcd3-2qZ","_links":{"self":[{"href":"https:\/\/lospoliticosveracruz.com.mx\/index.php?rest_route=\/wp\/v2\/posts\/9361","targetHints":{"allow":["GET"]}}],"collection":[{"href":"https:\/\/lospoliticosveracruz.com.mx\/index.php?rest_route=\/wp\/v2\/posts"}],"about":[{"href":"https:\/\/lospoliticosveracruz.com.mx\/index.php?rest_route=\/wp\/v2\/types\/post"}],"author":[{"embeddable":true,"href":"https:\/\/lospoliticosveracruz.com.mx\/index.php?rest_route=\/wp\/v2\/users\/1"}],"replies":[{"embeddable":true,"href":"https:\/\/lospoliticosveracruz.com.mx\/index.php?rest_route=%2Fwp%2Fv2%2Fcomments&post=9361"}],"version-history":[{"count":0,"href":"https:\/\/lospoliticosveracruz.com.mx\/index.php?rest_route=\/wp\/v2\/posts\/9361\/revisions"}],"wp:attachment":[{"href":"https:\/\/lospoliticosveracruz.com.mx\/index.php?rest_route=%2Fwp%2Fv2%2Fmedia&parent=9361"}],"wp:term":[{"taxonomy":"category","embeddable":true,"href":"https:\/\/lospoliticosveracruz.com.mx\/index.php?rest_route=%2Fwp%2Fv2%2Fcategories&post=9361"},{"taxonomy":"post_tag","embeddable":true,"href":"https:\/\/lospoliticosveracruz.com.mx\/index.php?rest_route=%2Fwp%2Fv2%2Ftags&post=9361"}],"curies":[{"name":"wp","href":"https:\/\/api.w.org\/{rel}","templated":true}]}}