{"id":94052,"date":"2022-08-17T02:00:00","date_gmt":"2022-08-17T07:00:00","guid":{"rendered":"https:\/\/lospoliticosveracruz.com.mx\/?p=94052"},"modified":"2022-08-16T14:07:13","modified_gmt":"2022-08-16T19:07:13","slug":"mayazo","status":"publish","type":"post","link":"https:\/\/lospoliticosveracruz.com.mx\/?p=94052","title":{"rendered":"Mayazo"},"content":{"rendered":"\n<p><\/p>\n\n\n\n<p><strong>Guadalupe H. Mar<\/strong><\/p>\n\n\n\n<p><em>Mira Pol\u00edtica<\/em><\/p>\n\n\n\n<p><strong>AL ESTILO DEL TREN MAYA<\/strong>\u00a0\u2026 Desde noviembre del a\u00f1o pasado, la Secretar\u00eda de Infraestructura y Obra P\u00fablica (SIOP) del gobierno del estado de Veracruz, lanz\u00f3 la licitaci\u00f3n p\u00fablica estatal LPE-112T00000-6000-022-2021, para la construcci\u00f3n de la Torre \u201cOrgullo Veracruzano\u201d, en la ciudad de Xalapa, inmueble que albergar\u00e1 oficinas\u00a0de la Secretar\u00eda de Protecci\u00f3n Civil (PC) y de una direcci\u00f3n de la Secretar\u00eda de Educaci\u00f3n de Veracruz(SEV).<\/p>\n\n\n\n<figure class=\"wp-block-embed is-type-video is-provider-youtube wp-block-embed-youtube wp-embed-aspect-16-9 wp-has-aspect-ratio\"><div class=\"wp-block-embed__wrapper\">\n<span class=\"embed-youtube\" style=\"text-align:center; display: block;\"><iframe loading=\"lazy\" class=\"youtube-player\" width=\"750\" height=\"422\" src=\"https:\/\/www.youtube.com\/embed\/Nxe-vxf8GuY?version=3&#038;rel=1&#038;showsearch=0&#038;showinfo=1&#038;iv_load_policy=1&#038;fs=1&#038;hl=es-ES&#038;autohide=2&#038;wmode=transparent\" allowfullscreen=\"true\" style=\"border:0;\" sandbox=\"allow-scripts allow-same-origin allow-popups allow-presentation allow-popups-to-escape-sandbox\"><\/iframe><\/span>\n<\/div><\/figure>\n\n\n\n<p>La pretensi\u00f3n es&nbsp;desocupar algunas&nbsp;oficinas&nbsp;por las que pagan hasta dos millones de pesos mensuales de renta.<\/p>\n\n\n\n<p>Los trabajos de la torre iniciaron a&nbsp;finales del a\u00f1o pasado, pero qu\u00e9&nbsp;cree amable lector, apenas este lunes 14 de agosto,&nbsp;nueve&nbsp;meses despu\u00e9s de iniciada la obra, el cabildo del municipio de Xalapa aprob\u00f3 el cambio de uso de suelo del&nbsp;terreno propiedad del gobierno del estado, ubicado en el bulevar Xalapa-Banderilla, donde se edifica la torre burocr\u00e1tica en la que se invierten casi 100 millones de pesos.<\/p>\n\n\n\n<p>Para que entendamos el meollo del asunto, esto de la construcci\u00f3n de la Torre \u201cOrgullo Veracruzano\u201d, es el mismo esquema que se aplic\u00f3 en el Tren Maya, donde primero tiraron \u00e1rboles, abrieron bosques y rellenaron humedales, para despu\u00e9s, pero mucho despu\u00e9s, obtener los permisos correspondientes.<\/p>\n\n\n\n<p>As\u00ed en Xalapa, los de la SIOP del gobierno del estado de Veracruz iniciaron la construcci\u00f3n de la torre, excavaron profundo, al estilo de los del Tren Maya y de la Torre Centro de la ciudad de Veracruz y nueve meses despu\u00e9s, obtuvieron el cambio de uso de suelo. Obvio, ese es el sello de la casa.<\/p>\n\n\n\n<p><strong>AL SERVICIO DEL PATR\u00d3N<\/strong>\u2026 Tambi\u00e9n al estilo del Tren Maya, los de la Procuradur\u00eda Federal de Protecci\u00f3n al Ambiente del gobierno federal (Profepa),&nbsp;dictaminaron, tras detallada inspecci\u00f3n, que no hubo da\u00f1o ambiental en el relleno del \u00c1rea Natural Protegida (ANP) \u201cSistema Lagunar Basurero\u201d, al norte de la ciudad de Veracruz, declarada como tal en noviembre de&nbsp;2016.<\/p>\n\n\n\n<p>Recordar\u00e1n que el maestro en Derecho Ambiental, ex regidor del ramo ambiental del ayuntamiento&nbsp;de Veracruz y ex inspector de&nbsp;Profepa, Jos\u00e9 Gonz\u00e1lez Mart\u00ednez, present\u00f3 denuncia formal ante la Fiscal\u00eda General de la Rep\u00fablica (FGR), en contra de quien o quienes resultaran responsables por otorgar las autorizaciones y rellenar este humedal, para construir en su lugar una gran plancha de concreto que servir\u00e1 de patio para contenedores.<\/p>\n\n\n\n<p>Por el simple hecho de ser un \u00c1rea Natural Protegida con decreto estatal y haber rellenado la laguna, debi\u00f3 intervenir la Fiscal\u00eda General del estado de Veracruz (FGEVER) en contra de los funcionarios del gobierno del estado que autorizaron la obra. Sin embargo, el olmo no da peras.<\/p>\n\n\n\n<p>Pero volviendo&nbsp;al tema inicial, la que no se midi\u00f3 fue la Profepa,&nbsp;cuyos inspectores no vieron da\u00f1o ambiental alguno y al determinarlo as\u00ed, se invalid\u00f3 la demanda que el maestro Jos\u00e9 Gonz\u00e1lez Mart\u00ednez present\u00f3 ante la FGR.<\/p>\n\n\n\n<p>Por ello amables lectores, el t\u00e9rmino \u201cMayazo\u201d para referirse a casos como el de la torre \u201cOrgullo Veracruzano\u201d y el del relleno del \u00c1rea Natural Protegida (ANP) \u201cSistema Lagunar Basurero\u201d, al norte de la ciudad de Veracruz, declarada&nbsp;como tal en noviembre de 2016, donde&nbsp;los inspectores de la Procuradur\u00eda Federal de Protecci\u00f3n al Ambiente no vieron, como no han visto la depredaci\u00f3n para&nbsp;la construcci\u00f3n&nbsp;del Tren Maya.<\/p>\n\n\n\n<p><strong>CINCO SIGLOS<\/strong>&nbsp;\u2026 El pr\u00f3ximo martes 11 de octubre, se presentar\u00e1n los libros \u201cVeracruz. Puerta de cinco siglos (1519-2019)\u201d y \u201cM\u00e9xico en dos tiempos (1521\/1821)\u201d, editados por la Universidad Veracruzana, presentaci\u00f3n que estar\u00e1 a cargo de los especialistas Ricardo Teodoro Alejandrez; Marcela Prado Revuelta (Universidad Veracruzana)&nbsp;y Mar\u00eda del Carmen Mart\u00ednez Mart\u00ednez (Universidad de Valladolid).<\/p>\n\n\n\n<p>La Fundaci\u00f3n Casa de M\u00e9xico en Espa\u00f1a, ha dado a conocer que en el marco de los 500 a\u00f1os de la Fundaci\u00f3n del Cabildo de la Villa Rica de la Vera Cruz, la conmemoraci\u00f3n del quinto centenario de la ca\u00edda de M\u00e9xico-Tenochtitlan y el bicentenario de la consumaci\u00f3n de la Independencia de M\u00e9xico en 2021, la Universidad Veracruzana publica estos libros que se caracterizan por la riqueza y la originalidad de sus temas y enfoques, la pluralidad de las miradas e interpretaciones que ofrecen los autores&nbsp;y el soporte gr\u00e1fico y documental que da calidad a los contenidos.Bien.&nbsp;<\/p>\n\n\n\n<p><strong>D\u00cdGALO SIN MIEDO<\/strong>&nbsp;\u2026 Al correo electr\u00f3nico<a href=\"mailto:guadalupehmar@yahoo.com\">guadalupehmar@yahoo.com<\/a><\/p>\n","protected":false},"excerpt":{"rendered":"<p>Guadalupe H. Mar Mira Pol\u00edtica AL ESTILO DEL TREN MAYA\u00a0\u2026 Desde noviembre del a\u00f1o pasado, la Secretar\u00eda de Infraestructura y Obra P\u00fablica (SIOP) del gobierno del estado de Veracruz, lanz\u00f3 la licitaci\u00f3n p\u00fablica estatal LPE-112T00000-6000-022-2021, para la construcci\u00f3n de la Torre \u201cOrgullo Veracruzano\u201d, en la ciudad de Xalapa, inmueble que albergar\u00e1 oficinas\u00a0de la Secretar\u00eda de [&hellip;]<\/p>\n","protected":false},"author":2,"featured_media":0,"comment_status":"closed","ping_status":"closed","sticky":false,"template":"","format":"standard","meta":{"_jetpack_newsletter_access":"","_jetpack_dont_email_post_to_subs":false,"_jetpack_newsletter_tier_id":0,"_jetpack_memberships_contains_paywalled_content":false,"_jetpack_memberships_contains_paid_content":false,"footnotes":""},"categories":[70],"tags":[34602,24159,1606,33428,1026,17791,4907,206,2812,88,342,34597,13466,96],"class_list":["post-94052","post","type-post","status-publish","format-standard","hentry","category-de-opinion","tag-dano-ambiental","tag-fiscalia-general-del-estado-de-veracruz","tag-guadalupe-h-mar","tag-jose-gonzalez-martinez","tag-morena","tag-procuraduria-del-medio-ambiente","tag-profepa","tag-proteccion-civil","tag-ricardo-ahued-bardahuil","tag-sev","tag-siop","tag-torre-orgullo-veracruzano","tag-tren-maya","tag-xalapa"],"jetpack_featured_media_url":"","jetpack_sharing_enabled":true,"jetpack_shortlink":"https:\/\/wp.me\/s4Qcd3-mayazo","_links":{"self":[{"href":"https:\/\/lospoliticosveracruz.com.mx\/index.php?rest_route=\/wp\/v2\/posts\/94052","targetHints":{"allow":["GET"]}}],"collection":[{"href":"https:\/\/lospoliticosveracruz.com.mx\/index.php?rest_route=\/wp\/v2\/posts"}],"about":[{"href":"https:\/\/lospoliticosveracruz.com.mx\/index.php?rest_route=\/wp\/v2\/types\/post"}],"author":[{"embeddable":true,"href":"https:\/\/lospoliticosveracruz.com.mx\/index.php?rest_route=\/wp\/v2\/users\/2"}],"replies":[{"embeddable":true,"href":"https:\/\/lospoliticosveracruz.com.mx\/index.php?rest_route=%2Fwp%2Fv2%2Fcomments&post=94052"}],"version-history":[{"count":3,"href":"https:\/\/lospoliticosveracruz.com.mx\/index.php?rest_route=\/wp\/v2\/posts\/94052\/revisions"}],"predecessor-version":[{"id":94055,"href":"https:\/\/lospoliticosveracruz.com.mx\/index.php?rest_route=\/wp\/v2\/posts\/94052\/revisions\/94055"}],"wp:attachment":[{"href":"https:\/\/lospoliticosveracruz.com.mx\/index.php?rest_route=%2Fwp%2Fv2%2Fmedia&parent=94052"}],"wp:term":[{"taxonomy":"category","embeddable":true,"href":"https:\/\/lospoliticosveracruz.com.mx\/index.php?rest_route=%2Fwp%2Fv2%2Fcategories&post=94052"},{"taxonomy":"post_tag","embeddable":true,"href":"https:\/\/lospoliticosveracruz.com.mx\/index.php?rest_route=%2Fwp%2Fv2%2Ftags&post=94052"}],"curies":[{"name":"wp","href":"https:\/\/api.w.org\/{rel}","templated":true}]}}