{"id":94084,"date":"2022-08-17T07:51:38","date_gmt":"2022-08-17T12:51:38","guid":{"rendered":"https:\/\/lospoliticosveracruz.com.mx\/?p=94084"},"modified":"2022-08-17T07:51:51","modified_gmt":"2022-08-17T12:51:51","slug":"el-depredador-y-su-malevolo-titere","status":"publish","type":"post","link":"https:\/\/lospoliticosveracruz.com.mx\/?p=94084","title":{"rendered":"El depredador y su mal\u00e9volo t\u00edtere"},"content":{"rendered":"\n<p><br><strong>Bernardo Guti\u00e9rrez Parra<\/strong><br><em>Desde el Caf\u00e9<\/em><\/p>\n\n\n\n<p>No s\u00e9 tu lector, pero tengo la ligera sospecha de que al menos en este sexenio nos quedaremos con las ganas de tener un servicio de salud como en Dinamarca, por mucho que L\u00f3pez Obrador siga dor\u00e1ndonos la p\u00edldora. Sobre todo cuando uno de los graves problemas es el desabasto de medicamentos.<\/p>\n\n\n\n<div class=\"wp-block-image\"><figure class=\"alignleft size-medium\"><a href=\"https:\/\/lospoliticosveracruz.com.mx\/wp-content\/uploads\/2021\/10\/Zacauilt.jpg\"><img decoding=\"async\" src=\"https:\/\/lospoliticosveracruz.com.mx\/wp-content\/uploads\/2021\/10\/Zacauilt-150x300.jpg\" alt=\"\" class=\"wp-image-80558\"\/><\/a><\/figure><\/div>\n\n\n\n<p>En febrero, abril, junio, octubre y noviembre del 2021 Andr\u00e9s Manuel asegur\u00f3 que pronto se cubrir\u00eda el desabasto. Pero cuando un reportero le pidi\u00f3 que fuera m\u00e1s espec\u00edfico con la fecha, le regal\u00f3 en respuesta una de sus enigm\u00e1ticas sonrisas.<\/p>\n\n\n\n<p>El 9 de junio de este a\u00f1o afirm\u00f3 que los hospitales ten\u00edan un 90% de abasto y como siempre fue m\u00e1s all\u00e1; se comprometi\u00f3 a que (ahora s\u00ed) dentro de un a\u00f1o, M\u00e9xico contar\u00e1 con un sistema de salud que rayar\u00e1 en lo perfecto.<\/p>\n\n\n\n<p>\u201cEse sistema va a funcionar a la perfecci\u00f3n, ese es el compromiso que tenemos. Puedo decir hoy que ya tenemos el 90 por ciento de abasto de medicamentos\u2026 Cuando llegamos no hab\u00eda ni la mitad, lo que hab\u00eda era una gran corrupci\u00f3n en la compra de medicamentos, por eso se nos lanzaron muy fuerte pero ya estamos a punto de resolverlo. No pudieron los corruptos\u201d.<\/p>\n\n\n\n<p>Puro choro. La \u00faltima vez que hubo abasto en los hospitales del pa\u00eds fue en la segunda mitad del 2018 cuando todav\u00eda gobernaba Pe\u00f1a Nieto. De entonces a la fecha\u2026 \u00a1puag!<\/p>\n\n\n\n<p>Se supone que en este sexenio todos los mexicanos con trabajo o sin \u00e9l tendr\u00edan IMSS o ISSSTE pero no es as\u00ed. M\u00e1s de la mitad de la poblaci\u00f3n econ\u00f3micamente activa carece de seguridad social, por lo que cuando se enferman acuden a un consultorio popular donde la consulta cuesta 50 pesos, contra 700 que es lo que cobra en promedio un m\u00e9dico particular y donde adem\u00e1s, las medicinas son infinitamente m\u00e1s baratas que las de patente.<\/p>\n\n\n\n<p>Esto no le gust\u00f3 al h\u00e9roe del combate al Covid, Hugo L\u00f3pez-Gatell que los descalific\u00f3 al manifestar que si bien esos consultorios cubren una necesidad, lo hacen en condiciones precarias tanto para los pacientes como para los m\u00e9dicos.<\/p>\n\n\n\n<p>\u201cPero no podemos cancelarlos de tajo. Lo deseable es que no existan en la medida en que el sistema p\u00fablico garantice la gratuidad, la universalidad, que todo mundo tenga acceso (a la seguridad social) y desde luego que la calidad sea atractiva para el pueblo\u201d. Es decir, cuando seamos como Dinamarca.<\/p>\n\n\n\n<p>Donde no se midi\u00f3 fue al manifestar que pacientes con Covid que fueron atendidos en esos consultorios murieron a causa del abuso de antibi\u00f3ticos.<\/p>\n\n\n\n<p>\u00bfDe d\u00f3nde sac\u00f3 el dato? De su cochambrosa mente.<\/p>\n\n\n\n<p>De acuerdo con informaci\u00f3n dada a conocer por la propia Secretar\u00eda de Salud, el n\u00famero de pacientes con Covid que recibi\u00f3 atenci\u00f3n m\u00e9dica en consultorios anexos a farmacias fue del 11%, apenas uno de cada diez.<\/p>\n\n\n\n<p>Si se toma como base que el n\u00famero de fallecidos oficialmente es de 500 mil, quiz\u00e1 el n\u00famero de atendidos en consultorios populares fue de 50 mil. En el hipot\u00e9tico caso de que hubiera muerto la mitad, se habr\u00eda armado un esc\u00e1ndalo nacional y esos consultorios junto con las farmacias estar\u00edan cerrados.<\/p>\n\n\n\n<p>Lo que dijo L\u00f3pez-Gatell es una flagrante mentira, pero justo es se\u00f1alar que jam\u00e1s se suelta de la lengua si no es con la anuencia o por orden de su amo.<\/p>\n\n\n\n<p>Mientras dec\u00eda su sarta de barbaridades era escuchado con atenci\u00f3n por su patr\u00f3n L\u00f3pez Obrador. Y no es que uno quiera pensar mal, pero \u00bfser\u00e1 que el tabasque\u00f1o le \u201csugiri\u00f3\u201d soltar el calambre?<\/p>\n\n\n\n<p>Despu\u00e9s de escuchar a Hugo, nada me va a extra\u00f1ar si un d\u00eda me entero que el SAT anda detr\u00e1s de esas farmacias. Lo que ser\u00eda otro duro golpe del presidente a los que menos tienen y prometi\u00f3 ayudar. Pero a los que cada vez que les da un peso les quita cien. Y van los ejemplos.<\/p>\n\n\n\n<p>Quit\u00f3 las estancias infantiles, las escuelas de tiempo completo, las medicinas para los ni\u00f1os con c\u00e1ncer, los medicamentos para enfermos de VIH, las casas donde se proteg\u00eda a las mujeres que sufren de violencia intrafamiliar y por lo que parlote\u00f3 L\u00f3pez-Gatell, ahora le quiere quitar m\u00e9dicos y medicinas a quienes carecen de asistencia social.<\/p>\n\n\n\n<p>En ese sentido y vi\u00e9ndolo con objetividad, Andr\u00e9s Manuel se ha convertido en un depredador. Y L\u00f3pez-Gatell en su mal\u00e9volo t\u00edtere.<\/p>\n\n\n\n<p>Hasta la fecha sigue desde\u00f1ando el uso del cubrebocas, le regate\u00f3 por meses las vacunas a los ni\u00f1os y tiene en el abandono a los hospitales. \u00bfResultado? M\u00e1s de medio mill\u00f3n de muertos por la pandemia.<\/p>\n\n\n\n<p>Vaya con este par.<\/p>\n\n\n\n<p>En lo personal lector, ya no deseo un servicio de salud como el de Dinamarca, me conformo con el que ten\u00edamos antes. \u00bfQue ten\u00eda sus asegunes?, s\u00ed. Pero de que era m\u00e1s eficiente que lo que tenemos hoy, eso ni duda cabe.<\/p>\n\n\n\n<p>bernardogup@hotmail.com<\/p>\n","protected":false},"excerpt":{"rendered":"<p>Bernardo Guti\u00e9rrez ParraDesde el Caf\u00e9 No s\u00e9 tu lector, pero tengo la ligera sospecha de que al menos en este sexenio nos quedaremos con las ganas de tener un servicio de salud como en Dinamarca, por mucho que L\u00f3pez Obrador siga dor\u00e1ndonos la p\u00edldora. Sobre todo cuando uno de los graves problemas es el desabasto [&hellip;]<\/p>\n","protected":false},"author":2,"featured_media":0,"comment_status":"closed","ping_status":"closed","sticky":false,"template":"","format":"standard","meta":{"_jetpack_newsletter_access":"","_jetpack_dont_email_post_to_subs":false,"_jetpack_newsletter_tier_id":0,"_jetpack_memberships_contains_paywalled_content":false,"_jetpack_memberships_contains_paid_content":false,"footnotes":""},"categories":[70],"tags":[618,34206,14599,15727,16671,1026],"class_list":["post-94084","post","type-post","status-publish","format-standard","hentry","category-de-opinion","tag-andres-manuel-lopez-obrador","tag-bernardo-gutierrez-parra","tag-desabasto-de-medicamentos","tag-farmacias-similares","tag-hugo-lopez-gatell","tag-morena"],"jetpack_featured_media_url":"","jetpack_sharing_enabled":true,"jetpack_shortlink":"https:\/\/wp.me\/p4Qcd3-otu","_links":{"self":[{"href":"https:\/\/lospoliticosveracruz.com.mx\/index.php?rest_route=\/wp\/v2\/posts\/94084","targetHints":{"allow":["GET"]}}],"collection":[{"href":"https:\/\/lospoliticosveracruz.com.mx\/index.php?rest_route=\/wp\/v2\/posts"}],"about":[{"href":"https:\/\/lospoliticosveracruz.com.mx\/index.php?rest_route=\/wp\/v2\/types\/post"}],"author":[{"embeddable":true,"href":"https:\/\/lospoliticosveracruz.com.mx\/index.php?rest_route=\/wp\/v2\/users\/2"}],"replies":[{"embeddable":true,"href":"https:\/\/lospoliticosveracruz.com.mx\/index.php?rest_route=%2Fwp%2Fv2%2Fcomments&post=94084"}],"version-history":[{"count":1,"href":"https:\/\/lospoliticosveracruz.com.mx\/index.php?rest_route=\/wp\/v2\/posts\/94084\/revisions"}],"predecessor-version":[{"id":94088,"href":"https:\/\/lospoliticosveracruz.com.mx\/index.php?rest_route=\/wp\/v2\/posts\/94084\/revisions\/94088"}],"wp:attachment":[{"href":"https:\/\/lospoliticosveracruz.com.mx\/index.php?rest_route=%2Fwp%2Fv2%2Fmedia&parent=94084"}],"wp:term":[{"taxonomy":"category","embeddable":true,"href":"https:\/\/lospoliticosveracruz.com.mx\/index.php?rest_route=%2Fwp%2Fv2%2Fcategories&post=94084"},{"taxonomy":"post_tag","embeddable":true,"href":"https:\/\/lospoliticosveracruz.com.mx\/index.php?rest_route=%2Fwp%2Fv2%2Ftags&post=94084"}],"curies":[{"name":"wp","href":"https:\/\/api.w.org\/{rel}","templated":true}]}}