{"id":94091,"date":"2022-08-17T07:59:34","date_gmt":"2022-08-17T12:59:34","guid":{"rendered":"https:\/\/lospoliticosveracruz.com.mx\/?p=94091"},"modified":"2022-08-17T07:59:43","modified_gmt":"2022-08-17T12:59:43","slug":"exclusiva-de-cuic","status":"publish","type":"post","link":"https:\/\/lospoliticosveracruz.com.mx\/?p=94091","title":{"rendered":"Exclusiva de Cuic!"},"content":{"rendered":"\n<p><\/p>\n\n\n\n<p><br><strong>Ricardo Ch\u00faa<\/strong><br><em>Sale y Vale<\/em><\/p>\n\n\n\n<p>Si no hay cambios de \u00faltimo momento\u2026 Se rumora al interior de Palacio de Gobierno en Xalapa\u2026 Que el gobernador, Cuitl\u00e1huac Garc\u00eda podr\u00eda anunciar \u00abENROQUES\u00bb dentro del gabinete estatal en los pr\u00f3ximos d\u00edas\u2026 Todo con el af\u00e1n de fortalecer a sus aliados para el tema sucesorio en Veracruz en 2024\u2026 En pocas palabras, gente cercana a la secretaria de Energ\u00eda federal, Roc\u00edo Nahle, presuntamente, estar\u00eda llegando a este puesto\u2026 QUI\u00c9N SE VA\u2026 Normal, empieza a terminar la \u00abEra Cuitl\u00e1huac\u00bb\u2026<\/p>\n\n\n\n<div class=\"wp-block-image\"><figure class=\"alignleft size-medium\"><a href=\"https:\/\/lospoliticosveracruz.com.mx\/wp-content\/uploads\/2021\/10\/WhatsApp-Image-2021-10-02-at-15.20.25.jpeg\"><img loading=\"lazy\" decoding=\"async\" width=\"212\" height=\"300\" src=\"https:\/\/lospoliticosveracruz.com.mx\/wp-content\/uploads\/2021\/10\/WhatsApp-Image-2021-10-02-at-15.20.25-212x300.jpeg\" alt=\"\" class=\"wp-image-80177\" srcset=\"https:\/\/lospoliticosveracruz.com.mx\/wp-content\/uploads\/2021\/10\/WhatsApp-Image-2021-10-02-at-15.20.25-212x300.jpeg 212w, https:\/\/lospoliticosveracruz.com.mx\/wp-content\/uploads\/2021\/10\/WhatsApp-Image-2021-10-02-at-15.20.25-724x1024.jpeg 724w, https:\/\/lospoliticosveracruz.com.mx\/wp-content\/uploads\/2021\/10\/WhatsApp-Image-2021-10-02-at-15.20.25-768x1086.jpeg 768w, https:\/\/lospoliticosveracruz.com.mx\/wp-content\/uploads\/2021\/10\/WhatsApp-Image-2021-10-02-at-15.20.25.jpeg 905w\" sizes=\"auto, (max-width: 212px) 100vw, 212px\" \/><\/a><\/figure><\/div>\n\n\n\n<p><\/p>\n\n\n\n<p>LA VENGANZA DE MARIO DELGADO\u2026 Nos cuenta \u00abGarganta Profunda\u00bb que el dirigente nacional de MORENA, Mario Delgado sigue \u00abescupiendo bilis\u00bb\u2026 Por la manera tan desposta de como fue tratado en Veracruz\u2026 Tanto por la dirigencia estatal de los \u00abMorenos\u00bb y por el gobernador, Cuitl\u00e1huac Garc\u00eda\u2026 Dicen ya prometi\u00f3 vengarse y darles en donde m\u00e1s les duele a los \u00abradicales\u00bb donde est\u00e1 el xalape\u00f1o y Claudia Sheinbaum\u2026 Y es \u00abbloquear\u00bb la posible la candidatura de Mart\u00ed Batres, el ide\u00f3logo de Cuitl\u00e1huac, al gobierno de CDMX\u2026 Todos menos \u00e9l<\/p>\n\n\n\n<p>El evitar que llegue Batres a la candidatura de MORENA a Jefe de Gobierno\u2026 Ser\u00eda un duro rev\u00e9s de Claudia Sheinbaum porque si no es designada candidata Presidencial, entonces, todo se le complicar\u00eda para el tema de la sucesi\u00f3n en CDMX, protecci\u00f3n de la \u00abL\u00ednea 12\u00bb del Metro\u2026 Pero sobre todo dejar\u00edan fuera a un personaje que le podr\u00eda darle \u00abrefugio\u00bb a Cuitl\u00e1huac en la capital del pa\u00eds, si es que sale de la gubernatura de Veracruz y no es nominado a un cargo de elecci\u00f3n popular federal\u2026 Ya que diputado local no lo ser\u00e1\u2026<\/p>\n\n\n\n<p>Obvio que esto ser\u00eda parte de la estrategia que tiene Mario Delgado\u2026 Para hacerle ver su suerte, a uno de los \u00abautores\u00bb intelectuales de los hechos del pasado domingo y lunes en Minatitl\u00e1n y Xalapa\u2026 Por eso dicen que el l\u00edder de MORENA es muy rencoroso\u2026 Y no se las va a perdonar\u2026 Adem\u00e1s \u00abGarganta Profunda\u00bb menciona que esto tambi\u00e9n ser\u00e1 como un \u00abescarmiento\u00bb que empezar\u00e1 aplicar Delgado Carrillo a todos aquellos comit\u00e9s estatales que quieran \u00abpasarse de rosca\u00bb con el CEN\u2026 \u00abLos patos, no le tiran a las escopetas\u00bb\u2026<\/p>\n\n\n\n<p>Adem\u00e1s como parte de ese \u00abdesquite\u00bb\u2026 Ser\u00e1 cada d\u00eda m\u00e1s obvio que el l\u00edder nacional de MORENA, se la \u00abjugu\u00e9\u00bb con todo lo que tiene en el comit\u00e9 nacional para que el diputado federal oriundo de Minatitl\u00e1n, Sergio Guti\u00e9rrez Luna\u2026 Sea nominado como candidato a gobernador de Veracruz por su partido\u2026 Si logra la \u00abvenia\u00bb Presidencial y de Palacio Nacional tanto \u00e9l como Guti\u00e9rrez Luna\u2026 La encuesta de MORENA para decidir aspirante oficial en Veracruz ser\u00e1 \u00abpan comido\u00bb\u2026 No es \u00abindio\u00bb el que no se venga\u2026<\/p>\n\n\n\n<p>Esta m\u00e1s que claro este \u00abrespaldo\u00bb del dirigente nacional de MORENA\u2026 Mario Delgado se la va a \u00abjugar\u00bb con el minatitleco para dejar \u00abfuera de la jugada\u00bb a la zacatecana, Roc\u00edo Nahle\u2026 Y en el tema de la candidatura Presidencial\u2026 Tambi\u00e9n es un hecho que Delgado Carrillo estar\u00e1 apoyando con todo lo que sea necesario para que Ad\u00e1n Augusto L\u00f3pez o Marcelo Ebrard, sean nominados los aspirantes oficiales para sustituir a Andr\u00e9s Manuel L\u00f3pez y tambi\u00e9n dejar fuera de la \u00abjugada\u00bb a la Sheinbaum\u2026 Tiene el control del CEN\u2026 \u00bfQuieren m\u00e1s?\u2026<\/p>\n\n\n\n<p>Tambi\u00e9n dicen que Mario Delgado coment\u00f3 este pasado lunes por la tarde en CDMX\u2026 Que en Veracruz, al \u00fanico zacatecano que los veracruzanos recuerdan con agrado es al Senador, Ricardo Monreal \u00c1vila\u2026. Ya que fue el \u00fanico que ha \u00abpuesto de rodillas\u00bb a Cuitl\u00e1huac Garc\u00eda\u2026 Por hacer valer el Estado de Derecho y enfrentar los abusos y sus constantes violaciones a las garant\u00edas individuales en la entidad contra pol\u00edticos tanto de MORENA que no son de su grupo como los de oposici\u00f3n\u2026 Obvio que este comentario ten\u00eda dedicatoria a Roc\u00edo Nahle<\/p>\n\n\n\n<p>Ya que desde su llegada a Minatitl\u00e1n, el pasado domingo, el l\u00edder nacional de MORENA le informaron que un aspirante a diputado federal por el distrito de Xalapa por MORENA, el subsecretario de Finanzas estatal, Eleazar Guerrero P\u00e9rez, el \u00abPrimo C\u00f3modo\u00bb del gobernador, Cuitl\u00e1huac Garc\u00eda\u2026 Hab\u00eda sido uno de los financiadores de este evento de \u00abMujeres Unidas\u00bb a favor del informe de la legisladora, Rosalba Valencia\u2026 Y la lista de candidatos a diputados federales en 2024 pasar\u00e1n por las manos de Mario Delgado\u2026<\/p>\n\n\n\n<p>Mientras que por otro aspirante a diputado federal\u2026 Ya sea por la Cuenca de Papaloapan o por el distrito de Perote -Coatepec por MORENA, el secretario de Gobierno, Eric Cisneros Burgos, iba a encabezando una cabalgata en Papantla\u2026 Llevando el aparato de Estado para que fuera multitudinaria\u2026 Con el af\u00e1n de bloquearle el informe a Sergio Guti\u00e9rrez y exhibir a Mario Delgado su llegada a Minatitl\u00e1n como dirigente nacional de MORENA\u2026 Como le sucedi\u00f3 horas m\u00e1s tarde\u2026 \u00bfCreen que no est\u00e1 m\u00e1s que enojado?\u2026<\/p>\n\n\n\n<p>La duda ser\u00e1 si tanto Eleazar como Patrocinio ser\u00e1n capaces de aceptar quedarse en el Estado como diputados locales\u2026 Sobre todo cuando Juan Javier G\u00f3mez Cazar\u00edn es el \u00abmandam\u00e1s\u00bb del Congreso Local y lo peor que le pudiera pasar al oriundo de Hueyapan de Ocampo\u2026. Es repetir en el cargo por TERCERA VEZ\u2026 Y si eso llegara a pasar, entonces, se volver\u00eda a quedar de nuevo, si MORENA es mayor\u00eda en el 2024, con la Presidencia de la Junta de Coordinaci\u00f3n Pol\u00edtica y el liderazgo de la bancada de MORENA\u2026 Esa no se la suelta, ni a \u00abDios Padre\u00bb\u2026<\/p>\n\n\n\n<p>Esto debido a que luego del \u00abdesaire\u00bb en Veracruz a Mario Delgado\u2026 Muchos \u00abMorenos\u00bb locales, podr\u00edan ver \u00abtruncados\u00bb proyectos a cargos de elecci\u00f3n popular porque las listas nacionales a legisladores federales, despu\u00e9s del \u00abpalo-meo\u00bb de Andr\u00e9s Manuel L\u00f3pez Obrador\u2026 Pasar\u00e1n por el visto bueno de Delgado\u2026 Ah\u00ed es donde muchos de los que aspiran\u2026 Pero que le hicieron el \u00abfeo\u00bb podr\u00edan quedarse \u00abcolgados\u00bb en sus aspiraciones\u2026 M\u00e1s si Claudia Sheinbaum no es la aspirante presidencial o Roc\u00edo Nahle, la candidata a gobernadora..<\/p>\n\n\n\n<p>Al final, lo que intentara Mario Delgado en Veracruz y CDMX es darle un mensaje a todos los personajes como Cuitl\u00e1huac Garc\u00eda.. Que le demostraron el \u00abpoder\u00edo\u00bb del \u00ablocalismo empobrecedor\u00bb al manejar, financiar y manipular el informe de una diputada federal\u2026. Que se prest\u00f3 al \u00abjuego\u00bb\u2026 Delgado sabe qui\u00e9n est\u00e1 detr\u00e1s de todo y que tiene MONOPOLIZADO el poder pol\u00edtico del gobierno y MORENA en Veracruz\u2026 Va por ellas\u2026 No se acaba el \u00absue\u00f1o de la Cenicienta\u00bb en Veracruz\u2026 LOS JUGADORES CAMBIAN\u2026 EL JUEGO NO\u2026 AMEN\u2026<\/p>\n","protected":false},"excerpt":{"rendered":"<p>Ricardo Ch\u00faaSale y Vale Si no hay cambios de \u00faltimo momento\u2026 Se rumora al interior de Palacio de Gobierno en Xalapa\u2026 Que el gobernador, Cuitl\u00e1huac Garc\u00eda podr\u00eda anunciar \u00abENROQUES\u00bb dentro del gabinete estatal en los pr\u00f3ximos d\u00edas\u2026 Todo con el af\u00e1n de fortalecer a sus aliados para el tema sucesorio en Veracruz en 2024\u2026 En [&hellip;]<\/p>\n","protected":false},"author":2,"featured_media":0,"comment_status":"closed","ping_status":"closed","sticky":false,"template":"","format":"standard","meta":{"_jetpack_newsletter_access":"","_jetpack_dont_email_post_to_subs":false,"_jetpack_newsletter_tier_id":0,"_jetpack_memberships_contains_paywalled_content":false,"_jetpack_memberships_contains_paid_content":false,"footnotes":""},"categories":[70],"tags":[9627,1563,20170,15077,1026,31833,3578,31395,195],"class_list":["post-94091","post","type-post","status-publish","format-standard","hentry","category-de-opinion","tag-claudia-sheinbaum","tag-cuitlahuac-garcia-jimenez","tag-mario-delgado-carrillo","tag-marti-batres","tag-morena","tag-ricardo-chua-agama","tag-rocio-nahle","tag-sergio-gutierrez-prieto","tag-veracruz"],"jetpack_featured_media_url":"","jetpack_sharing_enabled":true,"jetpack_shortlink":"https:\/\/wp.me\/p4Qcd3-otB","_links":{"self":[{"href":"https:\/\/lospoliticosveracruz.com.mx\/index.php?rest_route=\/wp\/v2\/posts\/94091","targetHints":{"allow":["GET"]}}],"collection":[{"href":"https:\/\/lospoliticosveracruz.com.mx\/index.php?rest_route=\/wp\/v2\/posts"}],"about":[{"href":"https:\/\/lospoliticosveracruz.com.mx\/index.php?rest_route=\/wp\/v2\/types\/post"}],"author":[{"embeddable":true,"href":"https:\/\/lospoliticosveracruz.com.mx\/index.php?rest_route=\/wp\/v2\/users\/2"}],"replies":[{"embeddable":true,"href":"https:\/\/lospoliticosveracruz.com.mx\/index.php?rest_route=%2Fwp%2Fv2%2Fcomments&post=94091"}],"version-history":[{"count":1,"href":"https:\/\/lospoliticosveracruz.com.mx\/index.php?rest_route=\/wp\/v2\/posts\/94091\/revisions"}],"predecessor-version":[{"id":94092,"href":"https:\/\/lospoliticosveracruz.com.mx\/index.php?rest_route=\/wp\/v2\/posts\/94091\/revisions\/94092"}],"wp:attachment":[{"href":"https:\/\/lospoliticosveracruz.com.mx\/index.php?rest_route=%2Fwp%2Fv2%2Fmedia&parent=94091"}],"wp:term":[{"taxonomy":"category","embeddable":true,"href":"https:\/\/lospoliticosveracruz.com.mx\/index.php?rest_route=%2Fwp%2Fv2%2Fcategories&post=94091"},{"taxonomy":"post_tag","embeddable":true,"href":"https:\/\/lospoliticosveracruz.com.mx\/index.php?rest_route=%2Fwp%2Fv2%2Ftags&post=94091"}],"curies":[{"name":"wp","href":"https:\/\/api.w.org\/{rel}","templated":true}]}}