{"id":94381,"date":"2022-08-24T04:52:00","date_gmt":"2022-08-24T09:52:00","guid":{"rendered":"https:\/\/lospoliticosveracruz.com.mx\/?p=94381"},"modified":"2022-08-23T17:15:43","modified_gmt":"2022-08-23T22:15:43","slug":"veracruz-3","status":"publish","type":"post","link":"https:\/\/lospoliticosveracruz.com.mx\/?p=94381","title":{"rendered":"VERACRUZ"},"content":{"rendered":"\n<p><\/p>\n\n\n\n<p><br><strong>Guadalupe H. Mar<\/strong><br><em>Mira Pol\u00edtica<\/em><\/p>\n\n\n\n<p>PICA Y REPICA \u2026\u00bbLa redacci\u00f3n alterna: transformaci\u00f3n emergente en la pr\u00e1ctica period\u00edstica veracruzana ante un contexto de violencia\u00bb, fue la investigaci\u00f3n que un grupo de acad\u00e9micos de la Facultad de Ciencias y T\u00e9cnicas de la Comunicaci\u00f3n de la Universidad Veracruzana (Facico- UV) expuso ayer martes, en el Congreso 2022, de la Asociaci\u00f3n Canadiense de Estudios Latinoamericanos y del Caribe (CALACS), con sede en Quebec, Canad\u00e1.<\/p>\n\n\n\n<figure class=\"wp-block-image size-full\"><a href=\"https:\/\/lospoliticosveracruz.com.mx\/wp-content\/uploads\/2022\/05\/Seguro-Julio-Cerecedo.jpg\"><img decoding=\"async\" src=\"https:\/\/lospoliticosveracruz.com.mx\/wp-content\/uploads\/2022\/05\/Seguro-Julio-Cerecedo.jpg\" alt=\"\" class=\"wp-image-90414\"\/><\/a><\/figure>\n\n\n\n<p>Los profesores de la Facico-UV, integrantes del Cuerpo Acad\u00e9mico 454UV, \u201cPeriodismo y Comunicaci\u00f3n Pol\u00edtica\u201d, presentaron ante investigadores y acad\u00e9micos universitarios de Canad\u00e1, Chile, Ecuador, Brasil, Estados Unidos de Norteam\u00e9rica y por supuesto M\u00e9xico, entre otros, los resultados de una investigaci\u00f3n iniciada en el bienio del panperredista Miguel \u00c1ngel Yunes Linares, como gobernador del estado de Veracruz.<br>El objetivo de la investigaci\u00f3n a la que se dio continuidad en la actual administraci\u00f3n estatal, la del morenista Cuitl\u00e1huac Garc\u00eda Jim\u00e9nez, es visibilizar los distintos niveles de violencia que se ejerce en contra del periodismo veracruzano, sobre todo, en los niveles directivos de los medios de comunicaci\u00f3n, ya no \u00fanicamente en contra de los reporteros.<br>La Asociaci\u00f3n Canadiense de Estudios Latinoamericanos y del Caribe, fundada en 1969, tiene como objetivos facilitar la creaci\u00f3n de redes y el intercambio de informaci\u00f3n entre las personas, en Canad\u00e1 y en el extranjero, dedicadas a la ense\u00f1anza y la investigaci\u00f3n sobre Am\u00e9rica Latina y el Caribe. La idea es el fomentar especialmente en las universidades, colegios y otros centros de educaci\u00f3n superior canadienses, la expansi\u00f3n de la informaci\u00f3n y el inter\u00e9s en Am\u00e9rica Latina y el Caribe y representar los intereses acad\u00e9micos y profesionales de los latinoamericanistas canadienses.<br>\u00bfQUIEN DIR\u00cdA? \u2026 La tambi\u00e9n pozarricense, Raquel Bonilla Herrera, diputada federal por el partido Movimiento de Regeneraci\u00f3n Nacional, mejor conocido como Morena, estuvo tambi\u00e9n ayer martes en el di\u00e1logo \u201cDesarrollo Territorial y su Legislaci\u00f3n\u201d, de la Cumbre Internacional del H\u00e1bitat de Am\u00e9rica Latina y el Caribe, que organizan en el estado de Jalisco, la Universidad de Guadalajara, la Secretar\u00eda de Relaciones Exteriores (SER) y el Programa de Naciones Unidas para los Asentamientos Humanos (ONU-HABITAT).<br>La Cumbre Internacional del H\u00e1bitat de Am\u00e9rica Latina y el Caribe es un encuentro de especialistas que dialogan sobre c\u00f3mo lograr ciudades de calidad y preservar los recursos naturales.<br>DE TAREA\u2026 Al mismo que el gobierno del estado de Veracruz le encarg\u00f3 deshacer el fideicomiso del Acuario de Veracruz, que aqu\u00ed entre nos, ni el entonces gobernador de entidad Fidel Herrera Beltr\u00e1n pudo hacerlo, deber\u00edan encargarle el asunto de las concesiones entregadas a la Compa\u00f1\u00eda de Agua del Municipio de Boca del R\u00edo, CAB y al Grupo Metropolitano de Agua y Saneamiento (MAS), en contra de quienes existen muchos se\u00f1alamientos por sus deficientes servicios, adem\u00e1s de que no han invertido los siete mil millones de pesos que se comprometieron a destinar para el mejoramiento en el abasto de agua potable.<br>Ya desde la Legislatura veracruzana le est\u00e1n \u201ctendiendo la camita\u201d, como se dice coloquialmente, pues son muchas las quejas en su contra, sobre todo de la militancia morenista, cuyo voto se requiere afinado para el 2024.<br>INFORMACI\u00d3N QUE CURA \u2026 R\u00e1pida y efectiva fue la respuesta que el Instituto de Seguridad y Servicios Sociales de los Trabajadores del Estado (ISSSTE) dio all\u00e1 en Poza Rica de Hidalgo, luego de que cayeran los plafones del \u00e1rea de archivo en las instalaciones de aquella localidad, al norte de la entidad veracruzana.<br>No est\u00e1n ustedes para saberlo amables lectores, pero justo cuando trabajadores de una empresa privada realizaban labores de mantenimiento en los techos, se solt\u00f3 en Poza Rica uno de sus caracter\u00edsticos chaparrones, con tal cantidad de agua que provoc\u00f3 la ca\u00edda de plafones y obvio, que se mojaran algunos archivos.<br>Por razones como esa, es que las empresas dedicadas al mantenimiento e impermeabilizaci\u00f3n de los techos, siguen fielmente a la Secretar\u00eda estatal de Protecci\u00f3n Civil, donde el maestro Federico Acevedo Rosas se habla de t\u00fa con el dios Tl\u00e1loc.<br>D\u00cdGALO SIN MIEDO \u2026 Al correo electr\u00f3nico guadalupehmar@yahoo.com<\/p>\n","protected":false},"excerpt":{"rendered":"<p>Guadalupe H. MarMira Pol\u00edtica PICA Y REPICA \u2026\u00bbLa redacci\u00f3n alterna: transformaci\u00f3n emergente en la pr\u00e1ctica period\u00edstica veracruzana ante un contexto de violencia\u00bb, fue la investigaci\u00f3n que un grupo de acad\u00e9micos de la Facultad de Ciencias y T\u00e9cnicas de la Comunicaci\u00f3n de la Universidad Veracruzana (Facico- UV) expuso ayer martes, en el Congreso 2022, de la [&hellip;]<\/p>\n","protected":false},"author":2,"featured_media":0,"comment_status":"closed","ping_status":"closed","sticky":false,"template":"","format":"standard","meta":{"_jetpack_newsletter_access":"","_jetpack_dont_email_post_to_subs":false,"_jetpack_newsletter_tier_id":0,"_jetpack_memberships_contains_paywalled_content":false,"_jetpack_memberships_contains_paid_content":false,"footnotes":""},"categories":[70],"tags":[34713,1563,6391,34710,34712,34711,1606,895,10911,195],"class_list":["post-94381","post","type-post","status-publish","format-standard","hentry","category-de-opinion","tag-calacs","tag-cuitlahuac-garcia-jimenez","tag-diputada-federal","tag-facico-en-canada","tag-facico-uv","tag-facultad-de-ciencias-y-tecnicas-de-la-comunicacion-de-la-universidad-veracruzana","tag-guadalupe-h-mar","tag-issste","tag-raquel-bonilla-herrera","tag-veracruz"],"jetpack_featured_media_url":"","jetpack_sharing_enabled":true,"jetpack_shortlink":"https:\/\/wp.me\/p4Qcd3-oyh","_links":{"self":[{"href":"https:\/\/lospoliticosveracruz.com.mx\/index.php?rest_route=\/wp\/v2\/posts\/94381","targetHints":{"allow":["GET"]}}],"collection":[{"href":"https:\/\/lospoliticosveracruz.com.mx\/index.php?rest_route=\/wp\/v2\/posts"}],"about":[{"href":"https:\/\/lospoliticosveracruz.com.mx\/index.php?rest_route=\/wp\/v2\/types\/post"}],"author":[{"embeddable":true,"href":"https:\/\/lospoliticosveracruz.com.mx\/index.php?rest_route=\/wp\/v2\/users\/2"}],"replies":[{"embeddable":true,"href":"https:\/\/lospoliticosveracruz.com.mx\/index.php?rest_route=%2Fwp%2Fv2%2Fcomments&post=94381"}],"version-history":[{"count":1,"href":"https:\/\/lospoliticosveracruz.com.mx\/index.php?rest_route=\/wp\/v2\/posts\/94381\/revisions"}],"predecessor-version":[{"id":94383,"href":"https:\/\/lospoliticosveracruz.com.mx\/index.php?rest_route=\/wp\/v2\/posts\/94381\/revisions\/94383"}],"wp:attachment":[{"href":"https:\/\/lospoliticosveracruz.com.mx\/index.php?rest_route=%2Fwp%2Fv2%2Fmedia&parent=94381"}],"wp:term":[{"taxonomy":"category","embeddable":true,"href":"https:\/\/lospoliticosveracruz.com.mx\/index.php?rest_route=%2Fwp%2Fv2%2Fcategories&post=94381"},{"taxonomy":"post_tag","embeddable":true,"href":"https:\/\/lospoliticosveracruz.com.mx\/index.php?rest_route=%2Fwp%2Fv2%2Ftags&post=94381"}],"curies":[{"name":"wp","href":"https:\/\/api.w.org\/{rel}","templated":true}]}}