{"id":94916,"date":"2022-09-02T14:54:10","date_gmt":"2022-09-02T19:54:10","guid":{"rendered":"https:\/\/lospoliticosveracruz.com.mx\/?p=94916"},"modified":"2022-09-02T15:01:05","modified_gmt":"2022-09-02T20:01:05","slug":"volaran-para-todo-el-mundo","status":"publish","type":"post","link":"https:\/\/lospoliticosveracruz.com.mx\/?p=94916","title":{"rendered":"VOLAR\u00c1N PARA TODO EL MUNDO!"},"content":{"rendered":"\n<p><strong>Karla M\u00e9ndez<\/strong><\/p>\n\n\n\n<p>Ciudad de M\u00e9xico.- Los voladores de Papantla fueron invitados a participar en la reuni\u00f3n de los Ministros culturales de todo el mundo, la cual se realizar\u00e1 en el mes de diciembre en la Ciudad de M\u00e9xico, para presentar su ritual.<\/p>\n\n\n\n<p>Al respecto la directora del Instituto Veracruzano de la Cultura en Veracruz(IVEC), Silvia Alejandre Prado, adelant\u00f3 que la invitaci\u00f3n la hizo la Secretaria de cultura, Alejandra Frausto Guerrero a los abuelos y los voladores de Papantla lo que es un honor que participen en este tipo de eventos tan importantes.<\/p>\n\n\n\n<p>\u00abNos da much\u00edsimo gusto. Es un honor que est\u00e9n los voladores de Papantla. Es un ritual, trabajo importante que hace la direcci\u00f3n de culturas populares.\u00bb<\/p>\n\n\n\n<p>La directora, explic\u00f3 que la reuni\u00f3n de los ministros de cultura de todo el mundo es para promover la cultura como un veh\u00edculo para la paz, por lo que agradece que la Secretaria de Cultura tome en cuenta al estado y reconocer la cultura de los voladores de Papantla.<\/p>\n\n\n\n<p>As\u00ed mismo, record\u00f3 que ya son cuatro a\u00f1os de trabajo en conjunto entre el estado de Veracruz y la Secretaria de Cultura, d\u00f3nde iniciaron con la actividad de Veracruz en Los Pinos, la cual fue un \u00e9xito y ahora presentar\u00e1n la Huasteca en Los Pinos.<\/p>\n","protected":false},"excerpt":{"rendered":"<p>Karla M\u00e9ndez Ciudad de M\u00e9xico.- Los voladores de Papantla fueron invitados a participar en la reuni\u00f3n de los Ministros culturales de todo el mundo, la cual se realizar\u00e1 en el mes de diciembre en la Ciudad de M\u00e9xico, para presentar su ritual. Al respecto la directora del Instituto Veracruzano de la Cultura en Veracruz(IVEC), Silvia [&hellip;]<\/p>\n","protected":false},"author":2,"featured_media":0,"comment_status":"closed","ping_status":"closed","sticky":false,"template":"","format":"standard","meta":{"_jetpack_newsletter_access":"","_jetpack_dont_email_post_to_subs":false,"_jetpack_newsletter_tier_id":0,"_jetpack_memberships_contains_paywalled_content":false,"_jetpack_memberships_contains_paid_content":false,"footnotes":""},"categories":[6446],"tags":[34942,316],"class_list":["post-94916","post","type-post","status-publish","format-standard","hentry","category-la-nota","tag-instituto-veracruzano-de-la-cultura-en-veracruz","tag-ivec"],"jetpack_featured_media_url":"","jetpack_sharing_enabled":true,"jetpack_shortlink":"https:\/\/wp.me\/p4Qcd3-oGU","_links":{"self":[{"href":"https:\/\/lospoliticosveracruz.com.mx\/index.php?rest_route=\/wp\/v2\/posts\/94916","targetHints":{"allow":["GET"]}}],"collection":[{"href":"https:\/\/lospoliticosveracruz.com.mx\/index.php?rest_route=\/wp\/v2\/posts"}],"about":[{"href":"https:\/\/lospoliticosveracruz.com.mx\/index.php?rest_route=\/wp\/v2\/types\/post"}],"author":[{"embeddable":true,"href":"https:\/\/lospoliticosveracruz.com.mx\/index.php?rest_route=\/wp\/v2\/users\/2"}],"replies":[{"embeddable":true,"href":"https:\/\/lospoliticosveracruz.com.mx\/index.php?rest_route=%2Fwp%2Fv2%2Fcomments&post=94916"}],"version-history":[{"count":1,"href":"https:\/\/lospoliticosveracruz.com.mx\/index.php?rest_route=\/wp\/v2\/posts\/94916\/revisions"}],"predecessor-version":[{"id":94918,"href":"https:\/\/lospoliticosveracruz.com.mx\/index.php?rest_route=\/wp\/v2\/posts\/94916\/revisions\/94918"}],"wp:attachment":[{"href":"https:\/\/lospoliticosveracruz.com.mx\/index.php?rest_route=%2Fwp%2Fv2%2Fmedia&parent=94916"}],"wp:term":[{"taxonomy":"category","embeddable":true,"href":"https:\/\/lospoliticosveracruz.com.mx\/index.php?rest_route=%2Fwp%2Fv2%2Fcategories&post=94916"},{"taxonomy":"post_tag","embeddable":true,"href":"https:\/\/lospoliticosveracruz.com.mx\/index.php?rest_route=%2Fwp%2Fv2%2Ftags&post=94916"}],"curies":[{"name":"wp","href":"https:\/\/api.w.org\/{rel}","templated":true}]}}