{"id":95027,"date":"2022-09-05T12:30:25","date_gmt":"2022-09-05T17:30:25","guid":{"rendered":"https:\/\/lospoliticosveracruz.com.mx\/?p=95027"},"modified":"2022-09-05T12:30:29","modified_gmt":"2022-09-05T17:30:29","slug":"no-es-base-por-bola-8","status":"publish","type":"post","link":"https:\/\/lospoliticosveracruz.com.mx\/?p=95027","title":{"rendered":"NO ES BASE POR BOLA\u2026 8!"},"content":{"rendered":"\n<p><strong>Karla M\u00e9ndez<\/strong><\/p>\n\n\n\n<p>Xalapa, Ver.- El torneo de la Liga Invernal Veracruzana de Beisbol Copa Veracruz, tiene una inversi\u00f3n de 540 mil pesos con apoyo de la iniciativa p\u00fablica, privada y gobierno del estado para rescatar el deporte y fomentarlo entre las juventudes.<\/p>\n\n\n\n<p>Al respecto, el subsecretario de Planeaci\u00f3n de SEFIPLAN, Vladimir Cruz Acosta, se\u00f1al\u00f3 que en esta ocasi\u00f3n las sedes se seleccionaron de acuerdo a la afici\u00f3n e inter\u00e9s por este deporte, ya que adem\u00e1s se busca que municipios peque\u00f1os tambi\u00e9n cuenten con estas actividades.<\/p>\n\n\n\n<p>\u00abEl torneo tendr\u00e1 diferentes sedes, invitamos a la gente para que asista, se busca generar alianzas entre los equipos para mejorar la calidad. Son 540 mil pesos de inversi\u00f3n en el torneo.\u00bb<\/p>\n\n\n\n<p>En ese sentido, neg\u00f3 que el torneo forme parte de una \u00abcampa\u00f1a\u00bb en favor del secretario de Gobierno, Eric Cisneros Burgos, al realizarse en Otatitl\u00e1n que es un municipio peque\u00f1o con un estadio de poca capacidad, pero el B\u00e9isbol es muy popular en la zona.<\/p>\n\n\n\n<p>Record\u00f3 que se recaudar\u00e1n 90 mil pesos con el torneo, con el registro de cinco mil pesos por cada equipo y son 16, los cuales se utilizar\u00e1n para algunos pagos.<\/p>\n\n\n\n<p>Finalmente, record\u00f3 que los premios van desde 20 mil hasta 150 mil pesos para el primer lugar, cuya final se celebrar\u00e1 en Boca del R\u00edo.<\/p>\n","protected":false},"excerpt":{"rendered":"<p>Karla M\u00e9ndez Xalapa, Ver.- El torneo de la Liga Invernal Veracruzana de Beisbol Copa Veracruz, tiene una inversi\u00f3n de 540 mil pesos con apoyo de la iniciativa p\u00fablica, privada y gobierno del estado para rescatar el deporte y fomentarlo entre las juventudes. Al respecto, el subsecretario de Planeaci\u00f3n de SEFIPLAN, Vladimir Cruz Acosta, se\u00f1al\u00f3 que [&hellip;]<\/p>\n","protected":false},"author":2,"featured_media":46408,"comment_status":"closed","ping_status":"closed","sticky":false,"template":"","format":"standard","meta":{"_jetpack_newsletter_access":"","_jetpack_dont_email_post_to_subs":false,"_jetpack_newsletter_tier_id":0,"_jetpack_memberships_contains_paywalled_content":false,"_jetpack_memberships_contains_paid_content":false,"footnotes":""},"categories":[6446],"tags":[12299,34973,640],"class_list":["post-95027","post","type-post","status-publish","format-standard","has-post-thumbnail","hentry","category-la-nota","tag-eric-cisneros-burgos","tag-liga-invernal-veracruzana-de-beisbol-copa-veracruz","tag-sefiplan"],"jetpack_featured_media_url":"https:\/\/lospoliticosveracruz.com.mx\/wp-content\/uploads\/2019\/01\/Eric-Cisneros.jpeg","jetpack_sharing_enabled":true,"jetpack_shortlink":"https:\/\/wp.me\/p4Qcd3-oIH","_links":{"self":[{"href":"https:\/\/lospoliticosveracruz.com.mx\/index.php?rest_route=\/wp\/v2\/posts\/95027","targetHints":{"allow":["GET"]}}],"collection":[{"href":"https:\/\/lospoliticosveracruz.com.mx\/index.php?rest_route=\/wp\/v2\/posts"}],"about":[{"href":"https:\/\/lospoliticosveracruz.com.mx\/index.php?rest_route=\/wp\/v2\/types\/post"}],"author":[{"embeddable":true,"href":"https:\/\/lospoliticosveracruz.com.mx\/index.php?rest_route=\/wp\/v2\/users\/2"}],"replies":[{"embeddable":true,"href":"https:\/\/lospoliticosveracruz.com.mx\/index.php?rest_route=%2Fwp%2Fv2%2Fcomments&post=95027"}],"version-history":[{"count":1,"href":"https:\/\/lospoliticosveracruz.com.mx\/index.php?rest_route=\/wp\/v2\/posts\/95027\/revisions"}],"predecessor-version":[{"id":95028,"href":"https:\/\/lospoliticosveracruz.com.mx\/index.php?rest_route=\/wp\/v2\/posts\/95027\/revisions\/95028"}],"wp:featuredmedia":[{"embeddable":true,"href":"https:\/\/lospoliticosveracruz.com.mx\/index.php?rest_route=\/wp\/v2\/media\/46408"}],"wp:attachment":[{"href":"https:\/\/lospoliticosveracruz.com.mx\/index.php?rest_route=%2Fwp%2Fv2%2Fmedia&parent=95027"}],"wp:term":[{"taxonomy":"category","embeddable":true,"href":"https:\/\/lospoliticosveracruz.com.mx\/index.php?rest_route=%2Fwp%2Fv2%2Fcategories&post=95027"},{"taxonomy":"post_tag","embeddable":true,"href":"https:\/\/lospoliticosveracruz.com.mx\/index.php?rest_route=%2Fwp%2Fv2%2Ftags&post=95027"}],"curies":[{"name":"wp","href":"https:\/\/api.w.org\/{rel}","templated":true}]}}