{"id":95042,"date":"2022-09-05T17:08:58","date_gmt":"2022-09-05T22:08:58","guid":{"rendered":"https:\/\/lospoliticosveracruz.com.mx\/?p=95042"},"modified":"2022-09-05T17:09:04","modified_gmt":"2022-09-05T22:09:04","slug":"mexico-vs-mexico","status":"publish","type":"post","link":"https:\/\/lospoliticosveracruz.com.mx\/?p=95042","title":{"rendered":"M\u00c9XICO VS M\u00c9XICO"},"content":{"rendered":"\n<p><strong>Jorge Arturo Rodr\u00edguez<\/strong><\/p>\n\n\n\n<p><em>Tierra de Babel<\/em><\/p>\n\n\n\n<p><\/p>\n\n\n\n<p>Le hablo por tel\u00e9fono a mi amigo Cris\u00f3foro, el taxista, para que me traslade al centro de la ciudad o lo m\u00e1s cerca posible, que me aviente por ah\u00ed porque voy al Grito. \u201c\u00bfAl grito, mi amigo patr\u00f3n?\u201d \u201cS\u00ed, \u00bfpor qu\u00e9 no?\u201d, le digo. \u201cPos porque me ha dicho que esas cosas son puras mamadas y\u2026\u201d \u201cP\u00e1rale, estoy en proceso de cambio y quiero mucho a mi M\u00e9xico, a nuuueeestro M\u00e9xico\u201d. \u201c\u00a1Madres! Hasta en plural lo dice, mi amigo patr\u00f3n. No que le encabrona tanto pinche pluralismo y polarizaci\u00f3n ramplones, cuando, sin consentimiento de uno, los pol\u00edticos y autoridades nos incluyen\u2026, bueno, ciertos pol\u00edticos y autoridades\u2026\u201d \u201cS\u00ed, Cris\u00f3foro, pero las cosas cambian, estamos en proceso de trasformaci\u00f3n\u201d. \u201cUta madres, perdone patr\u00f3n pero est\u00e1 irreconocible, ya hasta se parece al presidente Andr\u00e9s Manuel L\u00f3pez Obrador, en sus ma\u00f1aneras y a todas horas, diciendo puras\u2026\u201d \u201cAguanta, Cris\u00f3foro, no te pases. El chiste es que voy al Grito, \u00bftendr\u00e1s tiempo y ganas de llevarme al centro?\u201d \u201cClaro, mi amigo patr\u00f3n, \u00bfa qu\u00e9 hora lo recojo, digo, voy por usted?\u201d \u201cNom\u00e1s porque estamos en septiembre te paso tus expresiones, inche fif\u00ed venido a chairo o al rev\u00e9s\u201d, sonr\u00edo. \u201cNo se me enoje mi patroncito, ya sabe que es broma, por cierto, \u00bfqu\u00e9 madres va a gritar?\u201d \u201c\u00bfC\u00f3mo que qu\u00e9 madres voy a gritar? Pues \u201c\u00a1Viva M\u00e9xico!, y otros \u00a1vivas!\u201d, le grito. \u201cAh, \u00a1Viva M\u00e9xico, cabrones!\u201d, se carcajea Cris\u00f3foro.<\/p>\n\n\n\n<p>Quedo con \u00e9l que me recoja, digo, pase por m\u00ed a las cuatro de la tarde. Me quedo pensativo, como siempre: comiendo moscas (moscas inteligentes, claro) o pensando en la inmortalidad del cangrejo (cangrejo est\u00fapido, eso s\u00ed, porque, dijera Jorge Luis Borges, \u201cTenemos muchos anhelos, entre ellos el de la vida, el de ser para siempre, pero tambi\u00e9n el de cesar, adem\u00e1s del temor y su reverso: la esperanza. Todas esas cosas pueden cumplirse sin inmortalidad personal, no precisamos de ella. Yo, personalmente, no la deseo y le temo; para m\u00ed ser\u00eda espantoso saber que voy a continuar, ser\u00eda espantoso pensar que voy a seguir siendo Borges. Estoy harto de m\u00ed mismo, de mi nombre y de mi fama y quiero liberarme de todo eso\u201d.).<\/p>\n\n\n\n<p>Vivo en M\u00e9xico y como M\u00e9xico no hay dos. Pos claro, \u00bfcu\u00e1ndo han visto un pa\u00eds igualito al otro? Si seremos, si seremos\u2026 Me r\u00edo de m\u00ed mismo.&nbsp;<\/p>\n\n\n\n<p>-Soldado L\u00f3pez, \u00bfqu\u00e9 es la patria para usted?<\/p>\n\n\n\n<p>-La patria es mi madre.<\/p>\n\n\n\n<p>-Muy bien y para usted soldado Valdez, \u00bfqu\u00e9 es la patria?<\/p>\n\n\n\n<p>-La patria es mi t\u00eda&#8230; porque L\u00f3pez es mi primo.<\/p>\n\n\n\n<p>Me carcajeo como loco, porque la cordura no puede sobrevivir sin la locura. Mucho menos en un mes que nos vale madres. \u00a1Viva M\u00e9xico, hijos de su chingada madre! Los problemas los solucionamos despu\u00e9s, cuando M\u00e9xico siga siendo M\u00e9xico.<\/p>\n\n\n\n<p>Pepito, \u00bfpuedes nombrar 4 h\u00e9roes de la Independencia?<\/p>\n\n\n\n<p>-Pues claro, Jos\u00e9, Mar\u00eda, Morelos y Pav\u00f3n.<\/p>\n\n\n\n<p><strong>Los d\u00edas y los temas<\/strong><\/p>\n\n\n\n<p>En la pel\u00edcula Tren Bala, de David Leitch, el protagonista Ladybug (Brad Pitt) le dice al personaje que interpreta Bad Bunny: \u201cCuando nos enojamos con rapidez, entendemos con lentitud\u201d. Y poco despu\u00e9s Ladybug expresa: \u201cLos abusados, abusan\u201d. En otras palabras, el que se enoja pierde; abusados, mis fans, sin abusar.<\/p>\n\n\n\n<p>A lo que sigue. En entrevista, al cuestionamiento: \u201cHablando sobre los dos extremos pol\u00edticos e ideol\u00f3gicos. Estos se han conjugado por una parte en dos bloques, en una tenemos al gobierno y en la otra al otro bloque PRI-PAN-PRD. Me gustar\u00eda saber tu opini\u00f3n al respecto\u201d, el escritor Enrique Serna expres\u00f3: \u201cHay muchos partidos camale\u00f3nicos en M\u00e9xico, por ejemplo, el Partido Verde que siempre se vende al mejor postor y ahora est\u00e1 del lado de Morena, antes estuvo con el PAN o con el PRI. Yo creo que son alianzas circunstanciales que muestran en cierta forma que los principios valen bastante poco para toda la clase pol\u00edtica en su conjunto y lo que les importa son las conveniencias coyunturales que los hacen de pronto unirse aunque realmente no tengan nada en com\u00fan. Esa es una de las grandes carencias de la democracia mexicana, creo que la sociedad es la que debe tener un ojo m\u00e1s cr\u00edtico para ver qu\u00e9 es lo que est\u00e1 proponiendo cada uno de estos bloques de partidos m\u00e1s all\u00e1 de quienes sean las figuras de los enconos que se puedan crear en una campa\u00f1a.\u201d (sinembargo.mx, 21\/08\/22).<\/p>\n\n\n\n<p>Por la tarde, con Cris\u00f3foro que me lleva al centro de la ciudad, pienso que a veces la vida no vale nada, no vale nada la vida\u2026 \u00a1Es septiembre, chingaos! Banderitas mexicanas, salid, pa\u2019 luego guardarlas en el ba\u00fal y sacarlas el a\u00f1o pr\u00f3ximo, si no se las chingan las ratas \u2013\u00bfcu\u00e1les?- o el moho de la justicia simulada. Digo, yo nom\u00e1s digo.<\/p>\n\n\n\n<p>Cris\u00f3foro me despierta del letargo cuando lo oigo tararear:&nbsp;<\/p>\n\n\n\n<p>De quen chon<\/p>\n\n\n\n<p>Esos ojos que miran bonito<\/p>\n\n\n\n<p>De quen chon<\/p>\n\n\n\n<p>Esas manos que a m\u00ed me acarician<\/p>\n\n\n\n<p>De quen chon<\/p>\n\n\n\n<p>Los plecitos que bailan mi ritmo<\/p>\n\n\n\n<p>De quen chon<\/p>\n\n\n\n<p>Los detalles que me gustan m\u00e1s.<\/p>\n\n\n\n<p>Cris\u00f3foro me dice: \u201cMi amigo patr\u00f3n, lo noto muy cabizbajo, como que tiene algo atorao en el cerebro\u201d. Me carcajeo. Cris\u00f3foro agrega: \u201cA ver, del verbo ver, eh, patr\u00f3n, porque ya s\u00e9 que luego se la anda jalando con eso del pinche lenguaje, como si los pol\u00edticos hablaran bien, bueno, no todos\u2026 Le tengo unas citas pa\u2019 que puede citar en sus escritos, esos que escribe pero pocos entienden\u2026\u201d \u201cB\u00e1jale\u2026\u201d, sonr\u00edo. Cris\u00f3foro dice: \u201cEl pol\u00edtico debe ser capaz de predecir lo que va a pasar ma\u00f1ana, el mes pr\u00f3ximo y el a\u00f1o que viene; y de explicar despu\u00e9s por qu\u00e9 fue que no ocurri\u00f3 lo que el predijo\u201d. (Winston Churchill). Cris\u00f3foro&nbsp;&nbsp;se estaciona y antes de dejarme en una calle no tan cerca del centro, dice: \u201cLas muchas promesas disminuyen la confianza\u201d. (Horacio). \u201cLas promesas son olvidadas por los pr\u00edncipes, nunca por el pueblo\u201d. (Giuseppe Mazzini). Cris\u00f3foro dice: \u201cLa \u00faltima, o como dice usted patr\u00f3n, la pen\u00faltima porque a\u00fan no nos morimos: \u201cAmbos se da\u00f1an a s\u00ed mismos: el que promete demasiado y el que espera demasiado\u201d. (Gotthold Ephraim Lessing).<\/p>\n\n\n\n<p>Un tanto aliviado, me encamino a dar el Grito: \u201c\u00a1Auxilio!\u201d, \u201c\u00a1Sococrro!\u201d, \u201c\u00a1Help!\u201d A chillar cuando me muera, cabrones; mientras, a darle duro, que la vida es\u2026 Paga el que se raje. Bueno, el que se apendeje\u2026<\/p>\n\n\n\n<p><strong>De cinismo y anexas<\/strong><\/p>\n\n\n\n<p>-Pepito, \u00bfqui\u00e9n quem\u00f3 la puerta de la Alh\u00f3ndiga de Granaditas?<\/p>\n\n\n\n<p>-Le juro que yo no fui maestra.<\/p>\n\n\n\n<p>***<\/p>\n\n\n\n<p>-Pepito, \u00bfqui\u00e9n dio el grito de Dolores?<\/p>\n\n\n\n<p>-Pues Dolores, \u00bfno?<\/p>\n\n\n\n<p>***<\/p>\n\n\n\n<p>-Pepito, para festejar el d\u00eda de la independencia har\u00e9 chiles en nogada.&nbsp;<\/p>\n\n\n\n<p>-Ay mam\u00e1, mejor hazlos contenta, luego te quedan bien picosos.<\/p>\n\n\n\n<p>Ah\u00ed se ven.<\/p>\n","protected":false},"excerpt":{"rendered":"<p>Jorge Arturo Rodr\u00edguez Tierra de Babel Le hablo por tel\u00e9fono a mi amigo Cris\u00f3foro, el taxista, para que me traslade al centro de la ciudad o lo m\u00e1s cerca posible, que me aviente por ah\u00ed porque voy al Grito. \u201c\u00bfAl grito, mi amigo patr\u00f3n?\u201d \u201cS\u00ed, \u00bfpor qu\u00e9 no?\u201d, le digo. \u201cPos porque me ha dicho [&hellip;]<\/p>\n","protected":false},"author":2,"featured_media":0,"comment_status":"closed","ping_status":"closed","sticky":false,"template":"","format":"standard","meta":{"_jetpack_newsletter_access":"","_jetpack_dont_email_post_to_subs":false,"_jetpack_newsletter_tier_id":0,"_jetpack_memberships_contains_paywalled_content":false,"_jetpack_memberships_contains_paid_content":false,"footnotes":""},"categories":[70],"tags":[618,2677,1026,26575],"class_list":["post-95042","post","type-post","status-publish","format-standard","hentry","category-de-opinion","tag-andres-manuel-lopez-obrador","tag-jorge-arturo-rodriguez","tag-morena","tag-pri-pan-prd-2"],"jetpack_featured_media_url":"","jetpack_sharing_enabled":true,"jetpack_shortlink":"https:\/\/wp.me\/p4Qcd3-oIW","_links":{"self":[{"href":"https:\/\/lospoliticosveracruz.com.mx\/index.php?rest_route=\/wp\/v2\/posts\/95042","targetHints":{"allow":["GET"]}}],"collection":[{"href":"https:\/\/lospoliticosveracruz.com.mx\/index.php?rest_route=\/wp\/v2\/posts"}],"about":[{"href":"https:\/\/lospoliticosveracruz.com.mx\/index.php?rest_route=\/wp\/v2\/types\/post"}],"author":[{"embeddable":true,"href":"https:\/\/lospoliticosveracruz.com.mx\/index.php?rest_route=\/wp\/v2\/users\/2"}],"replies":[{"embeddable":true,"href":"https:\/\/lospoliticosveracruz.com.mx\/index.php?rest_route=%2Fwp%2Fv2%2Fcomments&post=95042"}],"version-history":[{"count":1,"href":"https:\/\/lospoliticosveracruz.com.mx\/index.php?rest_route=\/wp\/v2\/posts\/95042\/revisions"}],"predecessor-version":[{"id":95044,"href":"https:\/\/lospoliticosveracruz.com.mx\/index.php?rest_route=\/wp\/v2\/posts\/95042\/revisions\/95044"}],"wp:attachment":[{"href":"https:\/\/lospoliticosveracruz.com.mx\/index.php?rest_route=%2Fwp%2Fv2%2Fmedia&parent=95042"}],"wp:term":[{"taxonomy":"category","embeddable":true,"href":"https:\/\/lospoliticosveracruz.com.mx\/index.php?rest_route=%2Fwp%2Fv2%2Fcategories&post=95042"},{"taxonomy":"post_tag","embeddable":true,"href":"https:\/\/lospoliticosveracruz.com.mx\/index.php?rest_route=%2Fwp%2Fv2%2Ftags&post=95042"}],"curies":[{"name":"wp","href":"https:\/\/api.w.org\/{rel}","templated":true}]}}