{"id":95072,"date":"2022-09-06T10:12:03","date_gmt":"2022-09-06T15:12:03","guid":{"rendered":"https:\/\/lospoliticosveracruz.com.mx\/?p=95072"},"modified":"2022-09-06T10:12:13","modified_gmt":"2022-09-06T15:12:13","slug":"coopera-para-evitar-mas-pocitos","status":"publish","type":"post","link":"https:\/\/lospoliticosveracruz.com.mx\/?p=95072","title":{"rendered":"COOPERA PARA EVITAR M\u00c1S POCITOS!"},"content":{"rendered":"\n<p><strong>Karla M\u00e9ndez<\/strong><\/p>\n\n\n\n<p>Xalapa, Ver.- La Contralor\u00eda General del Estado (CGE), s\u00ed ha solicitado informaci\u00f3n a la Unidad de G\u00e9nero de la Secretar\u00eda de Finanzas y Planeaci\u00f3n (SEFIPLAN), sobre casos de abuso y acoso sexual dentro de la dependencia, as\u00ed lo confirm\u00f3 el Secretario Jos\u00e9 Luis Lima Franco.<\/p>\n\n\n\n<p>En entrevista, aunque dijo desconocer cuantos casos existen, mencion\u00f3 que la secretar\u00eda colabora con la contralor\u00eda general para entregar toda la informaci\u00f3n que solicitan sin ning\u00fan problema.<\/p>\n\n\n\n<p>\u00abSi la verdad es un tema que hemos estado avanzando, Nosotros entregamos lo que ellos nos mandan&#8230; Se sigue entregando informaci\u00f3n de lo que ellos nos mandan a la unidad de g\u00e9nero.\u00bb<\/p>\n\n\n\n<p>En ese sentido Lima Franco, mencion\u00f3 que \u00e9l solo tiene conocimiento sobre el caso del subsecretario de Planeaci\u00f3n Jos\u00e9 Manuel Pozos qui\u00e9n renunci\u00f3 a su cargo para resolver la situaci\u00f3n; sin embargo se contin\u00faan haciendo platicas con todo el personal sobre esa problem\u00e1tica que hay en todo el pa\u00eds.<\/p>\n\n\n\n<p>Cabe recordar que la contralora del estado, Mercedes Santoyo Dom\u00ednguez dio a conocer que derivado de las jornadas de Sensibilizaci\u00f3n en SEFIPLAN, se acercaron tres casos m\u00e1s a los cuales se les da seguimiento.<\/p>\n\n\n\n<p>En otro tema, se\u00f1al\u00f3 que desconoce la situaci\u00f3n actual de Los Lagos de Xalapa que se encuentran en litigio y por lo que no ha podido avanzar su saneamiento, a lo que esperar\u00e1n que se resuelva la situaci\u00f3n para seguir con el programa de saneamiento.<\/p>\n","protected":false},"excerpt":{"rendered":"<p>Karla M\u00e9ndez Xalapa, Ver.- La Contralor\u00eda General del Estado (CGE), s\u00ed ha solicitado informaci\u00f3n a la Unidad de G\u00e9nero de la Secretar\u00eda de Finanzas y Planeaci\u00f3n (SEFIPLAN), sobre casos de abuso y acoso sexual dentro de la dependencia, as\u00ed lo confirm\u00f3 el Secretario Jos\u00e9 Luis Lima Franco. En entrevista, aunque dijo desconocer cuantos casos existen, [&hellip;]<\/p>\n","protected":false},"author":2,"featured_media":48072,"comment_status":"closed","ping_status":"closed","sticky":false,"template":"","format":"standard","meta":{"_jetpack_newsletter_access":"","_jetpack_dont_email_post_to_subs":false,"_jetpack_newsletter_tier_id":0,"_jetpack_memberships_contains_paywalled_content":false,"_jetpack_memberships_contains_paid_content":false,"footnotes":""},"categories":[6446],"tags":[1916,13713,15536,5584,640],"class_list":["post-95072","post","type-post","status-publish","format-standard","has-post-thumbnail","hentry","category-la-nota","tag-contraloria-general-del-estado","tag-jose-luis-lima-franco","tag-jose-manuel-pozos","tag-mercedes-santoyo-dominguez","tag-sefiplan"],"jetpack_featured_media_url":"https:\/\/lospoliticosveracruz.com.mx\/wp-content\/uploads\/2019\/05\/Lima-Franco.jpeg","jetpack_sharing_enabled":true,"jetpack_shortlink":"https:\/\/wp.me\/p4Qcd3-oJq","_links":{"self":[{"href":"https:\/\/lospoliticosveracruz.com.mx\/index.php?rest_route=\/wp\/v2\/posts\/95072","targetHints":{"allow":["GET"]}}],"collection":[{"href":"https:\/\/lospoliticosveracruz.com.mx\/index.php?rest_route=\/wp\/v2\/posts"}],"about":[{"href":"https:\/\/lospoliticosveracruz.com.mx\/index.php?rest_route=\/wp\/v2\/types\/post"}],"author":[{"embeddable":true,"href":"https:\/\/lospoliticosveracruz.com.mx\/index.php?rest_route=\/wp\/v2\/users\/2"}],"replies":[{"embeddable":true,"href":"https:\/\/lospoliticosveracruz.com.mx\/index.php?rest_route=%2Fwp%2Fv2%2Fcomments&post=95072"}],"version-history":[{"count":1,"href":"https:\/\/lospoliticosveracruz.com.mx\/index.php?rest_route=\/wp\/v2\/posts\/95072\/revisions"}],"predecessor-version":[{"id":95073,"href":"https:\/\/lospoliticosveracruz.com.mx\/index.php?rest_route=\/wp\/v2\/posts\/95072\/revisions\/95073"}],"wp:featuredmedia":[{"embeddable":true,"href":"https:\/\/lospoliticosveracruz.com.mx\/index.php?rest_route=\/wp\/v2\/media\/48072"}],"wp:attachment":[{"href":"https:\/\/lospoliticosveracruz.com.mx\/index.php?rest_route=%2Fwp%2Fv2%2Fmedia&parent=95072"}],"wp:term":[{"taxonomy":"category","embeddable":true,"href":"https:\/\/lospoliticosveracruz.com.mx\/index.php?rest_route=%2Fwp%2Fv2%2Fcategories&post=95072"},{"taxonomy":"post_tag","embeddable":true,"href":"https:\/\/lospoliticosveracruz.com.mx\/index.php?rest_route=%2Fwp%2Fv2%2Ftags&post=95072"}],"curies":[{"name":"wp","href":"https:\/\/api.w.org\/{rel}","templated":true}]}}