{"id":95077,"date":"2022-09-06T14:23:23","date_gmt":"2022-09-06T19:23:23","guid":{"rendered":"https:\/\/lospoliticosveracruz.com.mx\/?p=95077"},"modified":"2022-09-06T14:23:30","modified_gmt":"2022-09-06T19:23:30","slug":"desconton-a-partidos","status":"publish","type":"post","link":"https:\/\/lospoliticosveracruz.com.mx\/?p=95077","title":{"rendered":"DESCONT\u00d3N A PARTIDOS!"},"content":{"rendered":"\n<p><strong>Salvador Mu\u00f1oz<\/strong><\/p>\n\n\n\n<p><em>Los Pol\u00edticos<\/em><\/p>\n\n\n\n<p><\/p>\n\n\n\n<p>Ante el descont\u00f3n del 50 por ciento de las prerrogativas, Sergio Gil Rulll\u00e1n propone: \u00a1Piso parejo! Por su parte, el dirigente de Morena, Esteban Ram\u00edrez Zepeta, habla de la reducci\u00f3n de las prerrogativas a partidos como un logro de la Cuarta Transformaci\u00f3n\u2026 \u00a1mi vido!<\/p>\n\n\n\n<p><a href=\"https:\/\/youtu.be\/Nxe-vxf8GuY\"><\/a><\/p>\n\n\n\n<figure class=\"wp-block-embed is-type-video is-provider-youtube wp-block-embed-youtube wp-embed-aspect-16-9 wp-has-aspect-ratio\"><div class=\"wp-block-embed__wrapper\">\n<span class=\"embed-youtube\" style=\"text-align:center; display: block;\"><iframe loading=\"lazy\" class=\"youtube-player\" width=\"750\" height=\"422\" src=\"https:\/\/www.youtube.com\/embed\/Nxe-vxf8GuY?version=3&#038;rel=1&#038;showsearch=0&#038;showinfo=1&#038;iv_load_policy=1&#038;fs=1&#038;hl=es-ES&#038;autohide=2&#038;wmode=transparent\" allowfullscreen=\"true\" style=\"border:0;\" sandbox=\"allow-scripts allow-same-origin allow-popups allow-presentation allow-popups-to-escape-sandbox\"><\/iframe><\/span>\n<\/div><\/figure>\n\n\n\n<p>Si hubiera que ponerle apellido al ni\u00f1o, ser\u00eda Kumamoto y entonces habr\u00eda que recordar ese Hashtag #SinVotoNoHayDinero\u2026 pudi\u00e9ramos decir que al menos en este siglo, el pap\u00e1 de los descontones es Kumamoto y Movimiento Ciudadano, el abuelo\u2026 le cuento:<\/p>\n\n\n\n<p>All\u00e1 por 2017, Pedro Kumamoto, entonces diputado local de Jalisco, se aperson\u00f3 en San L\u00e1zaro para presentar una iniciativa que pretend\u00eda modificar el c\u00e1lculo para el financiamiento de los partidos pol\u00edticos a partir del #SinVotoNoHayDinero; es decir, de acuerdo al n\u00famero de votos, esto es lo que recibes, y no a partir del Padr\u00f3n Electoral\u2026 en ese tiempo se calculaba una reducci\u00f3n hasta del 59 por ciento del presupuesto de los partidos pol\u00edticos por a\u00f1o y tasaban el ahorro a m\u00e1s de 2 mil 200 millones de pesos\u2026<\/p>\n\n\n\n<p>En Jalisco, la propuesta de Kumamoto fue aprobada por la principal fuerza, Movimiento Ciudadano, que impuls\u00f3 con todo esta propuesta; en San L\u00e1zaro, curiosamente, los tiempos electorales \u201cse les vinieron encima\u201d y fue imposible llevarla al voto\u2026<\/p>\n\n\n\n<p>Y mientras en el Congreso de la Uni\u00f3n, el PRI cerraba las puertas a esta propuesta, en Jalisco (otra vez Jalisco) el Gobernador Arist\u00f3teles Sandoval (+) hablaba de proponer una iniciativa de ley para que los partidos pol\u00edticos no recibieran financiamiento en a\u00f1o no electoral y que esos recursos fueran destinados al Fondo de Contingencia para la Econom\u00eda Familiar 2017 y as\u00ed mitigar los efectos negativos del gasolinazo.<\/p>\n\n\n\n<p>Al final, si no mal recuerdo, s\u00f3lo la propuesta de Kumamoto se aprob\u00f3.<\/p>\n\n\n\n<p>Ahora, con la reducci\u00f3n al 50 por ciento de las prerrogativas, impulsada por el partido en el poder, habr\u00eda que preguntarse una cosa: es justicia o es castigo. Digo, porque estando en el poder, con el manejo de los recursos de 22 estados del pa\u00eds, as\u00ed como del Gobierno federal, quitarle al partido del sistema el 50% de sus recursos, como que econ\u00f3micamente es un pelo de gato\u2026 en cambio s\u00ed ser\u00e1 un golpe dr\u00e1stico al resto de los partidos que es seguro que al inicio del 2023, tengan que prescindir de personal para subsistir. Y no es por amargarles la lectura a los amigos del PAN y del PRI, pero quiz\u00e1s les pegue m\u00e1s fuerte\u2026 digo, si bien el Revolucionario Institucional viene ya remando contra la corriente desde hace algunos a\u00f1os, por deudas, laudos y dem\u00e1s, en el PAN habr\u00e1 que ver c\u00f3mo lo toman y c\u00f3mo lo resienten\u2026<\/p>\n\n\n\n<p>Por eso la propuesta del dirigente estatal de Movimiento Ciudadano, Sergio Gil, se vuelve interesante: \u00a1Piso parejo! \u00bfC\u00f3mo? Esta idea la trae MC desde 2015: que el financiamiento no lo manejen los partidos, sino el Instituto Electoral dado a que las cosas que m\u00e1s le cuestan a los partidos es la administraci\u00f3n del recurso en s\u00ed, que lo obliga a tener Tesorer\u00eda, Contralor\u00eda, adem\u00e1s de Auditor\u00edas, \u00f3rganos de transparencia, que el INE ya tiene; agregue a ello el planteamiento de \u201creformular\u201d la f\u00f3rmula 30-70, el 30 por ciento se reparte de forma igualitaria, y el resto, en funci\u00f3n de tus votos. Pues Movimiento Ciudadano plantea que sea al rev\u00e9s: 70% igualitario, y el resto, en funci\u00f3n de votos para tener un arranque m\u00e1s parejo en las elecciones.<\/p>\n\n\n\n<p>El c\u00e1lculo de Kumamoto se me hace interesante: de acuerdo al voto, la marmaja\u2026 la idea de Movimiento Ciudadano, bien concretada en \u00a1Piso Parejo!\u2026 y es cierto, la proyecci\u00f3n de Marlon Ram\u00edrez Mar\u00edn, dirigente del PRI estatal, de hacer el Voto Obligatorio no encaja con el tema de las prerrogativas, pero bien pudiera ser parte de armar un mejor proyecto donde se incentive tanto la participaci\u00f3n ciudadana a la hora de las elecciones como equilibrar las justas electorales, porque quitar el 50% de las prerrogativas a los partidos, aunque parece bueno, plausible, justo, no deja de ser ventajoso para Morena porque ellos traen el pandero\u2026 dijera Kiko: \u00a1Huy, as\u00ed que chiste!<\/p>\n\n\n\n<p>smcainito@gmail.com<\/p>\n","protected":false},"excerpt":{"rendered":"<p>Salvador Mu\u00f1oz Los Pol\u00edticos Ante el descont\u00f3n del 50 por ciento de las prerrogativas, Sergio Gil Rulll\u00e1n propone: \u00a1Piso parejo! Por su parte, el dirigente de Morena, Esteban Ram\u00edrez Zepeta, habla de la reducci\u00f3n de las prerrogativas a partidos como un logro de la Cuarta Transformaci\u00f3n\u2026 \u00a1mi vido! Si hubiera que ponerle apellido al ni\u00f1o, [&hellip;]<\/p>\n","protected":false},"author":2,"featured_media":0,"comment_status":"closed","ping_status":"closed","sticky":false,"template":"","format":"standard","meta":{"_jetpack_newsletter_access":"","_jetpack_dont_email_post_to_subs":false,"_jetpack_newsletter_tier_id":0,"_jetpack_memberships_contains_paywalled_content":false,"_jetpack_memberships_contains_paid_content":false,"footnotes":""},"categories":[70],"tags":[17053,2908,1026,2327,5346,34992],"class_list":["post-95077","post","type-post","status-publish","format-standard","hentry","category-de-opinion","tag-esteban-ramirez-zepeta","tag-marlon-ramirez-marin","tag-morena","tag-movimiento-ciudadano","tag-padron-electoral","tag-sergio-gil-rulllan"],"jetpack_featured_media_url":"","jetpack_sharing_enabled":true,"jetpack_shortlink":"https:\/\/wp.me\/p4Qcd3-oJv","_links":{"self":[{"href":"https:\/\/lospoliticosveracruz.com.mx\/index.php?rest_route=\/wp\/v2\/posts\/95077","targetHints":{"allow":["GET"]}}],"collection":[{"href":"https:\/\/lospoliticosveracruz.com.mx\/index.php?rest_route=\/wp\/v2\/posts"}],"about":[{"href":"https:\/\/lospoliticosveracruz.com.mx\/index.php?rest_route=\/wp\/v2\/types\/post"}],"author":[{"embeddable":true,"href":"https:\/\/lospoliticosveracruz.com.mx\/index.php?rest_route=\/wp\/v2\/users\/2"}],"replies":[{"embeddable":true,"href":"https:\/\/lospoliticosveracruz.com.mx\/index.php?rest_route=%2Fwp%2Fv2%2Fcomments&post=95077"}],"version-history":[{"count":1,"href":"https:\/\/lospoliticosveracruz.com.mx\/index.php?rest_route=\/wp\/v2\/posts\/95077\/revisions"}],"predecessor-version":[{"id":95079,"href":"https:\/\/lospoliticosveracruz.com.mx\/index.php?rest_route=\/wp\/v2\/posts\/95077\/revisions\/95079"}],"wp:attachment":[{"href":"https:\/\/lospoliticosveracruz.com.mx\/index.php?rest_route=%2Fwp%2Fv2%2Fmedia&parent=95077"}],"wp:term":[{"taxonomy":"category","embeddable":true,"href":"https:\/\/lospoliticosveracruz.com.mx\/index.php?rest_route=%2Fwp%2Fv2%2Fcategories&post=95077"},{"taxonomy":"post_tag","embeddable":true,"href":"https:\/\/lospoliticosveracruz.com.mx\/index.php?rest_route=%2Fwp%2Fv2%2Ftags&post=95077"}],"curies":[{"name":"wp","href":"https:\/\/api.w.org\/{rel}","templated":true}]}}