{"id":95163,"date":"2022-09-08T08:52:08","date_gmt":"2022-09-08T13:52:08","guid":{"rendered":"https:\/\/lospoliticosveracruz.com.mx\/?p=95163"},"modified":"2022-09-08T11:07:08","modified_gmt":"2022-09-08T16:07:08","slug":"viene-aumento-a-pension-de-abues","status":"publish","type":"post","link":"https:\/\/lospoliticosveracruz.com.mx\/?p=95163","title":{"rendered":"VIENE AUMENTO A PENSI\u00d3N DE ABUES!"},"content":{"rendered":"\n<p><\/p>\n\n\n\n<p><strong>Karla M\u00e9ndez<br><\/strong>Boca del R\u00edo, Ver.- El senador Ernesto P\u00e9rez Astorga, adelant\u00f3 que para el presupuesto de egresos 2023 habr\u00e1 un incremento del 25 por ciento en las pensiones para adultos mayores, esto luego de que fuera elegido como presidente de la comisi\u00f3n de Hacienda en el Senado de a Rep\u00fablica.<\/p>\n\n\n\n<p>Durante una entrevista, dijo que se implementar\u00e1 una estrategia para mitigar las afectaciones por la inflaci\u00f3n, sobretodo en la cuesti\u00f3n alimentaria.<\/p>\n\n\n\n<p>Sobre esta nueva encomienda que recibe el veracruzano, resalt\u00f3 que se siente afortunado por ser \u00e9l quien se encargue de esta comisi\u00f3n que es la \u00abcolumna vertebral econ\u00f3mica\u00bb de M\u00e9xico.<\/p>\n\n\n\n<p>\u00abCon un \u00e1nimo de seguir trabajando y coadyuvando por el desarrollo de M\u00e9xico. El d\u00eda de hoy ya tuve la primer reuni\u00f3n con el enlace legislativo de la Secretar\u00eda de Hacienda y quiero decirles que es una encomienda muy importante porque estamos hablando de la columna vertebral econ\u00f3mica del pa\u00eds\u00bb.<\/p>\n\n\n\n<p>As\u00ed mismo, agradeci\u00f3 el respaldo de los senadores quienes confiaron en \u00e9l para encabezar dicha comisi\u00f3n, a pesar de que hab\u00eda otro Senador en la mesa para tener la comisi\u00f3n lo que es una gran responsabilidad con todos los mexicanos.<\/p>\n","protected":false},"excerpt":{"rendered":"<p>Karla M\u00e9ndezBoca del R\u00edo, Ver.- El senador Ernesto P\u00e9rez Astorga, adelant\u00f3 que para el presupuesto de egresos 2023 habr\u00e1 un incremento del 25 por ciento en las pensiones para adultos mayores, esto luego de que fuera elegido como presidente de la comisi\u00f3n de Hacienda en el Senado de a Rep\u00fablica. Durante una entrevista, dijo que [&hellip;]<\/p>\n","protected":false},"author":2,"featured_media":0,"comment_status":"closed","ping_status":"closed","sticky":false,"template":"","format":"standard","meta":{"_jetpack_newsletter_access":"","_jetpack_dont_email_post_to_subs":false,"_jetpack_newsletter_tier_id":0,"_jetpack_memberships_contains_paywalled_content":false,"_jetpack_memberships_contains_paid_content":false,"footnotes":""},"categories":[6446],"tags":[12605,35022],"class_list":["post-95163","post","type-post","status-publish","format-standard","hentry","category-la-nota","tag-ernesto-perez-astorga","tag-presidente-de-la-comision-de-hacienda"],"jetpack_featured_media_url":"","jetpack_sharing_enabled":true,"jetpack_shortlink":"https:\/\/wp.me\/p4Qcd3-oKT","_links":{"self":[{"href":"https:\/\/lospoliticosveracruz.com.mx\/index.php?rest_route=\/wp\/v2\/posts\/95163","targetHints":{"allow":["GET"]}}],"collection":[{"href":"https:\/\/lospoliticosveracruz.com.mx\/index.php?rest_route=\/wp\/v2\/posts"}],"about":[{"href":"https:\/\/lospoliticosveracruz.com.mx\/index.php?rest_route=\/wp\/v2\/types\/post"}],"author":[{"embeddable":true,"href":"https:\/\/lospoliticosveracruz.com.mx\/index.php?rest_route=\/wp\/v2\/users\/2"}],"replies":[{"embeddable":true,"href":"https:\/\/lospoliticosveracruz.com.mx\/index.php?rest_route=%2Fwp%2Fv2%2Fcomments&post=95163"}],"version-history":[{"count":2,"href":"https:\/\/lospoliticosveracruz.com.mx\/index.php?rest_route=\/wp\/v2\/posts\/95163\/revisions"}],"predecessor-version":[{"id":95169,"href":"https:\/\/lospoliticosveracruz.com.mx\/index.php?rest_route=\/wp\/v2\/posts\/95163\/revisions\/95169"}],"wp:attachment":[{"href":"https:\/\/lospoliticosveracruz.com.mx\/index.php?rest_route=%2Fwp%2Fv2%2Fmedia&parent=95163"}],"wp:term":[{"taxonomy":"category","embeddable":true,"href":"https:\/\/lospoliticosveracruz.com.mx\/index.php?rest_route=%2Fwp%2Fv2%2Fcategories&post=95163"},{"taxonomy":"post_tag","embeddable":true,"href":"https:\/\/lospoliticosveracruz.com.mx\/index.php?rest_route=%2Fwp%2Fv2%2Ftags&post=95163"}],"curies":[{"name":"wp","href":"https:\/\/api.w.org\/{rel}","templated":true}]}}