{"id":95200,"date":"2022-09-09T07:54:21","date_gmt":"2022-09-09T12:54:21","guid":{"rendered":"https:\/\/lospoliticosveracruz.com.mx\/?p=95200"},"modified":"2022-09-09T07:55:47","modified_gmt":"2022-09-09T12:55:47","slug":"que-va-a-pasar-con-las-finanzas-en-veracruz","status":"publish","type":"post","link":"https:\/\/lospoliticosveracruz.com.mx\/?p=95200","title":{"rendered":"\u00bfQU\u00c9 VA A PASAR CON LAS FINANZAS EN VERACRUZ?"},"content":{"rendered":"\n<p><strong>Bernardo Guti\u00e9rrez Parra<\/strong><\/p>\n\n\n\n<p><em>Desde el Caf\u00e9<br><\/em><\/p>\n\n\n\n<p>Hasta 1998 Veracruz era un estado para presumir; hab\u00eda oportunidades de empleo, los servicios de Salud funcionaban, los \u00edndices delictivos estaban en su m\u00ednima expresi\u00f3n (de hecho fue la \u00faltima vez que estuvieron as\u00ed) y hab\u00eda finanzas p\u00fablicas sanas. \u201c\u00c9ramos felices y no lo sab\u00edamos\u201d, me lleg\u00f3 a comentar alguien y tuve que darle la raz\u00f3n.<\/p>\n\n\n\n<p>En diciembre de ese a\u00f1o don Patricio Chirinos entreg\u00f3 la estafeta a su sucesor Miguel Alem\u00e1n y en ese momento las cosas comenzaron a torcerse.<\/p>\n\n\n\n<p>Si el panuquense pag\u00f3 la deuda que arrastraba la entidad y dej\u00f3 en caja entre 2 mil 500 y 3 mil millones de pesos para que su sucesor no pasara sustos ni sofocones, los asustados y sofocados fuimos los veracruzanos al enterarnos que faltando un par de semanas para dejar el cargo, don Miguel solicit\u00f3 y obtuvo de Banobras un pr\u00e9stamo por 3 mil 500 millones de pesos\u2026 y se fue.<\/p>\n\n\n\n<p>Desde entonces nom\u00e1s no la vemos llegar.<\/p>\n\n\n\n<p>Pero si Alem\u00e1n nos dej\u00f3 ese recuerdito, Fidel Herrera dej\u00f3 uno peor. M\u00e1s de 20 mil millones de pesos de deuda; una parte de ella producto de la bursatilizaci\u00f3n que dej\u00f3 a decenas de municipios en la vil inopia.<\/p>\n\n\n\n<p>Astuto, el nativo de Nopaltepec puso como su sucesor no al mejor aspirante, sino a su c\u00f3mplice en la hecatombe veracruzana para que le cubriera las espaldas. Y Javier Duarte result\u00f3 un buen c\u00f3mplice; jam\u00e1s denunci\u00f3 a Fidel porque sab\u00eda que si lo hac\u00eda \u00e9l tambi\u00e9n saldr\u00eda embarrado.<\/p>\n\n\n\n<p>Con Duarte la debacle financiera alcanz\u00f3 proporciones \u00e9picas y la deuda p\u00fablica casi se quintuplic\u00f3. Tras Duarte vino Miguel \u00c1ngel Yunes que durante su bienio no movi\u00f3 un dedo para disminuir la deuda y fortalecer las finanzas. Lo que s\u00ed hizo fue dejar las arcas m\u00e1s secas que un p\u00e1ramo.<\/p>\n\n\n\n<p>No quiero imaginar la cara que debi\u00f3 poner el titular de Finanzas, Jos\u00e9 Luis Lima Franco el 1 de diciembre del 2018, cuando al tomar posesi\u00f3n de su cargo le dijeron: \u201cSe\u00f1or secretario, con la novedad de que no hay nada en las arcas estatales, ni siquiera para pagar sueldos y aguinaldos. Bienvenido a la pesadilla\u201d.<\/p>\n\n\n\n<p>\u201cYo en su lugar hubiera corrido\u201d, me dijo hace poco un analista financiero. Pero Lima Franco no corri\u00f3; tom\u00f3 medidas que a la larga est\u00e1n resultando eficaces como recortar el presupuesto, es decir, hubo una contenci\u00f3n del gasto que permiti\u00f3 pagar deudas y al mismo tiempo evitar que el gasto corriente se elevara.<\/p>\n\n\n\n<p>Implement\u00f3 un plan de austeridad que ha resultado muy efectivo. Nada de que voy de Xalapa a Banderilla en helic\u00f3ptero nom\u00e1s porque soy secretario de tal dependencia. Nada de que necesito 19 asesores, 14 guaruras y media docena de camionetas nuevecitas, de preferencia blindadas. Eso fue parte de la contenci\u00f3n del gasto.<\/p>\n\n\n\n<p>Adem\u00e1s, dise\u00f1\u00f3 un esquema que ha hecho m\u00e1s eficiente la recaudaci\u00f3n y lo mejor, restructur\u00f3 la deuda al grado que los veracruzanos sentimos que ya podemos respirar.<\/p>\n\n\n\n<p>\u00bfA poco ya estamos en jauja? No. Lo que es un hecho de acuerdo con las calificadoras internacionales, es que desde el punto de vista financiero se est\u00e1n haciendo bien las cosas en Veracruz.<\/p>\n\n\n\n<p>Y van los n\u00fameros lector.<\/p>\n\n\n\n<p>El gobierno de Cuitl\u00e1huac Garc\u00eda recibi\u00f3 una deuda de 87 mil 207 millones de pesos en 2018, pero para el 2021 se redujo a 75 mil 176 millones de pesos. Es decir, la reducci\u00f3n es de un 13%, lo que no hab\u00eda sucedido en 30 a\u00f1os, desde 1992 en que Patricio Chirinos lleg\u00f3 a la gubernatura.<\/p>\n\n\n\n<p>A ver \u00bfen esa deuda van incluidos los 44 mil millones de pesos que dej\u00f3 Javier Duarte o son aparte? Excelente pregunta. En esos m\u00e1s de 87 mil mdp van incluidos los 44 mil millones de Javier y pasivos que suman alrededor de 9 mil millones de pesos.<\/p>\n\n\n\n<p>En realidad hoy tiene Veracruz las deudas que todo mundo conoce. Pero existe otra gran deuda registrada en las Cuentas de Orden a la que casi nadie presta atenci\u00f3n y que es de 21 mil millones de pesos. Y esa tambi\u00e9n cuenta.<\/p>\n\n\n\n<p>En diciembre del 2021 la Secretar\u00eda de Finanzas dio a conocer que en tres a\u00f1os Veracruz dej\u00f3 el fondo de las estimaciones financieras para convertirse en una entidad con balance estable, positivo y sostenible. Gracias a la correcta aplicaci\u00f3n de los recursos p\u00fablicos, disciplina y austeridad como pol\u00edtica de Estado.<\/p>\n\n\n\n<p>En su reporte del 17 de mayo de este a\u00f1o, la calificadora Moody\u00b4s anunci\u00f3 que Veracruz logr\u00f3 una calificaci\u00f3n de A-, y se consolid\u00f3 como el estado de la rep\u00fablica que m\u00e1s ha mejorado en los reportes de diversas calificadoras internacionales, escalando 9 calificaciones en tan solo 3 a\u00f1os, y retomando una calificaci\u00f3n que lo posiciona como una entidad con alta capacidad de repago.<\/p>\n\n\n\n<p>Y hay m\u00e1s. Veracruz ha estado durante ocho trimestres consecutivos en el sem\u00e1foro verde de la SHCP que marca las alertas financieras en las entidades. Est\u00e1 lejos del sem\u00e1foro amarillo (cuya calificaci\u00f3n es de regular) y a a\u00f1os luz del sem\u00e1foro rojo, de donde no sali\u00f3 en el gobierno de Duarte.<\/p>\n\n\n\n<p>Todo esto est\u00e1 bien y qu\u00e9 bueno, pero \u00bfqu\u00e9 sigue para Veracruz en el rengl\u00f3n financiero? Lo pregunto porque por 24 a\u00f1os (de Echeverr\u00eda a Salinas) invariablemente suced\u00edan crisis financieras de fin de sexenio y los grandes capitales sal\u00edan volando. Y como aqu\u00ed reci\u00e9n tuvimos pesadillas de ese tipo con Fidel y Javier pues\u2026<\/p>\n\n\n\n<p>Qu\u00e9 bueno que las finanzas est\u00e9n estables, que la recaudaci\u00f3n sea eficiente y que el plan de austeridad est\u00e9 funcionando, pero \u00bfde d\u00f3nde vendr\u00e1n los recursos para solventar los gastos del \u00faltimo tercio de este gobierno? \u00bfDe d\u00f3nde saldr\u00e1 el dinero para hacer calles, escuelas, hospitales, carreteras?<\/p>\n\n\n\n<p>La lana no cae del cielo.<\/p>\n\n\n\n<p>Por ah\u00ed se comenta que hay un plan para que Veracruz tenga acceso a recursos frescos sin necesidad de endeudarse m\u00e1s de la cuenta. Pero mientras no haya nada en concreto el comentario en eso se queda.<\/p>\n\n\n\n<p>Hasta hoy el trabajo de Jos\u00e9 Luis Lima Franco al frente de la Secretar\u00eda de Finanzas ha sido sin m\u00e1cula. Sus adversarios han querido confundir a la opini\u00f3n p\u00fablica con comentarios sin sustento que el joven funcionario ha desmentido con datos duros que no han tenido contra-r\u00e9plica.<\/p>\n\n\n\n<p>A\u00fan con esto la ciudadan\u00eda anda medio mosqueada porque \u201cte dicen que vamos bien y al final te dejan con una deuda impagable\u201d.<\/p>\n\n\n\n<p>De ah\u00ed que las preguntas sean: \u00bfQu\u00e9 va a pasar con las finanzas de Veracruz los pr\u00f3ximos 24 meses? \u00bfHabr\u00e1 crisis sexenal como ha ocurrido recientemente? O habr\u00e1 una sana solidez que al fin saque a la barca del atolladero.<\/p>\n\n\n\n<p>Lo \u00fanico cierto es que habr\u00e1 que esperar para ver.<\/p>\n\n\n\n<p>bernardogup@hotmail.com<\/p>\n","protected":false},"excerpt":{"rendered":"<p>Bernardo Guti\u00e9rrez Parra Desde el Caf\u00e9 Hasta 1998 Veracruz era un estado para presumir; hab\u00eda oportunidades de empleo, los servicios de Salud funcionaban, los \u00edndices delictivos estaban en su m\u00ednima expresi\u00f3n (de hecho fue la \u00faltima vez que estuvieron as\u00ed) y hab\u00eda finanzas p\u00fablicas sanas. \u201c\u00c9ramos felices y no lo sab\u00edamos\u201d, me lleg\u00f3 a comentar [&hellip;]<\/p>\n","protected":false},"author":2,"featured_media":0,"comment_status":"closed","ping_status":"closed","sticky":false,"template":"","format":"standard","meta":{"_jetpack_newsletter_access":"","_jetpack_dont_email_post_to_subs":false,"_jetpack_newsletter_tier_id":0,"_jetpack_memberships_contains_paywalled_content":false,"_jetpack_memberships_contains_paid_content":false,"footnotes":""},"categories":[70],"tags":[34206,1563,13713,1026,195],"class_list":["post-95200","post","type-post","status-publish","format-standard","hentry","category-de-opinion","tag-bernardo-gutierrez-parra","tag-cuitlahuac-garcia-jimenez","tag-jose-luis-lima-franco","tag-morena","tag-veracruz"],"jetpack_featured_media_url":"","jetpack_sharing_enabled":true,"jetpack_shortlink":"https:\/\/wp.me\/p4Qcd3-oLu","_links":{"self":[{"href":"https:\/\/lospoliticosveracruz.com.mx\/index.php?rest_route=\/wp\/v2\/posts\/95200","targetHints":{"allow":["GET"]}}],"collection":[{"href":"https:\/\/lospoliticosveracruz.com.mx\/index.php?rest_route=\/wp\/v2\/posts"}],"about":[{"href":"https:\/\/lospoliticosveracruz.com.mx\/index.php?rest_route=\/wp\/v2\/types\/post"}],"author":[{"embeddable":true,"href":"https:\/\/lospoliticosveracruz.com.mx\/index.php?rest_route=\/wp\/v2\/users\/2"}],"replies":[{"embeddable":true,"href":"https:\/\/lospoliticosveracruz.com.mx\/index.php?rest_route=%2Fwp%2Fv2%2Fcomments&post=95200"}],"version-history":[{"count":1,"href":"https:\/\/lospoliticosveracruz.com.mx\/index.php?rest_route=\/wp\/v2\/posts\/95200\/revisions"}],"predecessor-version":[{"id":95203,"href":"https:\/\/lospoliticosveracruz.com.mx\/index.php?rest_route=\/wp\/v2\/posts\/95200\/revisions\/95203"}],"wp:attachment":[{"href":"https:\/\/lospoliticosveracruz.com.mx\/index.php?rest_route=%2Fwp%2Fv2%2Fmedia&parent=95200"}],"wp:term":[{"taxonomy":"category","embeddable":true,"href":"https:\/\/lospoliticosveracruz.com.mx\/index.php?rest_route=%2Fwp%2Fv2%2Fcategories&post=95200"},{"taxonomy":"post_tag","embeddable":true,"href":"https:\/\/lospoliticosveracruz.com.mx\/index.php?rest_route=%2Fwp%2Fv2%2Ftags&post=95200"}],"curies":[{"name":"wp","href":"https:\/\/api.w.org\/{rel}","templated":true}]}}