{"id":95212,"date":"2022-09-09T08:35:27","date_gmt":"2022-09-09T13:35:27","guid":{"rendered":"https:\/\/lospoliticosveracruz.com.mx\/?p=95212"},"modified":"2022-09-09T08:35:36","modified_gmt":"2022-09-09T13:35:36","slug":"chavalcalde-y-conferencista","status":"publish","type":"post","link":"https:\/\/lospoliticosveracruz.com.mx\/?p=95212","title":{"rendered":"CHAVALCALDE Y CONFERENCISTA!"},"content":{"rendered":"\n<p><\/p>\n\n\n\n<p><strong>Karla M\u00e9ndez<br><\/strong>Xalapa, Ver.- Con tan solo 27 a\u00f1os de edad N\u00e9stor Sosa Pe\u00f1a se convirti\u00f3 en el alcalde m\u00e1s joven en el estado de Veracruz al encabezar la actual administraci\u00f3n de Chontla, por lo cual ofrecer\u00e1 una conferencia denominada \u00abDe las aulas al Servicio P\u00fablico\u00bb.<\/p>\n\n\n\n<p>La cita ser\u00e1 este lunes 12 de septiembre a las 9:00 horas en el Aula Magna de la Facultad de Derecho de la Universidad Veracruzana, escuela que lo vio formarse profesionalmente.<\/p>\n\n\n\n<p>Aunque a su llegada a la administraci\u00f3n municipal se encontr\u00f3 con varias irregularidades, en pocos meses trabaja para que Chontla tenga un mayor reconocimiento y sobretodo que en cada obra que se realice se tome en cuenta la opini\u00f3n de los lugare\u00f1os.<\/p>\n\n\n\n<p>El joven que lleg\u00f3 desde las filas del PRI en el estado, tambi\u00e9n se desempe\u00f1a en otras funciones como Vicepresidente del<br>Consejo Directivo de la Red Veracruzana de Municipios Saludables (RVMS); es<br>Representante Legal y Presidente del Comit\u00e9 Directivo Estatal de Compromiso con<br>Veracruz y secretario del Consejo Nacional de Alcaldes y Legisladores, del Consejo<br>Nacional de J\u00f3venes Pro M\u00e9xico A.C (CONAJOMX), entre otros.<\/p>\n\n\n\n<p>\u201cRegreso a m\u00ed facultad con mucho cari\u00f1o y orgullo, anhelo poder platicar con los<br>estudiantes para expresarles mi experiencia y que puedan comprender que el<br>servicio p\u00fablico no solo es estar sentado en un escritorio planeando, organizando y<br>revisando el correcto funcionamiento del ayuntamiento, es muy importante salir<br>todos los d\u00edas a recorrer el municipio y sus comunidades para escuchar las<br>necesidades de la gente y saber realmente qu\u00e9 se requiere para mejorar la calidad<br>de vida de los ciudadanos.\u00bb<\/p>\n\n\n\n<p>Cabe recordar, que el joven N\u00e9stor Sosa, desde que fue estudiante particip\u00f3 en diversas actividades en pro de la sociedad y sobretodo de los j\u00f3venes que est\u00e1n interesados en el servicio p\u00fablico y la pol\u00edtica.<\/p>\n","protected":false},"excerpt":{"rendered":"<p>Karla M\u00e9ndezXalapa, Ver.- Con tan solo 27 a\u00f1os de edad N\u00e9stor Sosa Pe\u00f1a se convirti\u00f3 en el alcalde m\u00e1s joven en el estado de Veracruz al encabezar la actual administraci\u00f3n de Chontla, por lo cual ofrecer\u00e1 una conferencia denominada \u00abDe las aulas al Servicio P\u00fablico\u00bb. La cita ser\u00e1 este lunes 12 de septiembre a las [&hellip;]<\/p>\n","protected":false},"author":2,"featured_media":0,"comment_status":"closed","ping_status":"closed","sticky":false,"template":"","format":"standard","meta":{"_jetpack_newsletter_access":"","_jetpack_dont_email_post_to_subs":false,"_jetpack_newsletter_tier_id":0,"_jetpack_memberships_contains_paywalled_content":false,"_jetpack_memberships_contains_paid_content":false,"footnotes":""},"categories":[6446],"tags":[12974,35093,30364],"class_list":["post-95212","post","type-post","status-publish","format-standard","hentry","category-la-nota","tag-chontla","tag-facultad-de-derecho-de-la-universidad-veracruzana","tag-nestor-sosa-pena"],"jetpack_featured_media_url":"","jetpack_sharing_enabled":true,"jetpack_shortlink":"https:\/\/wp.me\/p4Qcd3-oLG","_links":{"self":[{"href":"https:\/\/lospoliticosveracruz.com.mx\/index.php?rest_route=\/wp\/v2\/posts\/95212","targetHints":{"allow":["GET"]}}],"collection":[{"href":"https:\/\/lospoliticosveracruz.com.mx\/index.php?rest_route=\/wp\/v2\/posts"}],"about":[{"href":"https:\/\/lospoliticosveracruz.com.mx\/index.php?rest_route=\/wp\/v2\/types\/post"}],"author":[{"embeddable":true,"href":"https:\/\/lospoliticosveracruz.com.mx\/index.php?rest_route=\/wp\/v2\/users\/2"}],"replies":[{"embeddable":true,"href":"https:\/\/lospoliticosveracruz.com.mx\/index.php?rest_route=%2Fwp%2Fv2%2Fcomments&post=95212"}],"version-history":[{"count":1,"href":"https:\/\/lospoliticosveracruz.com.mx\/index.php?rest_route=\/wp\/v2\/posts\/95212\/revisions"}],"predecessor-version":[{"id":95214,"href":"https:\/\/lospoliticosveracruz.com.mx\/index.php?rest_route=\/wp\/v2\/posts\/95212\/revisions\/95214"}],"wp:attachment":[{"href":"https:\/\/lospoliticosveracruz.com.mx\/index.php?rest_route=%2Fwp%2Fv2%2Fmedia&parent=95212"}],"wp:term":[{"taxonomy":"category","embeddable":true,"href":"https:\/\/lospoliticosveracruz.com.mx\/index.php?rest_route=%2Fwp%2Fv2%2Fcategories&post=95212"},{"taxonomy":"post_tag","embeddable":true,"href":"https:\/\/lospoliticosveracruz.com.mx\/index.php?rest_route=%2Fwp%2Fv2%2Ftags&post=95212"}],"curies":[{"name":"wp","href":"https:\/\/api.w.org\/{rel}","templated":true}]}}