{"id":95215,"date":"2022-09-09T08:43:35","date_gmt":"2022-09-09T13:43:35","guid":{"rendered":"https:\/\/lospoliticosveracruz.com.mx\/?p=95215"},"modified":"2022-09-09T08:43:41","modified_gmt":"2022-09-09T13:43:41","slug":"la-percepcion-de-inseguridad-en-veracruz","status":"publish","type":"post","link":"https:\/\/lospoliticosveracruz.com.mx\/?p=95215","title":{"rendered":"LA PERCEPCI\u00d3N DE INSEGURIDAD EN VERACRUZ"},"content":{"rendered":"\n<p><\/p>\n\n\n\n<p><strong>Luis Alberto Romero<br><\/strong><em>Hora Cero<\/em><\/p>\n\n\n\n<p>El Instituto Nacional de Estad\u00edstica, Geograf\u00eda e Inform\u00e1tica dio a conocer los resultados de la Encuesta Nacional de Victimizaci\u00f3n y Percepci\u00f3n sobre Seguridad P\u00fablica.<\/p>\n\n\n\n<p>En t\u00e9rminos muy generales, destaca que durante 2021 hubo en el pa\u00eds poco m\u00e1s de 22 millones de v\u00edctimas de la delincuencia; es decir, 24 mil 207 v\u00edctimas por cada 100 mil habitantes.<\/p>\n\n\n<div class=\"wp-block-image\">\n<figure class=\"alignleft size-large is-resized\"><a href=\"https:\/\/lospoliticosveracruz.com.mx\/wp-content\/uploads\/2021\/10\/WhatsApp-Image-2021-10-02-at-15.20.25.jpeg\"><img loading=\"lazy\" decoding=\"async\" src=\"https:\/\/lospoliticosveracruz.com.mx\/wp-content\/uploads\/2021\/10\/WhatsApp-Image-2021-10-02-at-15.20.25-724x1024.jpeg\" alt=\"\" class=\"wp-image-80177\" width=\"362\" height=\"512\" srcset=\"https:\/\/lospoliticosveracruz.com.mx\/wp-content\/uploads\/2021\/10\/WhatsApp-Image-2021-10-02-at-15.20.25-724x1024.jpeg 724w, https:\/\/lospoliticosveracruz.com.mx\/wp-content\/uploads\/2021\/10\/WhatsApp-Image-2021-10-02-at-15.20.25-212x300.jpeg 212w, https:\/\/lospoliticosveracruz.com.mx\/wp-content\/uploads\/2021\/10\/WhatsApp-Image-2021-10-02-at-15.20.25-768x1086.jpeg 768w, https:\/\/lospoliticosveracruz.com.mx\/wp-content\/uploads\/2021\/10\/WhatsApp-Image-2021-10-02-at-15.20.25.jpeg 905w\" sizes=\"auto, (max-width: 362px) 100vw, 362px\" \/><\/a><\/figure><\/div>\n\n\n<p>El 29 por ciento de los hogares mexicanos tuvo al menos una v\u00edctima del delito, lo que implica un incremento en la incidencia, con relaci\u00f3n al a\u00f1o anterior.<\/p>\n\n\n\n<p>M\u00e1s todav\u00eda: de acuerdo con dicho estudio, hubo en M\u00e9xico durante 2021, 30 mil 786 delitos por cada 100 mil habitantes.<\/p>\n\n\n\n<p>Adem\u00e1s, la cifra negra \u2013delitos no denunciados\u2013 se ubic\u00f3 en 93.2 por ciento. La gente no acude a las instancias de procuraci\u00f3n de justicia por considerar que es una p\u00e9rdida de tiempo o por desconfianza en la autoridad.<\/p>\n\n\n\n<p>La percepci\u00f3n de inseguridad \u2013poblaci\u00f3n de m\u00e1s de 18 a\u00f1os que percibe inseguridad en su entidad\u2013 fue de 75.9; en pocas palabras, 3 de cada 4 mexicanos considera que vivir en su estado o en su ciudad es inseguro. Ese indicador, por cierto, se dispara cuando se analiza s\u00f3lo a las mujeres, pues casi 8 de cada 10 de ellas percibe problemas de inseguridad.<\/p>\n\n\n\n<p>En seis estados del pa\u00eds aument\u00f3 la tasa de v\u00edctimas del delito; no es el caso de Veracruz, donde se mantuvo pr\u00e1cticamente igual que en 2020, 7.2 por ciento, aunque la fuente aclara que ello se debe al margen de error de la encuesta.<\/p>\n\n\n\n<p>S\u00f3lo cuatro estados tuvieron una baja en la incidencia delictiva: Campeche, Hidalgo, Michoac\u00e1n y Sonora.<\/p>\n\n\n\n<p>En t\u00e9rminos de delitos por cada 100 mil habitantes, Veracruz no present\u00f3 buenos n\u00fameros, dado que en 2020, la tasa se ubic\u00f3 en 18 mil 778; en tanto que en 2021 aument\u00f3 a 19 mil 545; en un a\u00f1o, el incremento en las cifras de la incidencia delictiva fue de 4.1 por ciento.<\/p>\n\n\n\n<p>En la entidad veracruzana, seg\u00fan el INEGI, el delito m\u00e1s com\u00fan fue el robo o asalto en la calle o en el transporte p\u00fablico.<\/p>\n\n\n\n<p>Para efectos de Veracruz, el dato m\u00e1s importante consignado por la encuesta del INEGI se relaciona con el hecho de que el 80.2 por ciento de los habitantes de la entidad considera que vivir en ella es inseguro.<\/p>\n\n\n\n<p>Ese indicador ubica a Veracruz entre los estados en los que la poblaci\u00f3n se siente m\u00e1s insegura; otras entidades en esa lista son Sonora, Zacatecas, Guanajuato, Jalisco, Michoac\u00e1n, Guerrero, Ciudad de M\u00e9xico, Estado de M\u00e9xico, Colima, Morelos y Tabasco.<\/p>\n\n\n\n<p>Sin embargo, s\u00f3lo Zacatecas, Estado de M\u00e9xico, Ciudad de M\u00e9xico, Morelos y Tabasco superan la percepci\u00f3n de inseguridad que se registra en Veracruz.<\/p>\n\n\n\n<p>Otro dato: \u00fanicamente 4 de cada 10 veracruzanos considera seguro caminar sin compa\u00f1\u00eda por la noche en los alrededores de su vivienda.<\/p>\n\n\n\n<p>El punto es que a pesar de que las estad\u00edsticas oficiales y las carpetas de investigaci\u00f3n integradas en la fiscal\u00eda veracruzana consignan un avance en materia de incidencia delictiva, en las calles la gente sigue percibiendo un fuerte problema de inseguridad, como lo revela la encuesta de INEGI. @luisromero85<\/p>\n","protected":false},"excerpt":{"rendered":"<p>Luis Alberto RomeroHora Cero El Instituto Nacional de Estad\u00edstica, Geograf\u00eda e Inform\u00e1tica dio a conocer los resultados de la Encuesta Nacional de Victimizaci\u00f3n y Percepci\u00f3n sobre Seguridad P\u00fablica. En t\u00e9rminos muy generales, destaca que durante 2021 hubo en el pa\u00eds poco m\u00e1s de 22 millones de v\u00edctimas de la delincuencia; es decir, 24 mil 207 [&hellip;]<\/p>\n","protected":false},"author":2,"featured_media":0,"comment_status":"closed","ping_status":"closed","sticky":false,"template":"","format":"standard","meta":{"_jetpack_newsletter_access":"","_jetpack_dont_email_post_to_subs":false,"_jetpack_newsletter_tier_id":0,"_jetpack_memberships_contains_paywalled_content":false,"_jetpack_memberships_contains_paid_content":false,"footnotes":""},"categories":[70],"tags":[2669,177],"class_list":["post-95215","post","type-post","status-publish","format-standard","hentry","category-de-opinion","tag-luis-alberto-romero","tag-seguridad-publica"],"jetpack_featured_media_url":"","jetpack_sharing_enabled":true,"jetpack_shortlink":"https:\/\/wp.me\/p4Qcd3-oLJ","_links":{"self":[{"href":"https:\/\/lospoliticosveracruz.com.mx\/index.php?rest_route=\/wp\/v2\/posts\/95215","targetHints":{"allow":["GET"]}}],"collection":[{"href":"https:\/\/lospoliticosveracruz.com.mx\/index.php?rest_route=\/wp\/v2\/posts"}],"about":[{"href":"https:\/\/lospoliticosveracruz.com.mx\/index.php?rest_route=\/wp\/v2\/types\/post"}],"author":[{"embeddable":true,"href":"https:\/\/lospoliticosveracruz.com.mx\/index.php?rest_route=\/wp\/v2\/users\/2"}],"replies":[{"embeddable":true,"href":"https:\/\/lospoliticosveracruz.com.mx\/index.php?rest_route=%2Fwp%2Fv2%2Fcomments&post=95215"}],"version-history":[{"count":1,"href":"https:\/\/lospoliticosveracruz.com.mx\/index.php?rest_route=\/wp\/v2\/posts\/95215\/revisions"}],"predecessor-version":[{"id":95216,"href":"https:\/\/lospoliticosveracruz.com.mx\/index.php?rest_route=\/wp\/v2\/posts\/95215\/revisions\/95216"}],"wp:attachment":[{"href":"https:\/\/lospoliticosveracruz.com.mx\/index.php?rest_route=%2Fwp%2Fv2%2Fmedia&parent=95215"}],"wp:term":[{"taxonomy":"category","embeddable":true,"href":"https:\/\/lospoliticosveracruz.com.mx\/index.php?rest_route=%2Fwp%2Fv2%2Fcategories&post=95215"},{"taxonomy":"post_tag","embeddable":true,"href":"https:\/\/lospoliticosveracruz.com.mx\/index.php?rest_route=%2Fwp%2Fv2%2Ftags&post=95215"}],"curies":[{"name":"wp","href":"https:\/\/api.w.org\/{rel}","templated":true}]}}