{"id":95217,"date":"2022-09-09T08:51:13","date_gmt":"2022-09-09T13:51:13","guid":{"rendered":"https:\/\/lospoliticosveracruz.com.mx\/?p=95217"},"modified":"2022-09-09T08:51:18","modified_gmt":"2022-09-09T13:51:18","slug":"macaneos-presidenciales","status":"publish","type":"post","link":"https:\/\/lospoliticosveracruz.com.mx\/?p=95217","title":{"rendered":"MACANEOS PRESIDENCIALES"},"content":{"rendered":"\n<p><strong>Felipe de Jes\u00fas Fern\u00e1ndez Basilio<br><\/strong><em>Desde a Janela<\/em><\/p>\n\n\n\n<p><em><br><\/em>Cuando L\u00f3pez Obrador dice que va a macanear pareciera que dice una m\u00e1s de sus frivolidades, sin embargo, quiz\u00e1 sea la \u00fanica verdad que ha dicho, al menos desde que se dedica a la pol\u00edtica y es que, resulta que en el sur de Am\u00e9rica el verbo \u201cmacanear\u201d es sin\u00f3nimo de enga\u00f1ar o de mentir y precisamente al decir que va a macanear, el presidente de M\u00e9xico describe su conducta habitual: enga\u00f1ar a los mexicanos.<\/p>\n\n\n<div class=\"wp-block-image\">\n<figure class=\"alignleft size-full is-resized\"><a href=\"https:\/\/lospoliticosveracruz.com.mx\/wp-content\/uploads\/2021\/10\/Zacauilt.jpg\"><img loading=\"lazy\" decoding=\"async\" src=\"https:\/\/lospoliticosveracruz.com.mx\/wp-content\/uploads\/2021\/10\/Zacauilt.jpg\" alt=\"\" class=\"wp-image-80558\" width=\"175\" height=\"350\"\/><\/a><\/figure><\/div>\n\n\n<p><br>Mentiras ha dicho muchas, cada serm\u00f3n matinal est\u00e1 lleno de ellas, pero ahora un par de esas mentiras son las que se encuentran en el centro del debate nacional.<br>Una de ellas es que dice el macanero de Palacio que la \u00fanica opci\u00f3n para que haya seguridad en el pa\u00eds es indispensable que la Guardia Nacional sea parte del Ej\u00e9rcito, ya que este es la \u00fanica instituci\u00f3n incorruptible del pa\u00eds y por lo mismo es la \u00fanica que puede realmente hacer frente al crimen organizado; macana que es insostenible desde diversos \u00e1ngulos.<br>Por una parte, no es cierto que el Ej\u00e9rcito sea incorruptible, tan es as\u00ed que hay muchos militares enjuiciados y condenados desde hace a\u00f1os y otros con muchas dudas sobre su actuaci\u00f3n como el Gral. Cienfuegos, por otra, es absolutamente falso que los militares est\u00e9n capacitados para combatir el crimen, puesto que no est\u00e1n dise\u00f1ados para eso y por \u00faltimo, la mentira se hace m\u00e1s insostenible cuando la orden que tienen todas las corporaciones de seguridad nacional es la de NO ATACAR por ning\u00fan motivo a quienes delinquen.<br>Para tener un buen ejemplo de ello no es necesario llegar hasta el tr\u00e1fico de estupefacientes, basta s\u00f3lo con ver cuantos negocios cierran o encarecen sus productos debido al pago de cuotas a extorsionadores y los ataques armados que total impunidad han sufrido cuando se han negado a realizar esos pagos ilegales.<br>Otra cosa que el macaneador matutino ha dicho con mucha enjundia es que la prisi\u00f3n preventiva oficiosa debe de mantenerse a toda costa, porque de lo contrario muchos delincuentes saldr\u00edan libres y todav\u00eda va m\u00e1s all\u00e1 cuando dice que la aplicaci\u00f3n de la prisi\u00f3n preventiva no puede quedar al libre arbitrio de los jueces, porque es exponerlos a la corrupci\u00f3n.<br>Mas todas esas afirmaciones son mentirosas o macaneras, ya que para empezar la prisi\u00f3n preventiva en su mismo nombre lleva su raz\u00f3n de ser, que es prevenir alg\u00fan riesgo de fuga, alg\u00fan ataque a las v\u00edctimas o testigos o la alteraci\u00f3n de pruebas; sin embargo, solamente se debe de aplicar en el caso de que ninguna otra medida cautelar sea eficaz.<br>Aunado a lo anterior, esa modalidad de prisi\u00f3n se aplica antes y durante el juicio, lo que quiere decir que no se est\u00e1 encarcelando a un delincuente, ya que no existe una sentencia firme que establezca que el encarcelado lo sea y para colmo; resulta que, como sucede con la Guardia Nacional militar, si no existe siquiera la intenci\u00f3n de investigar y procesar a los que secuestran, extorsionan y asesinan de manera sistem\u00e1tica a los mexicanos, resulta insostenible la existencia de la prisi\u00f3n preventiva oficiosa.<br>Y el enga\u00f1o m\u00e1s grande que el Sr. Macanero de todos los mexicanos profiere en este tema, es afirmar que los jueces no deben de tener la facultad de valorar cuando realmente es necesaria la prisi\u00f3n preventiva, ya que entonces la facultad se la concede a las fiscal\u00edas; lo cual va contra todos los principios de impartici\u00f3n de justicia, ya que debe de ser el juzgador el que de manera fundada, motivada e imparcial decida sobre la afectaci\u00f3n de la libertad de cualquier persona sometida a su potestad y por ning\u00fan motivo debe de quedar en manos del acusador, ya que al ser as\u00ed, basta con una simple acusaci\u00f3n para poner a cualquier persona en la c\u00e1rcel por una buena temporada.<br>De seguir como estamos, de muy poco habr\u00e1 servido el cambio del sistema penal, ya que uno de los pilares del sistema acusatorio adversarial es que el juez sea el actor central en todo juicio y no el \u00f3rgano acusador, como lo era en el inquisitorio.<br>Ahora bien, todas esas mentiras se engloban en otra mayor y mucho m\u00e1s perversa y esa viene de la misma paranoia del macanero, quien s\u00f3lo es consciente de una sola verdad y esa es que el paso del tiempo le va restando poder, incluso sobre sus mismos partidarios (muestras hay en el senado, en algunos estados como Puebla o incluso en las bases de su partido) y por ello busca incrementar su poder pol\u00edtico fortaleciendo a como d\u00e9 lugar las capacidades represivas del Estado, porque eso de combatir al crimen es un embuste.<br>Sin embargo y aunque la oposici\u00f3n pol\u00edtica no logre quitar a su gente de la presidencia, L\u00f3pez Obrador el primero de octubre de 2024 no va a conservar nada del poder que ahora detenta y eso es lo que m\u00e1s le debe de atormentar; porque ya sin poder, todo lo que ha macaneado se le puede revertir y no debe de extra\u00f1ar que hasta alguien tan d\u00f3cil y sumisa como Sheinbaum, en su momento lo ponga en su lugar.<br>Por ese temor, es que el gran enga\u00f1o del macaneador que dice ahora gobernar M\u00e9xico, consiste en rodearse de militares y apuntalar la funci\u00f3n punitiva del Estado, ya que debe de estar coqueteando con alguna idea golpista; ya que, si por \u00e9l fuera, ni a su sombra le entregar\u00eda la banda presidencial.<br>Depender\u00e1 tanto de la sociedad como de los actores pol\u00edticos o militares el que se frustre esa idea que debe de estar muy arraigada en la mente del todav\u00eda presidente de la rep\u00fablica y as\u00ed hacer que ahora el macaneado sea \u00e9l.<br>felfebas@gmail.com<br>Twitter: @FelipeFBasilio<\/p>\n","protected":false},"excerpt":{"rendered":"<p>Felipe de Jes\u00fas Fern\u00e1ndez BasilioDesde a Janela Cuando L\u00f3pez Obrador dice que va a macanear pareciera que dice una m\u00e1s de sus frivolidades, sin embargo, quiz\u00e1 sea la \u00fanica verdad que ha dicho, al menos desde que se dedica a la pol\u00edtica y es que, resulta que en el sur de Am\u00e9rica el verbo \u201cmacanear\u201d [&hellip;]<\/p>\n","protected":false},"author":2,"featured_media":0,"comment_status":"closed","ping_status":"closed","sticky":false,"template":"","format":"standard","meta":{"_jetpack_newsletter_access":"","_jetpack_dont_email_post_to_subs":false,"_jetpack_newsletter_tier_id":0,"_jetpack_memberships_contains_paywalled_content":false,"_jetpack_memberships_contains_paid_content":false,"footnotes":""},"categories":[70],"tags":[618,12710,13512,1026,35097],"class_list":["post-95217","post","type-post","status-publish","format-standard","hentry","category-de-opinion","tag-andres-manuel-lopez-obrador","tag-felipe-de-jesus-fernandez-basilio","tag-guardia-nacional","tag-morena","tag-sheinbaum"],"jetpack_featured_media_url":"","jetpack_sharing_enabled":true,"jetpack_shortlink":"https:\/\/wp.me\/p4Qcd3-oLL","_links":{"self":[{"href":"https:\/\/lospoliticosveracruz.com.mx\/index.php?rest_route=\/wp\/v2\/posts\/95217","targetHints":{"allow":["GET"]}}],"collection":[{"href":"https:\/\/lospoliticosveracruz.com.mx\/index.php?rest_route=\/wp\/v2\/posts"}],"about":[{"href":"https:\/\/lospoliticosveracruz.com.mx\/index.php?rest_route=\/wp\/v2\/types\/post"}],"author":[{"embeddable":true,"href":"https:\/\/lospoliticosveracruz.com.mx\/index.php?rest_route=\/wp\/v2\/users\/2"}],"replies":[{"embeddable":true,"href":"https:\/\/lospoliticosveracruz.com.mx\/index.php?rest_route=%2Fwp%2Fv2%2Fcomments&post=95217"}],"version-history":[{"count":1,"href":"https:\/\/lospoliticosveracruz.com.mx\/index.php?rest_route=\/wp\/v2\/posts\/95217\/revisions"}],"predecessor-version":[{"id":95218,"href":"https:\/\/lospoliticosveracruz.com.mx\/index.php?rest_route=\/wp\/v2\/posts\/95217\/revisions\/95218"}],"wp:attachment":[{"href":"https:\/\/lospoliticosveracruz.com.mx\/index.php?rest_route=%2Fwp%2Fv2%2Fmedia&parent=95217"}],"wp:term":[{"taxonomy":"category","embeddable":true,"href":"https:\/\/lospoliticosveracruz.com.mx\/index.php?rest_route=%2Fwp%2Fv2%2Fcategories&post=95217"},{"taxonomy":"post_tag","embeddable":true,"href":"https:\/\/lospoliticosveracruz.com.mx\/index.php?rest_route=%2Fwp%2Fv2%2Ftags&post=95217"}],"curies":[{"name":"wp","href":"https:\/\/api.w.org\/{rel}","templated":true}]}}